{"id":17957,"date":"2024-07-04T19:49:12","date_gmt":"2024-07-04T18:49:12","guid":{"rendered":"https:\/\/www.islabonitalovefestival.es\/2024\/07\/04\/la-agenda-social-del-love-festival-pone-el-foco-en-la-defensa-de-los-derechos-de-los-colectivos-lgtbiq\/"},"modified":"2024-07-23T12:18:20","modified_gmt":"2024-07-23T11:18:20","slug":"die-soziale-agenda-des-love-festivals-konzentriert-sich-auf-die-verteidigung-der-rechte-von-lgtbiq","status":"publish","type":"post","link":"https:\/\/www.islabonitalovefestival.es\/de\/2024\/07\/04\/die-soziale-agenda-des-love-festivals-konzentriert-sich-auf-die-verteidigung-der-rechte-von-lgtbiq\/","title":{"rendered":"Die soziale Agenda des Love Festivals konzentriert sich auf die Verteidigung der Rechte von LGTBIQ+"},"content":{"rendered":"\t\t<div data-elementor-type=\"wp-post\" data-elementor-id=\"17957\" class=\"elementor elementor-17957\" data-elementor-post-type=\"post\">\n\t\t\t\t\t\t<section data-particle_enable=\"false\" data-particle-mobile-disabled=\"false\" class=\"elementor-section elementor-top-section elementor-element elementor-element-5d4592ee elementor-section-boxed elementor-section-height-default elementor-section-height-default\" data-id=\"5d4592ee\" data-element_type=\"section\" data-e-type=\"section\">\n\t\t\t\t\t\t<div class=\"elementor-container elementor-column-gap-default\">\n\t\t\t\t\t<div class=\"elementor-column elementor-col-100 elementor-top-column elementor-element elementor-element-329aa00\" data-id=\"329aa00\" data-element_type=\"column\" data-e-type=\"column\">\n\t\t\t<div class=\"elementor-widget-wrap elementor-element-populated\">\n\t\t\t\t\t\t<div class=\"elementor-element elementor-element-cf78c36 elementor-widget elementor-widget-text-editor\" data-id=\"cf78c36\" data-element_type=\"widget\" data-e-type=\"widget\" data-widget_type=\"text-editor.default\">\n\t\t\t\t<div class=\"elementor-widget-container\">\n\t\t\t\t\t\t\t\t\t<p>Das Cabildo de La Palma konzentriert sich \u00fcber das \u00f6ffentliche Unternehmen Sodepal auf die Verteidigung der Rechte von LGTBIQ+ Gruppen w\u00e4hrend der Feierlichkeiten zur Sozialen Agenda des Isla Bonita Love Festivals.<\/p><p>Der Pr\u00e4sident des Cabildo, Sergio Rodr\u00edguez, betonte bei der Vorstellung der Agenda, dass das Isla Bonita Love Festival, das vom 23. bis 27. Juli stattfindet, ein Projekt ist, das weit \u00fcber Musik und Kultur hinausgeht, &#8222;und das zeigt sich in der wichtigen sozialen Agenda, die diese Veranstaltung entwickelt, und den Werten, die sie vermittelt&#8220;.<\/p><p>Sergio Rodr\u00edguez unterstreicht die Achtung der Vielfalt und die Verteidigung der Freiheit, damit alle Menschen so sein k\u00f6nnen, wie sie wollen, und ohne Etikettierung lieben k\u00f6nnen, etwas, das, wie er sagte, &#8222;in der heutigen Zeit noch wichtiger ist, und seine Verteidigung ist eine Verpflichtung dieser Gruppe, die das Cabildo regiert&#8220;.<br \/>Dar\u00fcber hinaus betonte der Inselpr\u00e4sident, wie wichtig es ist, die Realit\u00e4t, mit der die Menschen in der Gruppe konfrontiert sind, weiterhin auf den Tisch zu bringen &#8222;und die wichtige Rolle, die wir als Verwaltungen spielen m\u00fcssen, um R\u00e4ume zu schaffen, um diese Situationen anzugehen und die treibende Kraft f\u00fcr den sozialen Wandel zu sein, der in seinem Paradigma die Gesellschaft einschlie\u00dft, die alle Menschen suchen&#8220;.<\/p><p>Sergio Rodr\u00edguez erinnerte daran, dass die Beteiligung von Verb\u00e4nden wie Violetas La Palma, Diversas, Gama, L\u00e1nzate, Altyli und FELGT f\u00fcr die Entwicklung dieses sozialen Ereignisses von wesentlicher Bedeutung war.<\/p><p>Die Gesch\u00e4ftsf\u00fchrerin von Sodepal, Miriam Perestelo, betonte, dass dieses Festival als Plattform f\u00fcr die Forderung nach gleichen Rechten f\u00fcr das LGTBI+-Kollektiv dient und zu einem Symbol des Kampfes und Aktivismus auf den Kanarischen Inseln wird, das andere inspiriert, ihre Rechte zu verteidigen und die Realit\u00e4t sichtbar zu machen.<br \/>Miriam Perestelo wies darauf hin, dass die Sozialagenda einen Begegnungs- und Unterst\u00fctzungsraum f\u00fcr LGTBI+ Menschen von allen Inseln bietet, der es ihnen erm\u00f6glicht, sich zu vernetzen, Erfahrungen auszutauschen und Gemeinschaft zu schaffen.<\/p>\t\t\t\t\t\t\t\t<\/div>\n\t\t\t\t<\/div>\n\t\t\t\t<div class=\"elementor-element elementor-element-853dde9 elementor-widget elementor-widget-image\" data-id=\"853dde9\" data-element_type=\"widget\" data-e-type=\"widget\" data-widget_type=\"image.default\">\n\t\t\t\t<div class=\"elementor-widget-container\">\n\t\t\t\t\t\t\t\t\t\t\t\t\t\t\t\t<a href=\"https:\/\/www.islabonitalovefestival.es\/wp-content\/uploads\/2024\/07\/Agenda-Social-Love-Festival-2.jpg\" data-elementor-open-lightbox=\"yes\" data-elementor-lightbox-title=\"Agenda-Social-Love-Festival-2\" data-e-action-hash=\"#elementor-action%3Aaction%3Dlightbox%26settings%3DeyJpZCI6MTc4ODksInVybCI6Imh0dHBzOlwvXC93d3cuaXNsYWJvbml0YWxvdmVmZXN0aXZhbC5lc1wvd3AtY29udGVudFwvdXBsb2Fkc1wvMjAyNFwvMDdcL0FnZW5kYS1Tb2NpYWwtTG92ZS1GZXN0aXZhbC0yLndlYnAifQ%3D%3D\">\n\t\t\t\t\t\t\t<img fetchpriority=\"high\" decoding=\"async\" width=\"900\" height=\"675\" src=\"https:\/\/www.islabonitalovefestival.es\/wp-content\/uploads\/2024\/07\/Agenda-Social-Love-Festival-2.webp\" class=\"attachment-large size-large wp-image-17889\" alt=\"\" srcset=\"https:\/\/www.islabonitalovefestival.es\/wp-content\/uploads\/2024\/07\/Agenda-Social-Love-Festival-2.webp 900w, https:\/\/www.islabonitalovefestival.es\/wp-content\/uploads\/2024\/07\/Agenda-Social-Love-Festival-2-300x225.webp 300w, https:\/\/www.islabonitalovefestival.es\/wp-content\/uploads\/2024\/07\/Agenda-Social-Love-Festival-2-768x576.webp 768w\" sizes=\"(max-width: 900px) 100vw, 900px\" \/>\t\t\t\t\t\t\t\t<\/a>\n\t\t\t\t\t\t\t\t\t\t\t\t\t\t\t<\/div>\n\t\t\t\t<\/div>\n\t\t\t\t<div class=\"elementor-element elementor-element-edd2c89 elementor-widget elementor-widget-text-editor\" data-id=\"edd2c89\" data-element_type=\"widget\" data-e-type=\"widget\" data-widget_type=\"text-editor.default\">\n\t\t\t\t<div class=\"elementor-widget-container\">\n\t\t\t\t\t\t\t\t\t<p>Die Anwesenheit von Vertretern des Kollektivs wie Bob Pop, Carla Antonelli und Tazarte bei einem literarischen Treffen oder Az\u00facar Moreno, Laura Terciado oder Topacio Fresh verleihen diesen Sensibilisierungsr\u00e4umen Sichtbarkeit. Miriam Perestelo sagte auch, dass es R\u00e4ume f\u00fcr den Austausch rund um die Gastronomie und andere, um die Realit\u00e4ten der Inseln, die Pr\u00e4vention von Hassverbrechen gegen die Gruppe, die politische und soziale Konvention und Debatte \u00fcber die Herausforderungen der Gerechtigkeit in Bezug auf die Gleichheit zu diskutieren.<\/p><p>Die Stadtr\u00e4tin wies auch darauf hin, dass das vorbereitete Programm im Kern die Verteidigung der Rechte des Kollektivs sowie die Schaffung eines Raums f\u00fcr die wirtschaftliche Entwicklung vorsieht.<\/p><p>Die Stadtr\u00e4tin f\u00fcr Soziales und Gleichstellung von Los Llanos de Ariane, Idaira P\u00e9rez, lobte die Veranstaltungsreihe, die &#8222;uns in den Mittelpunkt der Debatte \u00fcber die LGTBIQ+-Realit\u00e4t stellt&#8220; und betonte, dass die Veranstaltung eine umfassende Verteidigung der Rechte aller Menschen sei, unabh\u00e4ngig von ihrer sexuellen Orientierung oder Geschlechtsidentit\u00e4t, &#8222;ohne darauf zu achten, woher man kommt oder wohin man geht&#8220;.<\/p><p>Lilith Perestelo, Leiterin des Veilchen-Kollektivs, hob ihrerseits die Unterst\u00fctzung der Institutionen bei der Entwicklung dieser Veranstaltung hervor, die den Wert einer sozialen Woche unterstreicht, die den verschiedenen Familien und den Bed\u00fcrfnissen der Gruppen Sichtbarkeit verleiht.<\/p>\t\t\t\t\t\t\t\t<\/div>\n\t\t\t\t<\/div>\n\t\t\t\t<div class=\"elementor-element elementor-element-380c5ff elementor-button-success elementor-align-center elementor-widget elementor-widget-button\" data-id=\"380c5ff\" data-element_type=\"widget\" data-e-type=\"widget\" data-widget_type=\"button.default\">\n\t\t\t\t<div class=\"elementor-widget-container\">\n\t\t\t\t\t\t\t\t\t<div class=\"elementor-button-wrapper\">\n\t\t\t\t\t<a class=\"elementor-button elementor-button-link elementor-size-sm elementor-animation-shrink\" href=\"https:\/\/www.islabonitalovefestival.es\/de\/sozialpolitische-agenda\/\">\n\t\t\t\t\t\t<span class=\"elementor-button-content-wrapper\">\n\t\t\t\t\t\t<span class=\"elementor-button-icon\">\n\t\t\t\t<i aria-hidden=\"true\" class=\"far fa-calendar-alt\"><\/i>\t\t\t<\/span>\n\t\t\t\t\t\t\t\t\t<span class=\"elementor-button-text\">Soziale Agenda anzeigen<\/span>\n\t\t\t\t\t<\/span>\n\t\t\t\t\t<\/a>\n\t\t\t\t<\/div>\n\t\t\t\t\t\t\t\t<\/div>\n\t\t\t\t<\/div>\n\t\t\t\t\t<\/div>\n\t\t<\/div>\n\t\t\t\t\t<\/div>\n\t\t<\/section>\n\t\t\t\t<\/div>\n\t\t","protected":false},"excerpt":{"rendered":"<p>Das Cabildo de La Palma konzentriert sich \u00fcber das \u00f6ffentliche Unternehmen Sodepal auf die Verteidigung der Rechte von LGTBIQ+ Gruppen w\u00e4hrend der Feierlichkeiten zur Sozialen Agenda des Isla Bonita Love Festivals. Der Pr\u00e4sident des Cabildo, Sergio Rodr\u00edguez, betonte bei der Vorstellung der Agenda, dass das Isla Bonita Love Festival, das vom 23. bis 27. Juli &#8230; <a title=\"Die soziale Agenda des Love Festivals konzentriert sich auf die Verteidigung der Rechte von LGTBIQ+\" class=\"read-more\" href=\"https:\/\/www.islabonitalovefestival.es\/de\/2024\/07\/04\/die-soziale-agenda-des-love-festivals-konzentriert-sich-auf-die-verteidigung-der-rechte-von-lgtbiq\/\" aria-label=\"Mehr Informationen \u00fcber Die soziale Agenda des Love Festivals konzentriert sich auf die Verteidigung der Rechte von LGTBIQ+\">Weiterlesen<\/a><\/p>\n","protected":false},"author":1,"featured_media":17888,"comment_status":"closed","ping_status":"closed","sticky":false,"template":"","format":"standard","meta":{"footnotes":""},"categories":[234],"tags":[],"class_list":["post-17957","post","type-post","status-publish","format-standard","has-post-thumbnail","hentry","category-nachrichten"],"yoast_head":"<!-- This site is optimized with the Yoast SEO Premium plugin v22.0 (Yoast SEO v27.0) - https:\/\/yoast.com\/product\/yoast-seo-premium-wordpress\/ -->\n<title>Die soziale Agenda des Love Festivals konzentriert sich auf die Verteidigung der Rechte von LGTBIQ+ - Isla Bonita Love Festival<\/title>\n<meta name=\"robots\" content=\"noindex, follow\" \/>\n<meta property=\"og:locale\" content=\"de_DE\" \/>\n<meta property=\"og:type\" content=\"article\" \/>\n<meta property=\"og:title\" content=\"Die soziale Agenda des Love Festivals konzentriert sich auf die Verteidigung der Rechte von LGTBIQ+\" \/>\n<meta property=\"og:description\" content=\"Das Cabildo de La Palma konzentriert sich \u00fcber das \u00f6ffentliche Unternehmen Sodepal auf die Verteidigung der Rechte von LGTBIQ+ Gruppen w\u00e4hrend der Feierlichkeiten zur Sozialen Agenda des Isla Bonita Love Festivals. Der Pr\u00e4sident des Cabildo, Sergio Rodr\u00edguez, betonte bei der Vorstellung der Agenda, dass das Isla Bonita Love Festival, das vom 23. bis 27. Juli ... Weiterlesen\" \/>\n<meta property=\"og:url\" content=\"https:\/\/www.islabonitalovefestival.es\/de\/2024\/07\/04\/die-soziale-agenda-des-love-festivals-konzentriert-sich-auf-die-verteidigung-der-rechte-von-lgtbiq\/\" \/>\n<meta property=\"og:site_name\" content=\"Isla Bonita Love Festival\" \/>\n<meta property=\"article:publisher\" content=\"https:\/\/www.facebook.com\/islabonitalovefestival\/\" \/>\n<meta property=\"article:published_time\" content=\"2024-07-04T18:49:12+00:00\" \/>\n<meta property=\"article:modified_time\" content=\"2024-07-23T11:18:20+00:00\" \/>\n<meta property=\"og:image\" content=\"https:\/\/www.islabonitalovefestival.es\/wp-content\/uploads\/2024\/07\/PresentaciOn-Agenda-Social-Love-Festival.webp\" \/>\n\t<meta property=\"og:image:width\" content=\"900\" \/>\n\t<meta property=\"og:image:height\" content=\"675\" \/>\n\t<meta property=\"og:image:type\" content=\"image\/jpeg\" \/>\n<meta name=\"author\" content=\"admin\" \/>\n<meta name=\"twitter:card\" content=\"summary_large_image\" \/>\n<meta name=\"twitter:creator\" content=\"@IslaBonitaLoveF\" \/>\n<meta name=\"twitter:site\" content=\"@IslaBonitaLoveF\" \/>\n<script type=\"application\/ld+json\" class=\"yoast-schema-graph\">{\"@context\":\"https:\/\/schema.org\",\"@graph\":[{\"@type\":\"Article\",\"@id\":\"https:\/\/www.islabonitalovefestival.es\/de\/2024\/07\/04\/die-soziale-agenda-des-love-festivals-konzentriert-sich-auf-die-verteidigung-der-rechte-von-lgtbiq\/#article\",\"isPartOf\":{\"@id\":\"https:\/\/www.islabonitalovefestival.es\/de\/2024\/07\/04\/die-soziale-agenda-des-love-festivals-konzentriert-sich-auf-die-verteidigung-der-rechte-von-lgtbiq\/\"},\"author\":{\"name\":\"admin\",\"@id\":\"https:\/\/www.islabonitalovefestival.es\/#\/schema\/person\/e8c1725efa520a7107e2625e272fb763\"},\"headline\":\"Die soziale Agenda des Love Festivals konzentriert sich auf die Verteidigung der Rechte von LGTBIQ+\",\"datePublished\":\"2024-07-04T18:49:12+00:00\",\"dateModified\":\"2024-07-23T11:18:20+00:00\",\"mainEntityOfPage\":{\"@id\":\"https:\/\/www.islabonitalovefestival.es\/de\/2024\/07\/04\/die-soziale-agenda-des-love-festivals-konzentriert-sich-auf-die-verteidigung-der-rechte-von-lgtbiq\/\"},\"wordCount\":565,\"publisher\":{\"@id\":\"https:\/\/www.islabonitalovefestival.es\/#organization\"},\"image\":{\"@id\":\"https:\/\/www.islabonitalovefestival.es\/de\/2024\/07\/04\/die-soziale-agenda-des-love-festivals-konzentriert-sich-auf-die-verteidigung-der-rechte-von-lgtbiq\/#primaryimage\"},\"thumbnailUrl\":\"https:\/\/www.islabonitalovefestival.es\/wp-content\/uploads\/2024\/07\/PresentaciOn-Agenda-Social-Love-Festival.webp\",\"articleSection\":[\"Nachrichten\"],\"inLanguage\":\"de\"},{\"@type\":\"WebPage\",\"@id\":\"https:\/\/www.islabonitalovefestival.es\/de\/2024\/07\/04\/die-soziale-agenda-des-love-festivals-konzentriert-sich-auf-die-verteidigung-der-rechte-von-lgtbiq\/\",\"url\":\"https:\/\/www.islabonitalovefestival.es\/de\/2024\/07\/04\/die-soziale-agenda-des-love-festivals-konzentriert-sich-auf-die-verteidigung-der-rechte-von-lgtbiq\/\",\"name\":\"Die soziale Agenda des Love Festivals konzentriert sich auf die Verteidigung der Rechte von LGTBIQ+ - Isla Bonita Love Festival\",\"isPartOf\":{\"@id\":\"https:\/\/www.islabonitalovefestival.es\/#website\"},\"primaryImageOfPage\":{\"@id\":\"https:\/\/www.islabonitalovefestival.es\/de\/2024\/07\/04\/die-soziale-agenda-des-love-festivals-konzentriert-sich-auf-die-verteidigung-der-rechte-von-lgtbiq\/#primaryimage\"},\"image\":{\"@id\":\"https:\/\/www.islabonitalovefestival.es\/de\/2024\/07\/04\/die-soziale-agenda-des-love-festivals-konzentriert-sich-auf-die-verteidigung-der-rechte-von-lgtbiq\/#primaryimage\"},\"thumbnailUrl\":\"https:\/\/www.islabonitalovefestival.es\/wp-content\/uploads\/2024\/07\/PresentaciOn-Agenda-Social-Love-Festival.webp\",\"datePublished\":\"2024-07-04T18:49:12+00:00\",\"dateModified\":\"2024-07-23T11:18:20+00:00\",\"breadcrumb\":{\"@id\":\"https:\/\/www.islabonitalovefestival.es\/de\/2024\/07\/04\/die-soziale-agenda-des-love-festivals-konzentriert-sich-auf-die-verteidigung-der-rechte-von-lgtbiq\/#breadcrumb\"},\"inLanguage\":\"de\",\"potentialAction\":[{\"@type\":\"ReadAction\",\"target\":[\"https:\/\/www.islabonitalovefestival.es\/de\/2024\/07\/04\/die-soziale-agenda-des-love-festivals-konzentriert-sich-auf-die-verteidigung-der-rechte-von-lgtbiq\/\"]}]},{\"@type\":\"ImageObject\",\"inLanguage\":\"de\",\"@id\":\"https:\/\/www.islabonitalovefestival.es\/de\/2024\/07\/04\/die-soziale-agenda-des-love-festivals-konzentriert-sich-auf-die-verteidigung-der-rechte-von-lgtbiq\/#primaryimage\",\"url\":\"https:\/\/www.islabonitalovefestival.es\/wp-content\/uploads\/2024\/07\/PresentaciOn-Agenda-Social-Love-Festival.webp\",\"contentUrl\":\"https:\/\/www.islabonitalovefestival.es\/wp-content\/uploads\/2024\/07\/PresentaciOn-Agenda-Social-Love-Festival.webp\",\"width\":900,\"height\":675},{\"@type\":\"BreadcrumbList\",\"@id\":\"https:\/\/www.islabonitalovefestival.es\/de\/2024\/07\/04\/die-soziale-agenda-des-love-festivals-konzentriert-sich-auf-die-verteidigung-der-rechte-von-lgtbiq\/#breadcrumb\",\"itemListElement\":[{\"@type\":\"ListItem\",\"position\":1,\"name\":\"Portada\",\"item\":\"https:\/\/www.islabonitalovefestival.es\/de\/\"},{\"@type\":\"ListItem\",\"position\":2,\"name\":\"Die soziale Agenda des Love Festivals konzentriert sich auf die Verteidigung der Rechte von LGTBIQ+\"}]},{\"@type\":\"WebSite\",\"@id\":\"https:\/\/www.islabonitalovefestival.es\/#website\",\"url\":\"https:\/\/www.islabonitalovefestival.es\/\",\"name\":\"Isla Bonita Love Festival 2024\",\"description\":\"Festival de la multiculturalidad que se celebrar\u00e1 del 22 al 28 de julio de 2024 en La Palma\",\"publisher\":{\"@id\":\"https:\/\/www.islabonitalovefestival.es\/#organization\"},\"alternateName\":\"Love Festival 2024\",\"potentialAction\":[{\"@type\":\"SearchAction\",\"target\":{\"@type\":\"EntryPoint\",\"urlTemplate\":\"https:\/\/www.islabonitalovefestival.es\/?s={search_term_string}\"},\"query-input\":{\"@type\":\"PropertyValueSpecification\",\"valueRequired\":true,\"valueName\":\"search_term_string\"}}],\"inLanguage\":\"de\"},{\"@type\":\"Organization\",\"@id\":\"https:\/\/www.islabonitalovefestival.es\/#organization\",\"name\":\"Isla Bonita Love Festival La Palma 2024\",\"alternateName\":\"Love Festival\",\"url\":\"https:\/\/www.islabonitalovefestival.es\/\",\"logo\":{\"@type\":\"ImageObject\",\"inLanguage\":\"de\",\"@id\":\"https:\/\/www.islabonitalovefestival.es\/#\/schema\/logo\/image\/\",\"url\":\"https:\/\/www.islabonitalovefestival.es\/wp-content\/uploads\/2024\/03\/LF24_entrada.png\",\"contentUrl\":\"https:\/\/www.islabonitalovefestival.es\/wp-content\/uploads\/2024\/03\/LF24_entrada.png\",\"width\":800,\"height\":800,\"caption\":\"Isla Bonita Love Festival La Palma 2024\"},\"image\":{\"@id\":\"https:\/\/www.islabonitalovefestival.es\/#\/schema\/logo\/image\/\"},\"sameAs\":[\"https:\/\/www.facebook.com\/islabonitalovefestival\/\",\"https:\/\/x.com\/IslaBonitaLoveF\",\"https:\/\/www.instagram.com\/islabonitalovefest\/\",\"https:\/\/www.youtube.com\/channel\/UCT7DqYugOSkmQ9lWVL9UTJw\"],\"description\":\"Sociedad de Promoci\u00f3n y Desarrollo econ\u00f3mico y Social de La Palma, empresa p\u00fablica dependiente del Cabildo de La Palma\",\"email\":\"info@sodepal.es\",\"telephone\":\"922417323\",\"legalName\":\"Sociedad de Promoci\u00f3n y Desarrollo Econ\u00f3mico de la isla de La Palma S.A.U.\",\"publishingPrinciples\":\"https:\/\/www.islabonitalovefestival.es\/aviso-legal\/\",\"ownershipFundingInfo\":\"https:\/\/www.islabonitalovefestival.es\/aviso-legal\/\",\"actionableFeedbackPolicy\":\"https:\/\/www.islabonitalovefestival.es\/aviso-legal\/\",\"correctionsPolicy\":\"https:\/\/www.islabonitalovefestival.es\/aviso-legal\/\",\"ethicsPolicy\":\"https:\/\/www.islabonitalovefestival.es\/aviso-legal\/\",\"diversityPolicy\":\"https:\/\/www.islabonitalovefestival.es\/aviso-legal\/\",\"diversityStaffingReport\":\"https:\/\/www.islabonitalovefestival.es\/aviso-legal\/\"},{\"@type\":\"Person\",\"@id\":\"https:\/\/www.islabonitalovefestival.es\/#\/schema\/person\/e8c1725efa520a7107e2625e272fb763\",\"name\":\"admin\"}]}<\/script>\n<!-- \/ Yoast SEO Premium plugin. -->","yoast_head_json":{"title":"Die soziale Agenda des Love Festivals konzentriert sich auf die Verteidigung der Rechte von LGTBIQ+ - Isla Bonita Love Festival","robots":{"index":"noindex","follow":"follow"},"og_locale":"de_DE","og_type":"article","og_title":"Die soziale Agenda des Love Festivals konzentriert sich auf die Verteidigung der Rechte von LGTBIQ+","og_description":"Das Cabildo de La Palma konzentriert sich \u00fcber das \u00f6ffentliche Unternehmen Sodepal auf die Verteidigung der Rechte von LGTBIQ+ Gruppen w\u00e4hrend der Feierlichkeiten zur Sozialen Agenda des Isla Bonita Love Festivals. Der Pr\u00e4sident des Cabildo, Sergio Rodr\u00edguez, betonte bei der Vorstellung der Agenda, dass das Isla Bonita Love Festival, das vom 23. bis 27. Juli ... Weiterlesen","og_url":"https:\/\/www.islabonitalovefestival.es\/de\/2024\/07\/04\/die-soziale-agenda-des-love-festivals-konzentriert-sich-auf-die-verteidigung-der-rechte-von-lgtbiq\/","og_site_name":"Isla Bonita Love Festival","article_publisher":"https:\/\/www.facebook.com\/islabonitalovefestival\/","article_published_time":"2024-07-04T18:49:12+00:00","article_modified_time":"2024-07-23T11:18:20+00:00","og_image":[{"width":900,"height":675,"url":"https:\/\/www.islabonitalovefestival.es\/wp-content\/uploads\/2024\/07\/PresentaciOn-Agenda-Social-Love-Festival.webp","type":"image\/jpeg"}],"author":"admin","twitter_card":"summary_large_image","twitter_creator":"@IslaBonitaLoveF","twitter_site":"@IslaBonitaLoveF","schema":{"@context":"https:\/\/schema.org","@graph":[{"@type":"Article","@id":"https:\/\/www.islabonitalovefestival.es\/de\/2024\/07\/04\/die-soziale-agenda-des-love-festivals-konzentriert-sich-auf-die-verteidigung-der-rechte-von-lgtbiq\/#article","isPartOf":{"@id":"https:\/\/www.islabonitalovefestival.es\/de\/2024\/07\/04\/die-soziale-agenda-des-love-festivals-konzentriert-sich-auf-die-verteidigung-der-rechte-von-lgtbiq\/"},"author":{"name":"admin","@id":"https:\/\/www.islabonitalovefestival.es\/#\/schema\/person\/e8c1725efa520a7107e2625e272fb763"},"headline":"Die soziale Agenda des Love Festivals konzentriert sich auf die Verteidigung der Rechte von LGTBIQ+","datePublished":"2024-07-04T18:49:12+00:00","dateModified":"2024-07-23T11:18:20+00:00","mainEntityOfPage":{"@id":"https:\/\/www.islabonitalovefestival.es\/de\/2024\/07\/04\/die-soziale-agenda-des-love-festivals-konzentriert-sich-auf-die-verteidigung-der-rechte-von-lgtbiq\/"},"wordCount":565,"publisher":{"@id":"https:\/\/www.islabonitalovefestival.es\/#organization"},"image":{"@id":"https:\/\/www.islabonitalovefestival.es\/de\/2024\/07\/04\/die-soziale-agenda-des-love-festivals-konzentriert-sich-auf-die-verteidigung-der-rechte-von-lgtbiq\/#primaryimage"},"thumbnailUrl":"https:\/\/www.islabonitalovefestival.es\/wp-content\/uploads\/2024\/07\/PresentaciOn-Agenda-Social-Love-Festival.webp","articleSection":["Nachrichten"],"inLanguage":"de"},{"@type":"WebPage","@id":"https:\/\/www.islabonitalovefestival.es\/de\/2024\/07\/04\/die-soziale-agenda-des-love-festivals-konzentriert-sich-auf-die-verteidigung-der-rechte-von-lgtbiq\/","url":"https:\/\/www.islabonitalovefestival.es\/de\/2024\/07\/04\/die-soziale-agenda-des-love-festivals-konzentriert-sich-auf-die-verteidigung-der-rechte-von-lgtbiq\/","name":"Die soziale Agenda des Love Festivals konzentriert sich auf die Verteidigung der Rechte von LGTBIQ+ - Isla Bonita Love Festival","isPartOf":{"@id":"https:\/\/www.islabonitalovefestival.es\/#website"},"primaryImageOfPage":{"@id":"https:\/\/www.islabonitalovefestival.es\/de\/2024\/07\/04\/die-soziale-agenda-des-love-festivals-konzentriert-sich-auf-die-verteidigung-der-rechte-von-lgtbiq\/#primaryimage"},"image":{"@id":"https:\/\/www.islabonitalovefestival.es\/de\/2024\/07\/04\/die-soziale-agenda-des-love-festivals-konzentriert-sich-auf-die-verteidigung-der-rechte-von-lgtbiq\/#primaryimage"},"thumbnailUrl":"https:\/\/www.islabonitalovefestival.es\/wp-content\/uploads\/2024\/07\/PresentaciOn-Agenda-Social-Love-Festival.webp","datePublished":"2024-07-04T18:49:12+00:00","dateModified":"2024-07-23T11:18:20+00:00","breadcrumb":{"@id":"https:\/\/www.islabonitalovefestival.es\/de\/2024\/07\/04\/die-soziale-agenda-des-love-festivals-konzentriert-sich-auf-die-verteidigung-der-rechte-von-lgtbiq\/#breadcrumb"},"inLanguage":"de","potentialAction":[{"@type":"ReadAction","target":["https:\/\/www.islabonitalovefestival.es\/de\/2024\/07\/04\/die-soziale-agenda-des-love-festivals-konzentriert-sich-auf-die-verteidigung-der-rechte-von-lgtbiq\/"]}]},{"@type":"ImageObject","inLanguage":"de","@id":"https:\/\/www.islabonitalovefestival.es\/de\/2024\/07\/04\/die-soziale-agenda-des-love-festivals-konzentriert-sich-auf-die-verteidigung-der-rechte-von-lgtbiq\/#primaryimage","url":"https:\/\/www.islabonitalovefestival.es\/wp-content\/uploads\/2024\/07\/PresentaciOn-Agenda-Social-Love-Festival.webp","contentUrl":"https:\/\/www.islabonitalovefestival.es\/wp-content\/uploads\/2024\/07\/PresentaciOn-Agenda-Social-Love-Festival.webp","width":900,"height":675},{"@type":"BreadcrumbList","@id":"https:\/\/www.islabonitalovefestival.es\/de\/2024\/07\/04\/die-soziale-agenda-des-love-festivals-konzentriert-sich-auf-die-verteidigung-der-rechte-von-lgtbiq\/#breadcrumb","itemListElement":[{"@type":"ListItem","position":1,"name":"Portada","item":"https:\/\/www.islabonitalovefestival.es\/de\/"},{"@type":"ListItem","position":2,"name":"Die soziale Agenda des Love Festivals konzentriert sich auf die Verteidigung der Rechte von LGTBIQ+"}]},{"@type":"WebSite","@id":"https:\/\/www.islabonitalovefestival.es\/#website","url":"https:\/\/www.islabonitalovefestival.es\/","name":"Isla Bonita Love Festival 2024","description":"Festival de la multiculturalidad que se celebrar\u00e1 del 22 al 28 de julio de 2024 en La Palma","publisher":{"@id":"https:\/\/www.islabonitalovefestival.es\/#organization"},"alternateName":"Love Festival 2024","potentialAction":[{"@type":"SearchAction","target":{"@type":"EntryPoint","urlTemplate":"https:\/\/www.islabonitalovefestival.es\/?s={search_term_string}"},"query-input":{"@type":"PropertyValueSpecification","valueRequired":true,"valueName":"search_term_string"}}],"inLanguage":"de"},{"@type":"Organization","@id":"https:\/\/www.islabonitalovefestival.es\/#organization","name":"Isla Bonita Love Festival La Palma 2024","alternateName":"Love Festival","url":"https:\/\/www.islabonitalovefestival.es\/","logo":{"@type":"ImageObject","inLanguage":"de","@id":"https:\/\/www.islabonitalovefestival.es\/#\/schema\/logo\/image\/","url":"https:\/\/www.islabonitalovefestival.es\/wp-content\/uploads\/2024\/03\/LF24_entrada.png","contentUrl":"https:\/\/www.islabonitalovefestival.es\/wp-content\/uploads\/2024\/03\/LF24_entrada.png","width":800,"height":800,"caption":"Isla Bonita Love Festival La Palma 2024"},"image":{"@id":"https:\/\/www.islabonitalovefestival.es\/#\/schema\/logo\/image\/"},"sameAs":["https:\/\/www.facebook.com\/islabonitalovefestival\/","https:\/\/x.com\/IslaBonitaLoveF","https:\/\/www.instagram.com\/islabonitalovefest\/","https:\/\/www.youtube.com\/channel\/UCT7DqYugOSkmQ9lWVL9UTJw"],"description":"Sociedad de Promoci\u00f3n y Desarrollo econ\u00f3mico y Social de La Palma, empresa p\u00fablica dependiente del Cabildo de La Palma","email":"info@sodepal.es","telephone":"922417323","legalName":"Sociedad de Promoci\u00f3n y Desarrollo Econ\u00f3mico de la isla de La Palma S.A.U.","publishingPrinciples":"https:\/\/www.islabonitalovefestival.es\/aviso-legal\/","ownershipFundingInfo":"https:\/\/www.islabonitalovefestival.es\/aviso-legal\/","actionableFeedbackPolicy":"https:\/\/www.islabonitalovefestival.es\/aviso-legal\/","correctionsPolicy":"https:\/\/www.islabonitalovefestival.es\/aviso-legal\/","ethicsPolicy":"https:\/\/www.islabonitalovefestival.es\/aviso-legal\/","diversityPolicy":"https:\/\/www.islabonitalovefestival.es\/aviso-legal\/","diversityStaffingReport":"https:\/\/www.islabonitalovefestival.es\/aviso-legal\/"},{"@type":"Person","@id":"https:\/\/www.islabonitalovefestival.es\/#\/schema\/person\/e8c1725efa520a7107e2625e272fb763","name":"admin"}]}},"_links":{"self":[{"href":"https:\/\/www.islabonitalovefestival.es\/de\/wp-json\/wp\/v2\/posts\/17957","targetHints":{"allow":["GET"]}}],"collection":[{"href":"https:\/\/www.islabonitalovefestival.es\/de\/wp-json\/wp\/v2\/posts"}],"about":[{"href":"https:\/\/www.islabonitalovefestival.es\/de\/wp-json\/wp\/v2\/types\/post"}],"author":[{"embeddable":true,"href":"https:\/\/www.islabonitalovefestival.es\/de\/wp-json\/wp\/v2\/users\/1"}],"replies":[{"embeddable":true,"href":"https:\/\/www.islabonitalovefestival.es\/de\/wp-json\/wp\/v2\/comments?post=17957"}],"version-history":[{"count":6,"href":"https:\/\/www.islabonitalovefestival.es\/de\/wp-json\/wp\/v2\/posts\/17957\/revisions"}],"predecessor-version":[{"id":18048,"href":"https:\/\/www.islabonitalovefestival.es\/de\/wp-json\/wp\/v2\/posts\/17957\/revisions\/18048"}],"wp:featuredmedia":[{"embeddable":true,"href":"https:\/\/www.islabonitalovefestival.es\/de\/wp-json\/wp\/v2\/media\/17888"}],"wp:attachment":[{"href":"https:\/\/www.islabonitalovefestival.es\/de\/wp-json\/wp\/v2\/media?parent=17957"}],"wp:term":[{"taxonomy":"category","embeddable":true,"href":"https:\/\/www.islabonitalovefestival.es\/de\/wp-json\/wp\/v2\/categories?post=17957"},{"taxonomy":"post_tag","embeddable":true,"href":"https:\/\/www.islabonitalovefestival.es\/de\/wp-json\/wp\/v2\/tags?post=17957"}],"curies":[{"name":"wp","href":"https:\/\/api.w.org\/{rel}","templated":true}]}}