{"id":18420,"date":"2024-07-22T18:49:31","date_gmt":"2024-07-22T17:49:31","guid":{"rendered":"https:\/\/www.islabonitalovefestival.es\/?p=18420"},"modified":"2024-07-24T12:39:49","modified_gmt":"2024-07-24T11:39:49","slug":"das-isla-bonita-love-festival-praesentiert-die-inklusionsbrille-um-das-bewusstsein-fuer-die-schluesselkonzepte-der-lgtbiq-gemeinschaft-zu-schaerfen-und-sie-zu-normalisieren","status":"publish","type":"post","link":"https:\/\/www.islabonitalovefestival.es\/de\/2024\/07\/22\/das-isla-bonita-love-festival-praesentiert-die-inklusionsbrille-um-das-bewusstsein-fuer-die-schluesselkonzepte-der-lgtbiq-gemeinschaft-zu-schaerfen-und-sie-zu-normalisieren\/","title":{"rendered":"Das Isla Bonita Love Festival pr\u00e4sentiert die \u201eInklusionsbrille\u201c, um das Bewusstsein f\u00fcr die Schl\u00fcsselkonzepte der LGTBIQ+-Gemeinschaft zu sch\u00e4rfen und sie zu normalisieren."},"content":{"rendered":"\t\t<div data-elementor-type=\"wp-post\" data-elementor-id=\"18420\" class=\"elementor elementor-18420\" data-elementor-post-type=\"post\">\n\t\t\t\t\t\t<section data-particle_enable=\"false\" data-particle-mobile-disabled=\"false\" class=\"elementor-section elementor-top-section elementor-element elementor-element-5d4592ee elementor-section-boxed elementor-section-height-default elementor-section-height-default\" data-id=\"5d4592ee\" data-element_type=\"section\" data-e-type=\"section\">\n\t\t\t\t\t\t<div class=\"elementor-container elementor-column-gap-default\">\n\t\t\t\t\t<div class=\"elementor-column elementor-col-100 elementor-top-column elementor-element elementor-element-329aa00\" data-id=\"329aa00\" data-element_type=\"column\" data-e-type=\"column\">\n\t\t\t<div class=\"elementor-widget-wrap elementor-element-populated\">\n\t\t\t\t\t\t<div class=\"elementor-element elementor-element-cf78c36 elementor-widget elementor-widget-text-editor\" data-id=\"cf78c36\" data-element_type=\"widget\" data-e-type=\"widget\" data-widget_type=\"text-editor.default\">\n\t\t\t\t<div class=\"elementor-widget-container\">\n\t\t\t\t\t\t\t\t\t<div class=\"field field--name-field-noticias-entradilla field--type-text-long field--label-hidden field--item\"><div class=\"field field--name-field-noticias-entradilla field--type-text-long field--label-hidden field--item\"><p>Die neue Ausgabe des Isla Bonita Love Festivals beinhaltet die \u201eintegrative Brille\u201c f\u00fcr die Aktionen, die im Rahmen der Veranstaltung entwickelt werden, um die Schl\u00fcsselkonzepte des LGTBIQ+ Kollektivs unter allen Menschen der Gesellschaft von La Palma, die an den verschiedenen Aktivit\u00e4ten der Veranstaltung teilnehmen, bekannt zu machen und zu normalisieren.<\/p><p>In diesem Sinne weist die K\u00f6rperschaft darauf hin, dass dies eine einfache, aber naheliegende M\u00f6glichkeit ist, um alle mit einigen Begriffen im Zusammenhang mit den neuen Realit\u00e4ten vertraut zu machen, die wir normalisieren, verstehen und in unser t\u00e4gliches Leben integrieren m\u00fcssen.<\/p><p>Die ersten Gl\u00e4ser werden an diejenigen verteilt, die goldene Eintrittskarten f\u00fcr das Konzert erworben haben, das den Abschluss einer sozialen Agenda bildet, die sich mit dem Kampf der Gruppe und ihrer Teilnahme an der Gesellschaft f\u00fcr Gleichheit und Freiheit besch\u00e4ftigt.<\/p><p>Au\u00dferdem werden diese Becher auch beim Konzert am kommenden Samstag, 27. Juli, in Puerto de Tazacorte zu sehen sein, da sie zum Preis von einem Euro zusammen mit den Getr\u00e4nken verkauft werden, um mit diesen wiederverwendbaren Bechern das Bewusstsein f\u00fcr Gleichheit und Vielfalt sowie f\u00fcr Nachhaltigkeit zu sch\u00e4rfen.<\/p><p>Die Becher spiegeln die Definitionen von Begriffen wie Geschlecht, Gender, Geschlechtsausdruck, Geschlechtsidentit\u00e4t und sexuelle Orientierung auf einfache, klare und pr\u00e4gnante Weise wider.<\/p><p>Karten f\u00fcr das Konzert des Isla Bonita Love Festival mit Martin Garrix, Ricky Martin, Chanel, Ptazeta, St Pedro, Kingdom und Orribo k\u00f6nnen online unter <a href=\"https:\/\/www.tomaticket.es\/es-es\/entradas-isla-bonita-love-festival-la-palma\" target=\"_blank\" rel=\"noopener\">https:\/\/www.tomaticket.es\/es-es\/entradas-isla-bonita-love-festival-la-palma<\/a> erworben werden.<\/p><\/div><\/div>\t\t\t\t\t\t\t\t<\/div>\n\t\t\t\t<\/div>\n\t\t\t\t\t<\/div>\n\t\t<\/div>\n\t\t\t\t\t<\/div>\n\t\t<\/section>\n\t\t\t\t<\/div>\n\t\t","protected":false},"excerpt":{"rendered":"<p>Die neue Ausgabe des Isla Bonita Love Festivals beinhaltet die \u201eintegrative Brille\u201c f\u00fcr die Aktionen, die im Rahmen der Veranstaltung entwickelt werden, um die Schl\u00fcsselkonzepte des LGTBIQ+ Kollektivs unter allen Menschen der Gesellschaft von La Palma, die an den verschiedenen Aktivit\u00e4ten der Veranstaltung teilnehmen, bekannt zu machen und zu normalisieren. In diesem Sinne weist die &#8230; <a title=\"Das Isla Bonita Love Festival pr\u00e4sentiert die \u201eInklusionsbrille\u201c, um das Bewusstsein f\u00fcr die Schl\u00fcsselkonzepte der LGTBIQ+-Gemeinschaft zu sch\u00e4rfen und sie zu normalisieren.\" class=\"read-more\" href=\"https:\/\/www.islabonitalovefestival.es\/de\/2024\/07\/22\/das-isla-bonita-love-festival-praesentiert-die-inklusionsbrille-um-das-bewusstsein-fuer-die-schluesselkonzepte-der-lgtbiq-gemeinschaft-zu-schaerfen-und-sie-zu-normalisieren\/\" aria-label=\"Mehr Informationen \u00fcber Das Isla Bonita Love Festival pr\u00e4sentiert die \u201eInklusionsbrille\u201c, um das Bewusstsein f\u00fcr die Schl\u00fcsselkonzepte der LGTBIQ+-Gemeinschaft zu sch\u00e4rfen und sie zu normalisieren.\">Weiterlesen<\/a><\/p>\n","protected":false},"author":1,"featured_media":18424,"comment_status":"closed","ping_status":"closed","sticky":false,"template":"","format":"standard","meta":{"footnotes":""},"categories":[237,234],"tags":[],"class_list":["post-18420","post","type-post","status-publish","format-standard","has-post-thumbnail","hentry","category-nachhaltigkeit","category-nachrichten"],"yoast_head":"<!-- This site is optimized with the Yoast SEO Premium plugin v22.0 (Yoast SEO v27.0) - https:\/\/yoast.com\/product\/yoast-seo-premium-wordpress\/ -->\n<title>Das Isla Bonita Love Festival pr\u00e4sentiert die \u201eInklusionsbrille\u201c, um das Bewusstsein f\u00fcr die Schl\u00fcsselkonzepte der LGTBIQ+-Gemeinschaft zu sch\u00e4rfen und sie zu normalisieren. - Isla Bonita Love Festival<\/title>\n<meta name=\"robots\" content=\"noindex, follow\" \/>\n<meta property=\"og:locale\" content=\"de_DE\" \/>\n<meta property=\"og:type\" content=\"article\" \/>\n<meta property=\"og:title\" content=\"Das Isla Bonita Love Festival pr\u00e4sentiert die \u201eInklusionsbrille\u201c, um das Bewusstsein f\u00fcr die Schl\u00fcsselkonzepte der LGTBIQ+-Gemeinschaft zu sch\u00e4rfen und sie zu normalisieren.\" \/>\n<meta property=\"og:description\" content=\"Die neue Ausgabe des Isla Bonita Love Festivals beinhaltet die \u201eintegrative Brille\u201c f\u00fcr die Aktionen, die im Rahmen der Veranstaltung entwickelt werden, um die Schl\u00fcsselkonzepte des LGTBIQ+ Kollektivs unter allen Menschen der Gesellschaft von La Palma, die an den verschiedenen Aktivit\u00e4ten der Veranstaltung teilnehmen, bekannt zu machen und zu normalisieren. In diesem Sinne weist die ... Weiterlesen\" \/>\n<meta property=\"og:url\" content=\"https:\/\/www.islabonitalovefestival.es\/de\/2024\/07\/22\/das-isla-bonita-love-festival-praesentiert-die-inklusionsbrille-um-das-bewusstsein-fuer-die-schluesselkonzepte-der-lgtbiq-gemeinschaft-zu-schaerfen-und-sie-zu-normalisieren\/\" \/>\n<meta property=\"og:site_name\" content=\"Isla Bonita Love Festival\" \/>\n<meta property=\"article:publisher\" content=\"https:\/\/www.facebook.com\/islabonitalovefestival\/\" \/>\n<meta property=\"article:published_time\" content=\"2024-07-22T17:49:31+00:00\" \/>\n<meta property=\"article:modified_time\" content=\"2024-07-24T11:39:49+00:00\" \/>\n<meta property=\"og:image\" content=\"https:\/\/www.islabonitalovefestival.es\/wp-content\/uploads\/2024\/07\/vasos_inclusivos.jpeg\" \/>\n\t<meta property=\"og:image:width\" content=\"1600\" \/>\n\t<meta property=\"og:image:height\" content=\"1172\" \/>\n\t<meta property=\"og:image:type\" content=\"image\/jpeg\" \/>\n<meta name=\"author\" content=\"admin\" \/>\n<meta name=\"twitter:card\" content=\"summary_large_image\" \/>\n<meta name=\"twitter:creator\" content=\"@IslaBonitaLoveF\" \/>\n<meta name=\"twitter:site\" content=\"@IslaBonitaLoveF\" \/>\n<script type=\"application\/ld+json\" class=\"yoast-schema-graph\">{\"@context\":\"https:\/\/schema.org\",\"@graph\":[{\"@type\":\"Article\",\"@id\":\"https:\/\/www.islabonitalovefestival.es\/de\/2024\/07\/22\/das-isla-bonita-love-festival-praesentiert-die-inklusionsbrille-um-das-bewusstsein-fuer-die-schluesselkonzepte-der-lgtbiq-gemeinschaft-zu-schaerfen-und-sie-zu-normalisieren\/#article\",\"isPartOf\":{\"@id\":\"https:\/\/www.islabonitalovefestival.es\/de\/2024\/07\/22\/das-isla-bonita-love-festival-praesentiert-die-inklusionsbrille-um-das-bewusstsein-fuer-die-schluesselkonzepte-der-lgtbiq-gemeinschaft-zu-schaerfen-und-sie-zu-normalisieren\/\"},\"author\":{\"name\":\"admin\",\"@id\":\"https:\/\/www.islabonitalovefestival.es\/#\/schema\/person\/e8c1725efa520a7107e2625e272fb763\"},\"headline\":\"Das Isla Bonita Love Festival pr\u00e4sentiert die \u201eInklusionsbrille\u201c, um das Bewusstsein f\u00fcr die Schl\u00fcsselkonzepte der LGTBIQ+-Gemeinschaft zu sch\u00e4rfen und sie zu normalisieren.\",\"datePublished\":\"2024-07-22T17:49:31+00:00\",\"dateModified\":\"2024-07-24T11:39:49+00:00\",\"mainEntityOfPage\":{\"@id\":\"https:\/\/www.islabonitalovefestival.es\/de\/2024\/07\/22\/das-isla-bonita-love-festival-praesentiert-die-inklusionsbrille-um-das-bewusstsein-fuer-die-schluesselkonzepte-der-lgtbiq-gemeinschaft-zu-schaerfen-und-sie-zu-normalisieren\/\"},\"wordCount\":280,\"publisher\":{\"@id\":\"https:\/\/www.islabonitalovefestival.es\/#organization\"},\"image\":{\"@id\":\"https:\/\/www.islabonitalovefestival.es\/de\/2024\/07\/22\/das-isla-bonita-love-festival-praesentiert-die-inklusionsbrille-um-das-bewusstsein-fuer-die-schluesselkonzepte-der-lgtbiq-gemeinschaft-zu-schaerfen-und-sie-zu-normalisieren\/#primaryimage\"},\"thumbnailUrl\":\"https:\/\/www.islabonitalovefestival.es\/wp-content\/uploads\/2024\/07\/vasos_inclusivos.jpeg\",\"articleSection\":[\"Nachhaltigkeit\",\"Nachrichten\"],\"inLanguage\":\"de\"},{\"@type\":\"WebPage\",\"@id\":\"https:\/\/www.islabonitalovefestival.es\/de\/2024\/07\/22\/das-isla-bonita-love-festival-praesentiert-die-inklusionsbrille-um-das-bewusstsein-fuer-die-schluesselkonzepte-der-lgtbiq-gemeinschaft-zu-schaerfen-und-sie-zu-normalisieren\/\",\"url\":\"https:\/\/www.islabonitalovefestival.es\/de\/2024\/07\/22\/das-isla-bonita-love-festival-praesentiert-die-inklusionsbrille-um-das-bewusstsein-fuer-die-schluesselkonzepte-der-lgtbiq-gemeinschaft-zu-schaerfen-und-sie-zu-normalisieren\/\",\"name\":\"Das Isla Bonita Love Festival pr\u00e4sentiert die \u201eInklusionsbrille\u201c, um das Bewusstsein f\u00fcr die Schl\u00fcsselkonzepte der LGTBIQ+-Gemeinschaft zu sch\u00e4rfen und sie zu normalisieren. - Isla Bonita Love Festival\",\"isPartOf\":{\"@id\":\"https:\/\/www.islabonitalovefestival.es\/#website\"},\"primaryImageOfPage\":{\"@id\":\"https:\/\/www.islabonitalovefestival.es\/de\/2024\/07\/22\/das-isla-bonita-love-festival-praesentiert-die-inklusionsbrille-um-das-bewusstsein-fuer-die-schluesselkonzepte-der-lgtbiq-gemeinschaft-zu-schaerfen-und-sie-zu-normalisieren\/#primaryimage\"},\"image\":{\"@id\":\"https:\/\/www.islabonitalovefestival.es\/de\/2024\/07\/22\/das-isla-bonita-love-festival-praesentiert-die-inklusionsbrille-um-das-bewusstsein-fuer-die-schluesselkonzepte-der-lgtbiq-gemeinschaft-zu-schaerfen-und-sie-zu-normalisieren\/#primaryimage\"},\"thumbnailUrl\":\"https:\/\/www.islabonitalovefestival.es\/wp-content\/uploads\/2024\/07\/vasos_inclusivos.jpeg\",\"datePublished\":\"2024-07-22T17:49:31+00:00\",\"dateModified\":\"2024-07-24T11:39:49+00:00\",\"breadcrumb\":{\"@id\":\"https:\/\/www.islabonitalovefestival.es\/de\/2024\/07\/22\/das-isla-bonita-love-festival-praesentiert-die-inklusionsbrille-um-das-bewusstsein-fuer-die-schluesselkonzepte-der-lgtbiq-gemeinschaft-zu-schaerfen-und-sie-zu-normalisieren\/#breadcrumb\"},\"inLanguage\":\"de\",\"potentialAction\":[{\"@type\":\"ReadAction\",\"target\":[\"https:\/\/www.islabonitalovefestival.es\/de\/2024\/07\/22\/das-isla-bonita-love-festival-praesentiert-die-inklusionsbrille-um-das-bewusstsein-fuer-die-schluesselkonzepte-der-lgtbiq-gemeinschaft-zu-schaerfen-und-sie-zu-normalisieren\/\"]}]},{\"@type\":\"ImageObject\",\"inLanguage\":\"de\",\"@id\":\"https:\/\/www.islabonitalovefestival.es\/de\/2024\/07\/22\/das-isla-bonita-love-festival-praesentiert-die-inklusionsbrille-um-das-bewusstsein-fuer-die-schluesselkonzepte-der-lgtbiq-gemeinschaft-zu-schaerfen-und-sie-zu-normalisieren\/#primaryimage\",\"url\":\"https:\/\/www.islabonitalovefestival.es\/wp-content\/uploads\/2024\/07\/vasos_inclusivos.jpeg\",\"contentUrl\":\"https:\/\/www.islabonitalovefestival.es\/wp-content\/uploads\/2024\/07\/vasos_inclusivos.jpeg\",\"width\":1600,\"height\":1172},{\"@type\":\"BreadcrumbList\",\"@id\":\"https:\/\/www.islabonitalovefestival.es\/de\/2024\/07\/22\/das-isla-bonita-love-festival-praesentiert-die-inklusionsbrille-um-das-bewusstsein-fuer-die-schluesselkonzepte-der-lgtbiq-gemeinschaft-zu-schaerfen-und-sie-zu-normalisieren\/#breadcrumb\",\"itemListElement\":[{\"@type\":\"ListItem\",\"position\":1,\"name\":\"Portada\",\"item\":\"https:\/\/www.islabonitalovefestival.es\/de\/\"},{\"@type\":\"ListItem\",\"position\":2,\"name\":\"Das Isla Bonita Love Festival pr\u00e4sentiert die \u201eInklusionsbrille\u201c, um das Bewusstsein f\u00fcr die Schl\u00fcsselkonzepte der LGTBIQ+-Gemeinschaft zu sch\u00e4rfen und sie zu normalisieren.\"}]},{\"@type\":\"WebSite\",\"@id\":\"https:\/\/www.islabonitalovefestival.es\/#website\",\"url\":\"https:\/\/www.islabonitalovefestival.es\/\",\"name\":\"Isla Bonita Love Festival 2024\",\"description\":\"Festival de la multiculturalidad que se celebrar\u00e1 del 22 al 28 de julio de 2024 en La Palma\",\"publisher\":{\"@id\":\"https:\/\/www.islabonitalovefestival.es\/#organization\"},\"alternateName\":\"Love Festival 2024\",\"potentialAction\":[{\"@type\":\"SearchAction\",\"target\":{\"@type\":\"EntryPoint\",\"urlTemplate\":\"https:\/\/www.islabonitalovefestival.es\/?s={search_term_string}\"},\"query-input\":{\"@type\":\"PropertyValueSpecification\",\"valueRequired\":true,\"valueName\":\"search_term_string\"}}],\"inLanguage\":\"de\"},{\"@type\":\"Organization\",\"@id\":\"https:\/\/www.islabonitalovefestival.es\/#organization\",\"name\":\"Isla Bonita Love Festival La Palma 2024\",\"alternateName\":\"Love Festival\",\"url\":\"https:\/\/www.islabonitalovefestival.es\/\",\"logo\":{\"@type\":\"ImageObject\",\"inLanguage\":\"de\",\"@id\":\"https:\/\/www.islabonitalovefestival.es\/#\/schema\/logo\/image\/\",\"url\":\"https:\/\/www.islabonitalovefestival.es\/wp-content\/uploads\/2024\/03\/LF24_entrada.png\",\"contentUrl\":\"https:\/\/www.islabonitalovefestival.es\/wp-content\/uploads\/2024\/03\/LF24_entrada.png\",\"width\":800,\"height\":800,\"caption\":\"Isla Bonita Love Festival La Palma 2024\"},\"image\":{\"@id\":\"https:\/\/www.islabonitalovefestival.es\/#\/schema\/logo\/image\/\"},\"sameAs\":[\"https:\/\/www.facebook.com\/islabonitalovefestival\/\",\"https:\/\/x.com\/IslaBonitaLoveF\",\"https:\/\/www.instagram.com\/islabonitalovefest\/\",\"https:\/\/www.youtube.com\/channel\/UCT7DqYugOSkmQ9lWVL9UTJw\"],\"description\":\"Sociedad de Promoci\u00f3n y Desarrollo econ\u00f3mico y Social de La Palma, empresa p\u00fablica dependiente del Cabildo de La Palma\",\"email\":\"info@sodepal.es\",\"telephone\":\"922417323\",\"legalName\":\"Sociedad de Promoci\u00f3n y Desarrollo Econ\u00f3mico de la isla de La Palma S.A.U.\",\"publishingPrinciples\":\"https:\/\/www.islabonitalovefestival.es\/aviso-legal\/\",\"ownershipFundingInfo\":\"https:\/\/www.islabonitalovefestival.es\/aviso-legal\/\",\"actionableFeedbackPolicy\":\"https:\/\/www.islabonitalovefestival.es\/aviso-legal\/\",\"correctionsPolicy\":\"https:\/\/www.islabonitalovefestival.es\/aviso-legal\/\",\"ethicsPolicy\":\"https:\/\/www.islabonitalovefestival.es\/aviso-legal\/\",\"diversityPolicy\":\"https:\/\/www.islabonitalovefestival.es\/aviso-legal\/\",\"diversityStaffingReport\":\"https:\/\/www.islabonitalovefestival.es\/aviso-legal\/\"},{\"@type\":\"Person\",\"@id\":\"https:\/\/www.islabonitalovefestival.es\/#\/schema\/person\/e8c1725efa520a7107e2625e272fb763\",\"name\":\"admin\"}]}<\/script>\n<!-- \/ Yoast SEO Premium plugin. -->","yoast_head_json":{"title":"Das Isla Bonita Love Festival pr\u00e4sentiert die \u201eInklusionsbrille\u201c, um das Bewusstsein f\u00fcr die Schl\u00fcsselkonzepte der LGTBIQ+-Gemeinschaft zu sch\u00e4rfen und sie zu normalisieren. - Isla Bonita Love Festival","robots":{"index":"noindex","follow":"follow"},"og_locale":"de_DE","og_type":"article","og_title":"Das Isla Bonita Love Festival pr\u00e4sentiert die \u201eInklusionsbrille\u201c, um das Bewusstsein f\u00fcr die Schl\u00fcsselkonzepte der LGTBIQ+-Gemeinschaft zu sch\u00e4rfen und sie zu normalisieren.","og_description":"Die neue Ausgabe des Isla Bonita Love Festivals beinhaltet die \u201eintegrative Brille\u201c f\u00fcr die Aktionen, die im Rahmen der Veranstaltung entwickelt werden, um die Schl\u00fcsselkonzepte des LGTBIQ+ Kollektivs unter allen Menschen der Gesellschaft von La Palma, die an den verschiedenen Aktivit\u00e4ten der Veranstaltung teilnehmen, bekannt zu machen und zu normalisieren. In diesem Sinne weist die ... Weiterlesen","og_url":"https:\/\/www.islabonitalovefestival.es\/de\/2024\/07\/22\/das-isla-bonita-love-festival-praesentiert-die-inklusionsbrille-um-das-bewusstsein-fuer-die-schluesselkonzepte-der-lgtbiq-gemeinschaft-zu-schaerfen-und-sie-zu-normalisieren\/","og_site_name":"Isla Bonita Love Festival","article_publisher":"https:\/\/www.facebook.com\/islabonitalovefestival\/","article_published_time":"2024-07-22T17:49:31+00:00","article_modified_time":"2024-07-24T11:39:49+00:00","og_image":[{"width":1600,"height":1172,"url":"https:\/\/www.islabonitalovefestival.es\/wp-content\/uploads\/2024\/07\/vasos_inclusivos.jpeg","type":"image\/jpeg"}],"author":"admin","twitter_card":"summary_large_image","twitter_creator":"@IslaBonitaLoveF","twitter_site":"@IslaBonitaLoveF","schema":{"@context":"https:\/\/schema.org","@graph":[{"@type":"Article","@id":"https:\/\/www.islabonitalovefestival.es\/de\/2024\/07\/22\/das-isla-bonita-love-festival-praesentiert-die-inklusionsbrille-um-das-bewusstsein-fuer-die-schluesselkonzepte-der-lgtbiq-gemeinschaft-zu-schaerfen-und-sie-zu-normalisieren\/#article","isPartOf":{"@id":"https:\/\/www.islabonitalovefestival.es\/de\/2024\/07\/22\/das-isla-bonita-love-festival-praesentiert-die-inklusionsbrille-um-das-bewusstsein-fuer-die-schluesselkonzepte-der-lgtbiq-gemeinschaft-zu-schaerfen-und-sie-zu-normalisieren\/"},"author":{"name":"admin","@id":"https:\/\/www.islabonitalovefestival.es\/#\/schema\/person\/e8c1725efa520a7107e2625e272fb763"},"headline":"Das Isla Bonita Love Festival pr\u00e4sentiert die \u201eInklusionsbrille\u201c, um das Bewusstsein f\u00fcr die Schl\u00fcsselkonzepte der LGTBIQ+-Gemeinschaft zu sch\u00e4rfen und sie zu normalisieren.","datePublished":"2024-07-22T17:49:31+00:00","dateModified":"2024-07-24T11:39:49+00:00","mainEntityOfPage":{"@id":"https:\/\/www.islabonitalovefestival.es\/de\/2024\/07\/22\/das-isla-bonita-love-festival-praesentiert-die-inklusionsbrille-um-das-bewusstsein-fuer-die-schluesselkonzepte-der-lgtbiq-gemeinschaft-zu-schaerfen-und-sie-zu-normalisieren\/"},"wordCount":280,"publisher":{"@id":"https:\/\/www.islabonitalovefestival.es\/#organization"},"image":{"@id":"https:\/\/www.islabonitalovefestival.es\/de\/2024\/07\/22\/das-isla-bonita-love-festival-praesentiert-die-inklusionsbrille-um-das-bewusstsein-fuer-die-schluesselkonzepte-der-lgtbiq-gemeinschaft-zu-schaerfen-und-sie-zu-normalisieren\/#primaryimage"},"thumbnailUrl":"https:\/\/www.islabonitalovefestival.es\/wp-content\/uploads\/2024\/07\/vasos_inclusivos.jpeg","articleSection":["Nachhaltigkeit","Nachrichten"],"inLanguage":"de"},{"@type":"WebPage","@id":"https:\/\/www.islabonitalovefestival.es\/de\/2024\/07\/22\/das-isla-bonita-love-festival-praesentiert-die-inklusionsbrille-um-das-bewusstsein-fuer-die-schluesselkonzepte-der-lgtbiq-gemeinschaft-zu-schaerfen-und-sie-zu-normalisieren\/","url":"https:\/\/www.islabonitalovefestival.es\/de\/2024\/07\/22\/das-isla-bonita-love-festival-praesentiert-die-inklusionsbrille-um-das-bewusstsein-fuer-die-schluesselkonzepte-der-lgtbiq-gemeinschaft-zu-schaerfen-und-sie-zu-normalisieren\/","name":"Das Isla Bonita Love Festival pr\u00e4sentiert die \u201eInklusionsbrille\u201c, um das Bewusstsein f\u00fcr die Schl\u00fcsselkonzepte der LGTBIQ+-Gemeinschaft zu sch\u00e4rfen und sie zu normalisieren. - Isla Bonita Love Festival","isPartOf":{"@id":"https:\/\/www.islabonitalovefestival.es\/#website"},"primaryImageOfPage":{"@id":"https:\/\/www.islabonitalovefestival.es\/de\/2024\/07\/22\/das-isla-bonita-love-festival-praesentiert-die-inklusionsbrille-um-das-bewusstsein-fuer-die-schluesselkonzepte-der-lgtbiq-gemeinschaft-zu-schaerfen-und-sie-zu-normalisieren\/#primaryimage"},"image":{"@id":"https:\/\/www.islabonitalovefestival.es\/de\/2024\/07\/22\/das-isla-bonita-love-festival-praesentiert-die-inklusionsbrille-um-das-bewusstsein-fuer-die-schluesselkonzepte-der-lgtbiq-gemeinschaft-zu-schaerfen-und-sie-zu-normalisieren\/#primaryimage"},"thumbnailUrl":"https:\/\/www.islabonitalovefestival.es\/wp-content\/uploads\/2024\/07\/vasos_inclusivos.jpeg","datePublished":"2024-07-22T17:49:31+00:00","dateModified":"2024-07-24T11:39:49+00:00","breadcrumb":{"@id":"https:\/\/www.islabonitalovefestival.es\/de\/2024\/07\/22\/das-isla-bonita-love-festival-praesentiert-die-inklusionsbrille-um-das-bewusstsein-fuer-die-schluesselkonzepte-der-lgtbiq-gemeinschaft-zu-schaerfen-und-sie-zu-normalisieren\/#breadcrumb"},"inLanguage":"de","potentialAction":[{"@type":"ReadAction","target":["https:\/\/www.islabonitalovefestival.es\/de\/2024\/07\/22\/das-isla-bonita-love-festival-praesentiert-die-inklusionsbrille-um-das-bewusstsein-fuer-die-schluesselkonzepte-der-lgtbiq-gemeinschaft-zu-schaerfen-und-sie-zu-normalisieren\/"]}]},{"@type":"ImageObject","inLanguage":"de","@id":"https:\/\/www.islabonitalovefestival.es\/de\/2024\/07\/22\/das-isla-bonita-love-festival-praesentiert-die-inklusionsbrille-um-das-bewusstsein-fuer-die-schluesselkonzepte-der-lgtbiq-gemeinschaft-zu-schaerfen-und-sie-zu-normalisieren\/#primaryimage","url":"https:\/\/www.islabonitalovefestival.es\/wp-content\/uploads\/2024\/07\/vasos_inclusivos.jpeg","contentUrl":"https:\/\/www.islabonitalovefestival.es\/wp-content\/uploads\/2024\/07\/vasos_inclusivos.jpeg","width":1600,"height":1172},{"@type":"BreadcrumbList","@id":"https:\/\/www.islabonitalovefestival.es\/de\/2024\/07\/22\/das-isla-bonita-love-festival-praesentiert-die-inklusionsbrille-um-das-bewusstsein-fuer-die-schluesselkonzepte-der-lgtbiq-gemeinschaft-zu-schaerfen-und-sie-zu-normalisieren\/#breadcrumb","itemListElement":[{"@type":"ListItem","position":1,"name":"Portada","item":"https:\/\/www.islabonitalovefestival.es\/de\/"},{"@type":"ListItem","position":2,"name":"Das Isla Bonita Love Festival pr\u00e4sentiert die \u201eInklusionsbrille\u201c, um das Bewusstsein f\u00fcr die Schl\u00fcsselkonzepte der LGTBIQ+-Gemeinschaft zu sch\u00e4rfen und sie zu normalisieren."}]},{"@type":"WebSite","@id":"https:\/\/www.islabonitalovefestival.es\/#website","url":"https:\/\/www.islabonitalovefestival.es\/","name":"Isla Bonita Love Festival 2024","description":"Festival de la multiculturalidad que se celebrar\u00e1 del 22 al 28 de julio de 2024 en La Palma","publisher":{"@id":"https:\/\/www.islabonitalovefestival.es\/#organization"},"alternateName":"Love Festival 2024","potentialAction":[{"@type":"SearchAction","target":{"@type":"EntryPoint","urlTemplate":"https:\/\/www.islabonitalovefestival.es\/?s={search_term_string}"},"query-input":{"@type":"PropertyValueSpecification","valueRequired":true,"valueName":"search_term_string"}}],"inLanguage":"de"},{"@type":"Organization","@id":"https:\/\/www.islabonitalovefestival.es\/#organization","name":"Isla Bonita Love Festival La Palma 2024","alternateName":"Love Festival","url":"https:\/\/www.islabonitalovefestival.es\/","logo":{"@type":"ImageObject","inLanguage":"de","@id":"https:\/\/www.islabonitalovefestival.es\/#\/schema\/logo\/image\/","url":"https:\/\/www.islabonitalovefestival.es\/wp-content\/uploads\/2024\/03\/LF24_entrada.png","contentUrl":"https:\/\/www.islabonitalovefestival.es\/wp-content\/uploads\/2024\/03\/LF24_entrada.png","width":800,"height":800,"caption":"Isla Bonita Love Festival La Palma 2024"},"image":{"@id":"https:\/\/www.islabonitalovefestival.es\/#\/schema\/logo\/image\/"},"sameAs":["https:\/\/www.facebook.com\/islabonitalovefestival\/","https:\/\/x.com\/IslaBonitaLoveF","https:\/\/www.instagram.com\/islabonitalovefest\/","https:\/\/www.youtube.com\/channel\/UCT7DqYugOSkmQ9lWVL9UTJw"],"description":"Sociedad de Promoci\u00f3n y Desarrollo econ\u00f3mico y Social de La Palma, empresa p\u00fablica dependiente del Cabildo de La Palma","email":"info@sodepal.es","telephone":"922417323","legalName":"Sociedad de Promoci\u00f3n y Desarrollo Econ\u00f3mico de la isla de La Palma S.A.U.","publishingPrinciples":"https:\/\/www.islabonitalovefestival.es\/aviso-legal\/","ownershipFundingInfo":"https:\/\/www.islabonitalovefestival.es\/aviso-legal\/","actionableFeedbackPolicy":"https:\/\/www.islabonitalovefestival.es\/aviso-legal\/","correctionsPolicy":"https:\/\/www.islabonitalovefestival.es\/aviso-legal\/","ethicsPolicy":"https:\/\/www.islabonitalovefestival.es\/aviso-legal\/","diversityPolicy":"https:\/\/www.islabonitalovefestival.es\/aviso-legal\/","diversityStaffingReport":"https:\/\/www.islabonitalovefestival.es\/aviso-legal\/"},{"@type":"Person","@id":"https:\/\/www.islabonitalovefestival.es\/#\/schema\/person\/e8c1725efa520a7107e2625e272fb763","name":"admin"}]}},"_links":{"self":[{"href":"https:\/\/www.islabonitalovefestival.es\/de\/wp-json\/wp\/v2\/posts\/18420","targetHints":{"allow":["GET"]}}],"collection":[{"href":"https:\/\/www.islabonitalovefestival.es\/de\/wp-json\/wp\/v2\/posts"}],"about":[{"href":"https:\/\/www.islabonitalovefestival.es\/de\/wp-json\/wp\/v2\/types\/post"}],"author":[{"embeddable":true,"href":"https:\/\/www.islabonitalovefestival.es\/de\/wp-json\/wp\/v2\/users\/1"}],"replies":[{"embeddable":true,"href":"https:\/\/www.islabonitalovefestival.es\/de\/wp-json\/wp\/v2\/comments?post=18420"}],"version-history":[{"count":5,"href":"https:\/\/www.islabonitalovefestival.es\/de\/wp-json\/wp\/v2\/posts\/18420\/revisions"}],"predecessor-version":[{"id":18449,"href":"https:\/\/www.islabonitalovefestival.es\/de\/wp-json\/wp\/v2\/posts\/18420\/revisions\/18449"}],"wp:featuredmedia":[{"embeddable":true,"href":"https:\/\/www.islabonitalovefestival.es\/de\/wp-json\/wp\/v2\/media\/18424"}],"wp:attachment":[{"href":"https:\/\/www.islabonitalovefestival.es\/de\/wp-json\/wp\/v2\/media?parent=18420"}],"wp:term":[{"taxonomy":"category","embeddable":true,"href":"https:\/\/www.islabonitalovefestival.es\/de\/wp-json\/wp\/v2\/categories?post=18420"},{"taxonomy":"post_tag","embeddable":true,"href":"https:\/\/www.islabonitalovefestival.es\/de\/wp-json\/wp\/v2\/tags?post=18420"}],"curies":[{"name":"wp","href":"https:\/\/api.w.org\/{rel}","templated":true}]}}