{"id":18451,"date":"2024-07-23T10:27:38","date_gmt":"2024-07-23T09:27:38","guid":{"rendered":"https:\/\/www.islabonitalovefestival.es\/?p=18451"},"modified":"2024-07-23T12:14:03","modified_gmt":"2024-07-23T11:14:03","slug":"beim-love-festival-werden-die-boegen-des-puerto-de-tazacorte-mit-der-lgtbiq-flagge-beleuchtet","status":"publish","type":"post","link":"https:\/\/www.islabonitalovefestival.es\/de\/2024\/07\/23\/beim-love-festival-werden-die-boegen-des-puerto-de-tazacorte-mit-der-lgtbiq-flagge-beleuchtet\/","title":{"rendered":"Beim Love Festival werden die B\u00f6gen des Puerto de Tazacorte mit der LGTBIQ+-Flagge beleuchtet."},"content":{"rendered":"\t\t<div data-elementor-type=\"wp-post\" data-elementor-id=\"18451\" class=\"elementor elementor-18451\" data-elementor-post-type=\"post\">\n\t\t\t\t\t\t<section data-particle_enable=\"false\" data-particle-mobile-disabled=\"false\" class=\"elementor-section elementor-top-section elementor-element elementor-element-5d4592ee elementor-section-boxed elementor-section-height-default elementor-section-height-default\" data-id=\"5d4592ee\" data-element_type=\"section\" data-e-type=\"section\">\n\t\t\t\t\t\t<div class=\"elementor-container elementor-column-gap-default\">\n\t\t\t\t\t<div class=\"elementor-column elementor-col-100 elementor-top-column elementor-element elementor-element-329aa00\" data-id=\"329aa00\" data-element_type=\"column\" data-e-type=\"column\">\n\t\t\t<div class=\"elementor-widget-wrap elementor-element-populated\">\n\t\t\t\t\t\t<div class=\"elementor-element elementor-element-cf78c36 elementor-widget elementor-widget-text-editor\" data-id=\"cf78c36\" data-element_type=\"widget\" data-e-type=\"widget\" data-widget_type=\"text-editor.default\">\n\t\t\t\t<div class=\"elementor-widget-container\">\n\t\t\t\t\t\t\t\t\t<div class=\"field field--name-field-noticias-entradilla field--type-text-long field--label-hidden field--item\"><div class=\"field field--name-field-noticias-entradilla field--type-text-long field--label-hidden field--item\"><p>Die neue Ausgabe des Isla Bonita Love Festivals, das vom Cabildo de La Palma \u00fcber das \u00f6ffentliche Unternehmen Sodepal organisiert wird, l\u00e4sst die Beleuchtung der B\u00f6gen des Hafens von Tazacorte mit den Farben der LGTBIQ+-Flagge wieder aufleben, eine der traditionellen Aktionen der Veranstaltung seit ihren Anf\u00e4ngen.<\/p><p>In diesem Jahr wird im Rahmen der sozialen Agenda des Love Festivals au\u00dferdem ein Auftritt von Agoney stattfinden, der um 21:00 Uhr in der Avenida de la Constituci\u00f3n in Tazacorte beginnt.<\/p><p>Der in der Gemeinde Adeje auf Teneriffa geborene S\u00e4nger wurde 2017 bekannt, als er am Casting der neunten Ausgabe von Operaci\u00f3n Triunfo teilnahm. Seit seinen Anf\u00e4ngen in der Musik zeigt er offen seine Homosexualit\u00e4t und verteidigt stets die Rechte des Kollektivs, sowohl w\u00e4hrend als auch nach dem Programm, ein Aktivismus, der ihn zum Herold von Madrid Pride gemacht hat.<\/p><\/div><\/div>\t\t\t\t\t\t\t\t<\/div>\n\t\t\t\t<\/div>\n\t\t\t\t\t<\/div>\n\t\t<\/div>\n\t\t\t\t\t<\/div>\n\t\t<\/section>\n\t\t\t\t<\/div>\n\t\t","protected":false},"excerpt":{"rendered":"<p>Die neue Ausgabe des Isla Bonita Love Festivals, das vom Cabildo de La Palma \u00fcber das \u00f6ffentliche Unternehmen Sodepal organisiert wird, l\u00e4sst die Beleuchtung der B\u00f6gen des Hafens von Tazacorte mit den Farben der LGTBIQ+-Flagge wieder aufleben, eine der traditionellen Aktionen der Veranstaltung seit ihren Anf\u00e4ngen. In diesem Jahr wird im Rahmen der sozialen Agenda &#8230; <a title=\"Beim Love Festival werden die B\u00f6gen des Puerto de Tazacorte mit der LGTBIQ+-Flagge beleuchtet.\" class=\"read-more\" href=\"https:\/\/www.islabonitalovefestival.es\/de\/2024\/07\/23\/beim-love-festival-werden-die-boegen-des-puerto-de-tazacorte-mit-der-lgtbiq-flagge-beleuchtet\/\" aria-label=\"Mehr Informationen \u00fcber Beim Love Festival werden die B\u00f6gen des Puerto de Tazacorte mit der LGTBIQ+-Flagge beleuchtet.\">Weiterlesen<\/a><\/p>\n","protected":false},"author":1,"featured_media":18456,"comment_status":"closed","ping_status":"closed","sticky":false,"template":"","format":"standard","meta":{"footnotes":""},"categories":[234],"tags":[],"class_list":["post-18451","post","type-post","status-publish","format-standard","has-post-thumbnail","hentry","category-nachrichten"],"yoast_head":"<!-- This site is optimized with the Yoast SEO Premium plugin v22.0 (Yoast SEO v27.0) - https:\/\/yoast.com\/product\/yoast-seo-premium-wordpress\/ -->\n<title>Beim Love Festival werden die B\u00f6gen des Puerto de Tazacorte mit der LGTBIQ+-Flagge beleuchtet. - Isla Bonita Love Festival<\/title>\n<meta name=\"robots\" content=\"noindex, follow\" \/>\n<meta property=\"og:locale\" content=\"de_DE\" \/>\n<meta property=\"og:type\" content=\"article\" \/>\n<meta property=\"og:title\" content=\"Beim Love Festival werden die B\u00f6gen des Puerto de Tazacorte mit der LGTBIQ+-Flagge beleuchtet.\" \/>\n<meta property=\"og:description\" content=\"Die neue Ausgabe des Isla Bonita Love Festivals, das vom Cabildo de La Palma \u00fcber das \u00f6ffentliche Unternehmen Sodepal organisiert wird, l\u00e4sst die Beleuchtung der B\u00f6gen des Hafens von Tazacorte mit den Farben der LGTBIQ+-Flagge wieder aufleben, eine der traditionellen Aktionen der Veranstaltung seit ihren Anf\u00e4ngen. In diesem Jahr wird im Rahmen der sozialen Agenda ... Weiterlesen\" \/>\n<meta property=\"og:url\" content=\"https:\/\/www.islabonitalovefestival.es\/de\/2024\/07\/23\/beim-love-festival-werden-die-boegen-des-puerto-de-tazacorte-mit-der-lgtbiq-flagge-beleuchtet\/\" \/>\n<meta property=\"og:site_name\" content=\"Isla Bonita Love Festival\" \/>\n<meta property=\"article:publisher\" content=\"https:\/\/www.facebook.com\/islabonitalovefestival\/\" \/>\n<meta property=\"article:published_time\" content=\"2024-07-23T09:27:38+00:00\" \/>\n<meta property=\"article:modified_time\" content=\"2024-07-23T11:14:03+00:00\" \/>\n<meta property=\"og:image\" content=\"https:\/\/www.islabonitalovefestival.es\/wp-content\/uploads\/2024\/07\/Arcos_Puerto_Tazacorte-scaled.jpeg\" \/>\n\t<meta property=\"og:image:width\" content=\"2560\" \/>\n\t<meta property=\"og:image:height\" content=\"1920\" \/>\n\t<meta property=\"og:image:type\" content=\"image\/jpeg\" \/>\n<meta name=\"author\" content=\"admin\" \/>\n<meta name=\"twitter:card\" content=\"summary_large_image\" \/>\n<meta name=\"twitter:creator\" content=\"@IslaBonitaLoveF\" \/>\n<meta name=\"twitter:site\" content=\"@IslaBonitaLoveF\" \/>\n<script type=\"application\/ld+json\" class=\"yoast-schema-graph\">{\"@context\":\"https:\/\/schema.org\",\"@graph\":[{\"@type\":\"Article\",\"@id\":\"https:\/\/www.islabonitalovefestival.es\/de\/2024\/07\/23\/beim-love-festival-werden-die-boegen-des-puerto-de-tazacorte-mit-der-lgtbiq-flagge-beleuchtet\/#article\",\"isPartOf\":{\"@id\":\"https:\/\/www.islabonitalovefestival.es\/de\/2024\/07\/23\/beim-love-festival-werden-die-boegen-des-puerto-de-tazacorte-mit-der-lgtbiq-flagge-beleuchtet\/\"},\"author\":{\"name\":\"admin\",\"@id\":\"https:\/\/www.islabonitalovefestival.es\/#\/schema\/person\/e8c1725efa520a7107e2625e272fb763\"},\"headline\":\"Beim Love Festival werden die B\u00f6gen des Puerto de Tazacorte mit der LGTBIQ+-Flagge beleuchtet.\",\"datePublished\":\"2024-07-23T09:27:38+00:00\",\"dateModified\":\"2024-07-23T11:14:03+00:00\",\"mainEntityOfPage\":{\"@id\":\"https:\/\/www.islabonitalovefestival.es\/de\/2024\/07\/23\/beim-love-festival-werden-die-boegen-des-puerto-de-tazacorte-mit-der-lgtbiq-flagge-beleuchtet\/\"},\"wordCount\":161,\"publisher\":{\"@id\":\"https:\/\/www.islabonitalovefestival.es\/#organization\"},\"image\":{\"@id\":\"https:\/\/www.islabonitalovefestival.es\/de\/2024\/07\/23\/beim-love-festival-werden-die-boegen-des-puerto-de-tazacorte-mit-der-lgtbiq-flagge-beleuchtet\/#primaryimage\"},\"thumbnailUrl\":\"https:\/\/www.islabonitalovefestival.es\/wp-content\/uploads\/2024\/07\/Arcos_Puerto_Tazacorte-scaled.jpeg\",\"articleSection\":[\"Nachrichten\"],\"inLanguage\":\"de\"},{\"@type\":\"WebPage\",\"@id\":\"https:\/\/www.islabonitalovefestival.es\/de\/2024\/07\/23\/beim-love-festival-werden-die-boegen-des-puerto-de-tazacorte-mit-der-lgtbiq-flagge-beleuchtet\/\",\"url\":\"https:\/\/www.islabonitalovefestival.es\/de\/2024\/07\/23\/beim-love-festival-werden-die-boegen-des-puerto-de-tazacorte-mit-der-lgtbiq-flagge-beleuchtet\/\",\"name\":\"Beim Love Festival werden die B\u00f6gen des Puerto de Tazacorte mit der LGTBIQ+-Flagge beleuchtet. - Isla Bonita Love Festival\",\"isPartOf\":{\"@id\":\"https:\/\/www.islabonitalovefestival.es\/#website\"},\"primaryImageOfPage\":{\"@id\":\"https:\/\/www.islabonitalovefestival.es\/de\/2024\/07\/23\/beim-love-festival-werden-die-boegen-des-puerto-de-tazacorte-mit-der-lgtbiq-flagge-beleuchtet\/#primaryimage\"},\"image\":{\"@id\":\"https:\/\/www.islabonitalovefestival.es\/de\/2024\/07\/23\/beim-love-festival-werden-die-boegen-des-puerto-de-tazacorte-mit-der-lgtbiq-flagge-beleuchtet\/#primaryimage\"},\"thumbnailUrl\":\"https:\/\/www.islabonitalovefestival.es\/wp-content\/uploads\/2024\/07\/Arcos_Puerto_Tazacorte-scaled.jpeg\",\"datePublished\":\"2024-07-23T09:27:38+00:00\",\"dateModified\":\"2024-07-23T11:14:03+00:00\",\"breadcrumb\":{\"@id\":\"https:\/\/www.islabonitalovefestival.es\/de\/2024\/07\/23\/beim-love-festival-werden-die-boegen-des-puerto-de-tazacorte-mit-der-lgtbiq-flagge-beleuchtet\/#breadcrumb\"},\"inLanguage\":\"de\",\"potentialAction\":[{\"@type\":\"ReadAction\",\"target\":[\"https:\/\/www.islabonitalovefestival.es\/de\/2024\/07\/23\/beim-love-festival-werden-die-boegen-des-puerto-de-tazacorte-mit-der-lgtbiq-flagge-beleuchtet\/\"]}]},{\"@type\":\"ImageObject\",\"inLanguage\":\"de\",\"@id\":\"https:\/\/www.islabonitalovefestival.es\/de\/2024\/07\/23\/beim-love-festival-werden-die-boegen-des-puerto-de-tazacorte-mit-der-lgtbiq-flagge-beleuchtet\/#primaryimage\",\"url\":\"https:\/\/www.islabonitalovefestival.es\/wp-content\/uploads\/2024\/07\/Arcos_Puerto_Tazacorte-scaled.jpeg\",\"contentUrl\":\"https:\/\/www.islabonitalovefestival.es\/wp-content\/uploads\/2024\/07\/Arcos_Puerto_Tazacorte-scaled.jpeg\",\"width\":2560,\"height\":1920},{\"@type\":\"BreadcrumbList\",\"@id\":\"https:\/\/www.islabonitalovefestival.es\/de\/2024\/07\/23\/beim-love-festival-werden-die-boegen-des-puerto-de-tazacorte-mit-der-lgtbiq-flagge-beleuchtet\/#breadcrumb\",\"itemListElement\":[{\"@type\":\"ListItem\",\"position\":1,\"name\":\"Portada\",\"item\":\"https:\/\/www.islabonitalovefestival.es\/de\/\"},{\"@type\":\"ListItem\",\"position\":2,\"name\":\"Beim Love Festival werden die B\u00f6gen des Puerto de Tazacorte mit der LGTBIQ+-Flagge beleuchtet.\"}]},{\"@type\":\"WebSite\",\"@id\":\"https:\/\/www.islabonitalovefestival.es\/#website\",\"url\":\"https:\/\/www.islabonitalovefestival.es\/\",\"name\":\"Isla Bonita Love Festival 2024\",\"description\":\"Festival de la multiculturalidad que se celebrar\u00e1 del 22 al 28 de julio de 2024 en La Palma\",\"publisher\":{\"@id\":\"https:\/\/www.islabonitalovefestival.es\/#organization\"},\"alternateName\":\"Love Festival 2024\",\"potentialAction\":[{\"@type\":\"SearchAction\",\"target\":{\"@type\":\"EntryPoint\",\"urlTemplate\":\"https:\/\/www.islabonitalovefestival.es\/?s={search_term_string}\"},\"query-input\":{\"@type\":\"PropertyValueSpecification\",\"valueRequired\":true,\"valueName\":\"search_term_string\"}}],\"inLanguage\":\"de\"},{\"@type\":\"Organization\",\"@id\":\"https:\/\/www.islabonitalovefestival.es\/#organization\",\"name\":\"Isla Bonita Love Festival La Palma 2024\",\"alternateName\":\"Love Festival\",\"url\":\"https:\/\/www.islabonitalovefestival.es\/\",\"logo\":{\"@type\":\"ImageObject\",\"inLanguage\":\"de\",\"@id\":\"https:\/\/www.islabonitalovefestival.es\/#\/schema\/logo\/image\/\",\"url\":\"https:\/\/www.islabonitalovefestival.es\/wp-content\/uploads\/2024\/03\/LF24_entrada.png\",\"contentUrl\":\"https:\/\/www.islabonitalovefestival.es\/wp-content\/uploads\/2024\/03\/LF24_entrada.png\",\"width\":800,\"height\":800,\"caption\":\"Isla Bonita Love Festival La Palma 2024\"},\"image\":{\"@id\":\"https:\/\/www.islabonitalovefestival.es\/#\/schema\/logo\/image\/\"},\"sameAs\":[\"https:\/\/www.facebook.com\/islabonitalovefestival\/\",\"https:\/\/x.com\/IslaBonitaLoveF\",\"https:\/\/www.instagram.com\/islabonitalovefest\/\",\"https:\/\/www.youtube.com\/channel\/UCT7DqYugOSkmQ9lWVL9UTJw\"],\"description\":\"Sociedad de Promoci\u00f3n y Desarrollo econ\u00f3mico y Social de La Palma, empresa p\u00fablica dependiente del Cabildo de La Palma\",\"email\":\"info@sodepal.es\",\"telephone\":\"922417323\",\"legalName\":\"Sociedad de Promoci\u00f3n y Desarrollo Econ\u00f3mico de la isla de La Palma S.A.U.\",\"publishingPrinciples\":\"https:\/\/www.islabonitalovefestival.es\/aviso-legal\/\",\"ownershipFundingInfo\":\"https:\/\/www.islabonitalovefestival.es\/aviso-legal\/\",\"actionableFeedbackPolicy\":\"https:\/\/www.islabonitalovefestival.es\/aviso-legal\/\",\"correctionsPolicy\":\"https:\/\/www.islabonitalovefestival.es\/aviso-legal\/\",\"ethicsPolicy\":\"https:\/\/www.islabonitalovefestival.es\/aviso-legal\/\",\"diversityPolicy\":\"https:\/\/www.islabonitalovefestival.es\/aviso-legal\/\",\"diversityStaffingReport\":\"https:\/\/www.islabonitalovefestival.es\/aviso-legal\/\"},{\"@type\":\"Person\",\"@id\":\"https:\/\/www.islabonitalovefestival.es\/#\/schema\/person\/e8c1725efa520a7107e2625e272fb763\",\"name\":\"admin\"}]}<\/script>\n<!-- \/ Yoast SEO Premium plugin. -->","yoast_head_json":{"title":"Beim Love Festival werden die B\u00f6gen des Puerto de Tazacorte mit der LGTBIQ+-Flagge beleuchtet. - Isla Bonita Love Festival","robots":{"index":"noindex","follow":"follow"},"og_locale":"de_DE","og_type":"article","og_title":"Beim Love Festival werden die B\u00f6gen des Puerto de Tazacorte mit der LGTBIQ+-Flagge beleuchtet.","og_description":"Die neue Ausgabe des Isla Bonita Love Festivals, das vom Cabildo de La Palma \u00fcber das \u00f6ffentliche Unternehmen Sodepal organisiert wird, l\u00e4sst die Beleuchtung der B\u00f6gen des Hafens von Tazacorte mit den Farben der LGTBIQ+-Flagge wieder aufleben, eine der traditionellen Aktionen der Veranstaltung seit ihren Anf\u00e4ngen. In diesem Jahr wird im Rahmen der sozialen Agenda ... Weiterlesen","og_url":"https:\/\/www.islabonitalovefestival.es\/de\/2024\/07\/23\/beim-love-festival-werden-die-boegen-des-puerto-de-tazacorte-mit-der-lgtbiq-flagge-beleuchtet\/","og_site_name":"Isla Bonita Love Festival","article_publisher":"https:\/\/www.facebook.com\/islabonitalovefestival\/","article_published_time":"2024-07-23T09:27:38+00:00","article_modified_time":"2024-07-23T11:14:03+00:00","og_image":[{"width":2560,"height":1920,"url":"https:\/\/www.islabonitalovefestival.es\/wp-content\/uploads\/2024\/07\/Arcos_Puerto_Tazacorte-scaled.jpeg","type":"image\/jpeg"}],"author":"admin","twitter_card":"summary_large_image","twitter_creator":"@IslaBonitaLoveF","twitter_site":"@IslaBonitaLoveF","schema":{"@context":"https:\/\/schema.org","@graph":[{"@type":"Article","@id":"https:\/\/www.islabonitalovefestival.es\/de\/2024\/07\/23\/beim-love-festival-werden-die-boegen-des-puerto-de-tazacorte-mit-der-lgtbiq-flagge-beleuchtet\/#article","isPartOf":{"@id":"https:\/\/www.islabonitalovefestival.es\/de\/2024\/07\/23\/beim-love-festival-werden-die-boegen-des-puerto-de-tazacorte-mit-der-lgtbiq-flagge-beleuchtet\/"},"author":{"name":"admin","@id":"https:\/\/www.islabonitalovefestival.es\/#\/schema\/person\/e8c1725efa520a7107e2625e272fb763"},"headline":"Beim Love Festival werden die B\u00f6gen des Puerto de Tazacorte mit der LGTBIQ+-Flagge beleuchtet.","datePublished":"2024-07-23T09:27:38+00:00","dateModified":"2024-07-23T11:14:03+00:00","mainEntityOfPage":{"@id":"https:\/\/www.islabonitalovefestival.es\/de\/2024\/07\/23\/beim-love-festival-werden-die-boegen-des-puerto-de-tazacorte-mit-der-lgtbiq-flagge-beleuchtet\/"},"wordCount":161,"publisher":{"@id":"https:\/\/www.islabonitalovefestival.es\/#organization"},"image":{"@id":"https:\/\/www.islabonitalovefestival.es\/de\/2024\/07\/23\/beim-love-festival-werden-die-boegen-des-puerto-de-tazacorte-mit-der-lgtbiq-flagge-beleuchtet\/#primaryimage"},"thumbnailUrl":"https:\/\/www.islabonitalovefestival.es\/wp-content\/uploads\/2024\/07\/Arcos_Puerto_Tazacorte-scaled.jpeg","articleSection":["Nachrichten"],"inLanguage":"de"},{"@type":"WebPage","@id":"https:\/\/www.islabonitalovefestival.es\/de\/2024\/07\/23\/beim-love-festival-werden-die-boegen-des-puerto-de-tazacorte-mit-der-lgtbiq-flagge-beleuchtet\/","url":"https:\/\/www.islabonitalovefestival.es\/de\/2024\/07\/23\/beim-love-festival-werden-die-boegen-des-puerto-de-tazacorte-mit-der-lgtbiq-flagge-beleuchtet\/","name":"Beim Love Festival werden die B\u00f6gen des Puerto de Tazacorte mit der LGTBIQ+-Flagge beleuchtet. - Isla Bonita Love Festival","isPartOf":{"@id":"https:\/\/www.islabonitalovefestival.es\/#website"},"primaryImageOfPage":{"@id":"https:\/\/www.islabonitalovefestival.es\/de\/2024\/07\/23\/beim-love-festival-werden-die-boegen-des-puerto-de-tazacorte-mit-der-lgtbiq-flagge-beleuchtet\/#primaryimage"},"image":{"@id":"https:\/\/www.islabonitalovefestival.es\/de\/2024\/07\/23\/beim-love-festival-werden-die-boegen-des-puerto-de-tazacorte-mit-der-lgtbiq-flagge-beleuchtet\/#primaryimage"},"thumbnailUrl":"https:\/\/www.islabonitalovefestival.es\/wp-content\/uploads\/2024\/07\/Arcos_Puerto_Tazacorte-scaled.jpeg","datePublished":"2024-07-23T09:27:38+00:00","dateModified":"2024-07-23T11:14:03+00:00","breadcrumb":{"@id":"https:\/\/www.islabonitalovefestival.es\/de\/2024\/07\/23\/beim-love-festival-werden-die-boegen-des-puerto-de-tazacorte-mit-der-lgtbiq-flagge-beleuchtet\/#breadcrumb"},"inLanguage":"de","potentialAction":[{"@type":"ReadAction","target":["https:\/\/www.islabonitalovefestival.es\/de\/2024\/07\/23\/beim-love-festival-werden-die-boegen-des-puerto-de-tazacorte-mit-der-lgtbiq-flagge-beleuchtet\/"]}]},{"@type":"ImageObject","inLanguage":"de","@id":"https:\/\/www.islabonitalovefestival.es\/de\/2024\/07\/23\/beim-love-festival-werden-die-boegen-des-puerto-de-tazacorte-mit-der-lgtbiq-flagge-beleuchtet\/#primaryimage","url":"https:\/\/www.islabonitalovefestival.es\/wp-content\/uploads\/2024\/07\/Arcos_Puerto_Tazacorte-scaled.jpeg","contentUrl":"https:\/\/www.islabonitalovefestival.es\/wp-content\/uploads\/2024\/07\/Arcos_Puerto_Tazacorte-scaled.jpeg","width":2560,"height":1920},{"@type":"BreadcrumbList","@id":"https:\/\/www.islabonitalovefestival.es\/de\/2024\/07\/23\/beim-love-festival-werden-die-boegen-des-puerto-de-tazacorte-mit-der-lgtbiq-flagge-beleuchtet\/#breadcrumb","itemListElement":[{"@type":"ListItem","position":1,"name":"Portada","item":"https:\/\/www.islabonitalovefestival.es\/de\/"},{"@type":"ListItem","position":2,"name":"Beim Love Festival werden die B\u00f6gen des Puerto de Tazacorte mit der LGTBIQ+-Flagge beleuchtet."}]},{"@type":"WebSite","@id":"https:\/\/www.islabonitalovefestival.es\/#website","url":"https:\/\/www.islabonitalovefestival.es\/","name":"Isla Bonita Love Festival 2024","description":"Festival de la multiculturalidad que se celebrar\u00e1 del 22 al 28 de julio de 2024 en La Palma","publisher":{"@id":"https:\/\/www.islabonitalovefestival.es\/#organization"},"alternateName":"Love Festival 2024","potentialAction":[{"@type":"SearchAction","target":{"@type":"EntryPoint","urlTemplate":"https:\/\/www.islabonitalovefestival.es\/?s={search_term_string}"},"query-input":{"@type":"PropertyValueSpecification","valueRequired":true,"valueName":"search_term_string"}}],"inLanguage":"de"},{"@type":"Organization","@id":"https:\/\/www.islabonitalovefestival.es\/#organization","name":"Isla Bonita Love Festival La Palma 2024","alternateName":"Love Festival","url":"https:\/\/www.islabonitalovefestival.es\/","logo":{"@type":"ImageObject","inLanguage":"de","@id":"https:\/\/www.islabonitalovefestival.es\/#\/schema\/logo\/image\/","url":"https:\/\/www.islabonitalovefestival.es\/wp-content\/uploads\/2024\/03\/LF24_entrada.png","contentUrl":"https:\/\/www.islabonitalovefestival.es\/wp-content\/uploads\/2024\/03\/LF24_entrada.png","width":800,"height":800,"caption":"Isla Bonita Love Festival La Palma 2024"},"image":{"@id":"https:\/\/www.islabonitalovefestival.es\/#\/schema\/logo\/image\/"},"sameAs":["https:\/\/www.facebook.com\/islabonitalovefestival\/","https:\/\/x.com\/IslaBonitaLoveF","https:\/\/www.instagram.com\/islabonitalovefest\/","https:\/\/www.youtube.com\/channel\/UCT7DqYugOSkmQ9lWVL9UTJw"],"description":"Sociedad de Promoci\u00f3n y Desarrollo econ\u00f3mico y Social de La Palma, empresa p\u00fablica dependiente del Cabildo de La Palma","email":"info@sodepal.es","telephone":"922417323","legalName":"Sociedad de Promoci\u00f3n y Desarrollo Econ\u00f3mico de la isla de La Palma S.A.U.","publishingPrinciples":"https:\/\/www.islabonitalovefestival.es\/aviso-legal\/","ownershipFundingInfo":"https:\/\/www.islabonitalovefestival.es\/aviso-legal\/","actionableFeedbackPolicy":"https:\/\/www.islabonitalovefestival.es\/aviso-legal\/","correctionsPolicy":"https:\/\/www.islabonitalovefestival.es\/aviso-legal\/","ethicsPolicy":"https:\/\/www.islabonitalovefestival.es\/aviso-legal\/","diversityPolicy":"https:\/\/www.islabonitalovefestival.es\/aviso-legal\/","diversityStaffingReport":"https:\/\/www.islabonitalovefestival.es\/aviso-legal\/"},{"@type":"Person","@id":"https:\/\/www.islabonitalovefestival.es\/#\/schema\/person\/e8c1725efa520a7107e2625e272fb763","name":"admin"}]}},"_links":{"self":[{"href":"https:\/\/www.islabonitalovefestival.es\/de\/wp-json\/wp\/v2\/posts\/18451","targetHints":{"allow":["GET"]}}],"collection":[{"href":"https:\/\/www.islabonitalovefestival.es\/de\/wp-json\/wp\/v2\/posts"}],"about":[{"href":"https:\/\/www.islabonitalovefestival.es\/de\/wp-json\/wp\/v2\/types\/post"}],"author":[{"embeddable":true,"href":"https:\/\/www.islabonitalovefestival.es\/de\/wp-json\/wp\/v2\/users\/1"}],"replies":[{"embeddable":true,"href":"https:\/\/www.islabonitalovefestival.es\/de\/wp-json\/wp\/v2\/comments?post=18451"}],"version-history":[{"count":5,"href":"https:\/\/www.islabonitalovefestival.es\/de\/wp-json\/wp\/v2\/posts\/18451\/revisions"}],"predecessor-version":[{"id":18509,"href":"https:\/\/www.islabonitalovefestival.es\/de\/wp-json\/wp\/v2\/posts\/18451\/revisions\/18509"}],"wp:featuredmedia":[{"embeddable":true,"href":"https:\/\/www.islabonitalovefestival.es\/de\/wp-json\/wp\/v2\/media\/18456"}],"wp:attachment":[{"href":"https:\/\/www.islabonitalovefestival.es\/de\/wp-json\/wp\/v2\/media?parent=18451"}],"wp:term":[{"taxonomy":"category","embeddable":true,"href":"https:\/\/www.islabonitalovefestival.es\/de\/wp-json\/wp\/v2\/categories?post=18451"},{"taxonomy":"post_tag","embeddable":true,"href":"https:\/\/www.islabonitalovefestival.es\/de\/wp-json\/wp\/v2\/tags?post=18451"}],"curies":[{"name":"wp","href":"https:\/\/api.w.org\/{rel}","templated":true}]}}