{"id":18587,"date":"2024-07-24T09:36:01","date_gmt":"2024-07-24T08:36:01","guid":{"rendered":"https:\/\/www.islabonitalovefestival.es\/?p=18587"},"modified":"2024-07-24T13:51:41","modified_gmt":"2024-07-24T12:51:41","slug":"ferchos-und-macaca-radiata-treten-nach-gewonnenem-talentwettbewerb-beim-konzert-des-love-festivals-auf","status":"publish","type":"post","link":"https:\/\/www.islabonitalovefestival.es\/de\/2024\/07\/24\/ferchos-und-macaca-radiata-treten-nach-gewonnenem-talentwettbewerb-beim-konzert-des-love-festivals-auf\/","title":{"rendered":"Ferchos und Macaca Radiata treten nach gewonnenem Talentwettbewerb beim Konzert des Love Festivals auf"},"content":{"rendered":"\t\t<div data-elementor-type=\"wp-post\" data-elementor-id=\"18587\" class=\"elementor elementor-18587\" data-elementor-post-type=\"post\">\n\t\t\t\t\t\t<section data-particle_enable=\"false\" data-particle-mobile-disabled=\"false\" class=\"elementor-section elementor-top-section elementor-element elementor-element-5d4592ee elementor-section-boxed elementor-section-height-default elementor-section-height-default\" data-id=\"5d4592ee\" data-element_type=\"section\" data-e-type=\"section\">\n\t\t\t\t\t\t<div class=\"elementor-container elementor-column-gap-default\">\n\t\t\t\t\t<div class=\"elementor-column elementor-col-100 elementor-top-column elementor-element elementor-element-329aa00\" data-id=\"329aa00\" data-element_type=\"column\" data-e-type=\"column\">\n\t\t\t<div class=\"elementor-widget-wrap elementor-element-populated\">\n\t\t\t\t\t\t<div class=\"elementor-element elementor-element-cf78c36 elementor-widget elementor-widget-text-editor\" data-id=\"cf78c36\" data-element_type=\"widget\" data-e-type=\"widget\" data-widget_type=\"text-editor.default\">\n\t\t\t\t<div class=\"elementor-widget-container\">\n\t\t\t\t\t\t\t\t\t<div class=\"field field--name-field-noticias-entradilla field--type-text-long field--label-hidden field--item\"><div class=\"field field--name-field-noticias-entradilla field--type-text-long field--label-hidden field--item\"><h4>Der originelle S\u00e4nger und die Band aus La Palma werden sich beim musikalischen Finale des diesj\u00e4hrigen Love Festivals die B\u00fchne mit K\u00fcnstlern wie Ricky Martin und Martin Garrix teilen.<\/h4><p>Der S\u00e4nger Ferchos und die Band Macaca Radiata werden am Konzert des Love Festivals 2024 teilnehmen und sich dem bereits angek\u00fcndigten Line-up mit K\u00fcnstlern wie Ricky Martin, Martin Garrix, Chanel, Ptazeta, St Pedro, Orribo und Kingdom am kommenden Samstag, den 27. Juli, ab 18:00 Uhr, in Puerto de Tazacorte anschlie\u00dfen.<\/p><p>Ferchos und Macaca Radiata haben den Talentwettbewerb der neuen Ausgabe des Love Festivals gewonnen, \u201eeine Initiative, die darauf abzielt, lokalen Talenten Sichtbarkeit und Unterst\u00fctzung zu verschaffen, indem K\u00fcnstler von der Insel gef\u00f6rdert werden und ihnen die M\u00f6glichkeit gegeben wird, die B\u00fchne mit den anderen S\u00e4ngern des Konzertprogramms zu teilen, das zu einem Bezugspunkt in der kulturellen Agenda von La Palma und den Kanarischen Inseln geworden ist\u201c, so Miriam Perestelo, CEO von Sodepal.<\/p><p>Die Organisatoren der Veranstaltung laden die Besucher des Konzerts ein, die Talente von La Palma zu genie\u00dfen, die um 18:00 Uhr die B\u00fchne betreten werden, um den Abschluss der sozialen Agenda des Isla Bonita Love Festivals zu beleben, das seit dem 23. Juli mit verschiedenen Aktionen zur F\u00f6rderung von Freiheit und Vielfalt l\u00e4uft.<\/p><\/div><\/div>\t\t\t\t\t\t\t\t<\/div>\n\t\t\t\t<\/div>\n\t\t\t\t<div class=\"elementor-element elementor-element-973baa0 elementor-widget elementor-widget-image\" data-id=\"973baa0\" data-element_type=\"widget\" data-e-type=\"widget\" data-widget_type=\"image.default\">\n\t\t\t\t<div class=\"elementor-widget-container\">\n\t\t\t\t\t\t\t\t\t\t\t\t\t\t\t<img fetchpriority=\"high\" decoding=\"async\" width=\"1024\" height=\"1024\" src=\"https:\/\/www.islabonitalovefestival.es\/wp-content\/uploads\/2024\/07\/ferchos-1024x1024.png\" class=\"attachment-large size-large wp-image-18595\" alt=\"\" srcset=\"https:\/\/www.islabonitalovefestival.es\/wp-content\/uploads\/2024\/07\/ferchos-1024x1024.png 1024w, https:\/\/www.islabonitalovefestival.es\/wp-content\/uploads\/2024\/07\/ferchos-300x300.png 300w, https:\/\/www.islabonitalovefestival.es\/wp-content\/uploads\/2024\/07\/ferchos-150x150.png 150w, https:\/\/www.islabonitalovefestival.es\/wp-content\/uploads\/2024\/07\/ferchos-768x768.png 768w, https:\/\/www.islabonitalovefestival.es\/wp-content\/uploads\/2024\/07\/ferchos-1536x1536.png 1536w, https:\/\/www.islabonitalovefestival.es\/wp-content\/uploads\/2024\/07\/ferchos-2048x2048.png 2048w\" sizes=\"(max-width: 1024px) 100vw, 1024px\" \/>\t\t\t\t\t\t\t\t\t\t\t\t\t\t\t<\/div>\n\t\t\t\t<\/div>\n\t\t\t\t<div class=\"elementor-element elementor-element-7ab000b elementor-widget elementor-widget-text-editor\" data-id=\"7ab000b\" data-element_type=\"widget\" data-e-type=\"widget\" data-widget_type=\"text-editor.default\">\n\t\t\t\t<div class=\"elementor-widget-container\">\n\t\t\t\t\t\t\t\t\t<div class=\"field field--name-field-noticias-entradilla field--type-text-long field--label-hidden field--item\"><div class=\"field field--name-field-noticias-entradilla field--type-text-long field--label-hidden field--item\"><h4>Ferchos<\/h4><p>Ferchos ist die Sammlung der k\u00fcnstlerischen Facetten von Fernando P\u00e9rez, der aus Todoque stammt. In diesem Projekt erlaubt er sich, seinen Beruf als Computeringenieur beiseite zu legen, um \u201esanfte Musik f\u00fcr sch\u00fcchterne Kinder\u201c zu machen, wie er selbst sagt, und Musik als eine andere Sprache zu erforschen, mit der man die Welt und das, was sie hervorruft, beschreiben kann, um das Leben besser zu verstehen und zu bew\u00e4ltigen.<\/p><p>Im Jahr 2023 ver\u00f6ffentlichte er seine erste EP \u201eEs lo que hay, y ser\u00e1 lo que hubo\u201c, eine Reise durch die Unterschiede zwischen Resignation (als unvermeidliches Bedauern) und Akzeptanz (als n\u00e4chste Stufe des Friedens) anhand von Liedern, die er seit der Pandemie komponiert, in offenen Mikrofonen in Madrid, wo er lebte, getestet und mit Gabriel Vidanauta, dem Produzenten und Moderator des El Calvario-Mikrofons, aufgenommen hat.<\/p><p>In diesem Jahr kehrt er auf seine Insel zur\u00fcck, um sich wieder mit seiner Identit\u00e4t und seiner Familie zu verbinden und seine sieben Jahre im Ausland, in drei L\u00e4ndern und auf zwei verschiedenen Kontinenten, zu verarbeiten, mit dem Wunsch, weiter zu schaffen.<\/p><h4>Macaca Radiata<\/h4><p>Macaca Radiata ist eine Band, die 2022 von der Pianistin Sonia Martell (1997) und dem Gitarristen und S\u00e4nger Jorge P\u00e9rez (1998) gegr\u00fcndet wurde, die beide aus La Palma stammen, aber seit Jahren in Madrid leben.<\/p><p>Seit ihren Anf\u00e4ngen sind sie sowohl in der kanarischen als auch in der Madrider Musikszene frenetisch pr\u00e4sent, zeichnen sich durch eigene Kompositionen aus und decken ein breites Spektrum an Stilen ab, das von Pop, Rock, Jazz, Blues bis hin zum klassischen New Age reicht.<\/p><p>Im Jahr 2024 brachten sie ihr erstes Album A\u00fan nos queda tiempo heraus, das von dem Produzenten Leandro Sabino aus Buenos Aires produziert wurde, unter Mitwirkung von Musikern wie Andr\u00e9s Ollari (Trompeter von Fito P\u00e1ez), Daniel Acebes (Cellist von C-Tangana oder Antonio Carmona) oder Maia Prieto (Geigerin von Xoel L\u00f3pez) und anderen.<\/p><\/div><\/div>\t\t\t\t\t\t\t\t<\/div>\n\t\t\t\t<\/div>\n\t\t\t\t\t<\/div>\n\t\t<\/div>\n\t\t\t\t\t<\/div>\n\t\t<\/section>\n\t\t\t\t<\/div>\n\t\t","protected":false},"excerpt":{"rendered":"<p>Der originelle S\u00e4nger und die Band aus La Palma werden sich beim musikalischen Finale des diesj\u00e4hrigen Love Festivals die B\u00fchne mit K\u00fcnstlern wie Ricky Martin und Martin Garrix teilen. Der S\u00e4nger Ferchos und die Band Macaca Radiata werden am Konzert des Love Festivals 2024 teilnehmen und sich dem bereits angek\u00fcndigten Line-up mit K\u00fcnstlern wie Ricky &#8230; <a title=\"Ferchos und Macaca Radiata treten nach gewonnenem Talentwettbewerb beim Konzert des Love Festivals auf\" class=\"read-more\" href=\"https:\/\/www.islabonitalovefestival.es\/de\/2024\/07\/24\/ferchos-und-macaca-radiata-treten-nach-gewonnenem-talentwettbewerb-beim-konzert-des-love-festivals-auf\/\" aria-label=\"Mehr Informationen \u00fcber Ferchos und Macaca Radiata treten nach gewonnenem Talentwettbewerb beim Konzert des Love Festivals auf\">Weiterlesen<\/a><\/p>\n","protected":false},"author":1,"featured_media":18592,"comment_status":"closed","ping_status":"closed","sticky":false,"template":"","format":"standard","meta":{"footnotes":""},"categories":[234],"tags":[],"class_list":["post-18587","post","type-post","status-publish","format-standard","has-post-thumbnail","hentry","category-nachrichten"],"yoast_head":"<!-- This site is optimized with the Yoast SEO Premium plugin v22.0 (Yoast SEO v27.0) - https:\/\/yoast.com\/product\/yoast-seo-premium-wordpress\/ -->\n<title>Ferchos und Macaca Radiata treten nach gewonnenem Talentwettbewerb beim Konzert des Love Festivals auf - Isla Bonita Love Festival<\/title>\n<meta name=\"robots\" content=\"noindex, follow\" \/>\n<meta property=\"og:locale\" content=\"de_DE\" \/>\n<meta property=\"og:type\" content=\"article\" \/>\n<meta property=\"og:title\" content=\"Ferchos und Macaca Radiata treten nach gewonnenem Talentwettbewerb beim Konzert des Love Festivals auf\" \/>\n<meta property=\"og:description\" content=\"Der originelle S\u00e4nger und die Band aus La Palma werden sich beim musikalischen Finale des diesj\u00e4hrigen Love Festivals die B\u00fchne mit K\u00fcnstlern wie Ricky Martin und Martin Garrix teilen. Der S\u00e4nger Ferchos und die Band Macaca Radiata werden am Konzert des Love Festivals 2024 teilnehmen und sich dem bereits angek\u00fcndigten Line-up mit K\u00fcnstlern wie Ricky ... Weiterlesen\" \/>\n<meta property=\"og:url\" content=\"https:\/\/www.islabonitalovefestival.es\/de\/2024\/07\/24\/ferchos-und-macaca-radiata-treten-nach-gewonnenem-talentwettbewerb-beim-konzert-des-love-festivals-auf\/\" \/>\n<meta property=\"og:site_name\" content=\"Isla Bonita Love Festival\" \/>\n<meta property=\"article:publisher\" content=\"https:\/\/www.facebook.com\/islabonitalovefestival\/\" \/>\n<meta property=\"article:published_time\" content=\"2024-07-24T08:36:01+00:00\" \/>\n<meta property=\"article:modified_time\" content=\"2024-07-24T12:51:41+00:00\" \/>\n<meta property=\"og:image\" content=\"https:\/\/www.islabonitalovefestival.es\/wp-content\/uploads\/2024\/07\/macaca_radiata.png\" \/>\n\t<meta property=\"og:image:width\" content=\"2250\" \/>\n\t<meta property=\"og:image:height\" content=\"2250\" \/>\n\t<meta property=\"og:image:type\" content=\"image\/png\" \/>\n<meta name=\"author\" content=\"admin\" \/>\n<meta name=\"twitter:card\" content=\"summary_large_image\" \/>\n<meta name=\"twitter:creator\" content=\"@IslaBonitaLoveF\" \/>\n<meta name=\"twitter:site\" content=\"@IslaBonitaLoveF\" \/>\n<script type=\"application\/ld+json\" class=\"yoast-schema-graph\">{\"@context\":\"https:\/\/schema.org\",\"@graph\":[{\"@type\":\"Article\",\"@id\":\"https:\/\/www.islabonitalovefestival.es\/de\/2024\/07\/24\/ferchos-und-macaca-radiata-treten-nach-gewonnenem-talentwettbewerb-beim-konzert-des-love-festivals-auf\/#article\",\"isPartOf\":{\"@id\":\"https:\/\/www.islabonitalovefestival.es\/de\/2024\/07\/24\/ferchos-und-macaca-radiata-treten-nach-gewonnenem-talentwettbewerb-beim-konzert-des-love-festivals-auf\/\"},\"author\":{\"name\":\"admin\",\"@id\":\"https:\/\/www.islabonitalovefestival.es\/#\/schema\/person\/e8c1725efa520a7107e2625e272fb763\"},\"headline\":\"Ferchos und Macaca Radiata treten nach gewonnenem Talentwettbewerb beim Konzert des Love Festivals auf\",\"datePublished\":\"2024-07-24T08:36:01+00:00\",\"dateModified\":\"2024-07-24T12:51:41+00:00\",\"mainEntityOfPage\":{\"@id\":\"https:\/\/www.islabonitalovefestival.es\/de\/2024\/07\/24\/ferchos-und-macaca-radiata-treten-nach-gewonnenem-talentwettbewerb-beim-konzert-des-love-festivals-auf\/\"},\"wordCount\":554,\"publisher\":{\"@id\":\"https:\/\/www.islabonitalovefestival.es\/#organization\"},\"image\":{\"@id\":\"https:\/\/www.islabonitalovefestival.es\/de\/2024\/07\/24\/ferchos-und-macaca-radiata-treten-nach-gewonnenem-talentwettbewerb-beim-konzert-des-love-festivals-auf\/#primaryimage\"},\"thumbnailUrl\":\"https:\/\/www.islabonitalovefestival.es\/wp-content\/uploads\/2024\/07\/macaca_radiata.png\",\"articleSection\":[\"Nachrichten\"],\"inLanguage\":\"de\"},{\"@type\":\"WebPage\",\"@id\":\"https:\/\/www.islabonitalovefestival.es\/de\/2024\/07\/24\/ferchos-und-macaca-radiata-treten-nach-gewonnenem-talentwettbewerb-beim-konzert-des-love-festivals-auf\/\",\"url\":\"https:\/\/www.islabonitalovefestival.es\/de\/2024\/07\/24\/ferchos-und-macaca-radiata-treten-nach-gewonnenem-talentwettbewerb-beim-konzert-des-love-festivals-auf\/\",\"name\":\"Ferchos und Macaca Radiata treten nach gewonnenem Talentwettbewerb beim Konzert des Love Festivals auf - Isla Bonita Love Festival\",\"isPartOf\":{\"@id\":\"https:\/\/www.islabonitalovefestival.es\/#website\"},\"primaryImageOfPage\":{\"@id\":\"https:\/\/www.islabonitalovefestival.es\/de\/2024\/07\/24\/ferchos-und-macaca-radiata-treten-nach-gewonnenem-talentwettbewerb-beim-konzert-des-love-festivals-auf\/#primaryimage\"},\"image\":{\"@id\":\"https:\/\/www.islabonitalovefestival.es\/de\/2024\/07\/24\/ferchos-und-macaca-radiata-treten-nach-gewonnenem-talentwettbewerb-beim-konzert-des-love-festivals-auf\/#primaryimage\"},\"thumbnailUrl\":\"https:\/\/www.islabonitalovefestival.es\/wp-content\/uploads\/2024\/07\/macaca_radiata.png\",\"datePublished\":\"2024-07-24T08:36:01+00:00\",\"dateModified\":\"2024-07-24T12:51:41+00:00\",\"breadcrumb\":{\"@id\":\"https:\/\/www.islabonitalovefestival.es\/de\/2024\/07\/24\/ferchos-und-macaca-radiata-treten-nach-gewonnenem-talentwettbewerb-beim-konzert-des-love-festivals-auf\/#breadcrumb\"},\"inLanguage\":\"de\",\"potentialAction\":[{\"@type\":\"ReadAction\",\"target\":[\"https:\/\/www.islabonitalovefestival.es\/de\/2024\/07\/24\/ferchos-und-macaca-radiata-treten-nach-gewonnenem-talentwettbewerb-beim-konzert-des-love-festivals-auf\/\"]}]},{\"@type\":\"ImageObject\",\"inLanguage\":\"de\",\"@id\":\"https:\/\/www.islabonitalovefestival.es\/de\/2024\/07\/24\/ferchos-und-macaca-radiata-treten-nach-gewonnenem-talentwettbewerb-beim-konzert-des-love-festivals-auf\/#primaryimage\",\"url\":\"https:\/\/www.islabonitalovefestival.es\/wp-content\/uploads\/2024\/07\/macaca_radiata.png\",\"contentUrl\":\"https:\/\/www.islabonitalovefestival.es\/wp-content\/uploads\/2024\/07\/macaca_radiata.png\",\"width\":2250,\"height\":2250},{\"@type\":\"BreadcrumbList\",\"@id\":\"https:\/\/www.islabonitalovefestival.es\/de\/2024\/07\/24\/ferchos-und-macaca-radiata-treten-nach-gewonnenem-talentwettbewerb-beim-konzert-des-love-festivals-auf\/#breadcrumb\",\"itemListElement\":[{\"@type\":\"ListItem\",\"position\":1,\"name\":\"Portada\",\"item\":\"https:\/\/www.islabonitalovefestival.es\/de\/\"},{\"@type\":\"ListItem\",\"position\":2,\"name\":\"Ferchos und Macaca Radiata treten nach gewonnenem Talentwettbewerb beim Konzert des Love Festivals auf\"}]},{\"@type\":\"WebSite\",\"@id\":\"https:\/\/www.islabonitalovefestival.es\/#website\",\"url\":\"https:\/\/www.islabonitalovefestival.es\/\",\"name\":\"Isla Bonita Love Festival 2024\",\"description\":\"Festival de la multiculturalidad que se celebrar\u00e1 del 22 al 28 de julio de 2024 en La Palma\",\"publisher\":{\"@id\":\"https:\/\/www.islabonitalovefestival.es\/#organization\"},\"alternateName\":\"Love Festival 2024\",\"potentialAction\":[{\"@type\":\"SearchAction\",\"target\":{\"@type\":\"EntryPoint\",\"urlTemplate\":\"https:\/\/www.islabonitalovefestival.es\/?s={search_term_string}\"},\"query-input\":{\"@type\":\"PropertyValueSpecification\",\"valueRequired\":true,\"valueName\":\"search_term_string\"}}],\"inLanguage\":\"de\"},{\"@type\":\"Organization\",\"@id\":\"https:\/\/www.islabonitalovefestival.es\/#organization\",\"name\":\"Isla Bonita Love Festival La Palma 2024\",\"alternateName\":\"Love Festival\",\"url\":\"https:\/\/www.islabonitalovefestival.es\/\",\"logo\":{\"@type\":\"ImageObject\",\"inLanguage\":\"de\",\"@id\":\"https:\/\/www.islabonitalovefestival.es\/#\/schema\/logo\/image\/\",\"url\":\"https:\/\/www.islabonitalovefestival.es\/wp-content\/uploads\/2024\/03\/LF24_entrada.png\",\"contentUrl\":\"https:\/\/www.islabonitalovefestival.es\/wp-content\/uploads\/2024\/03\/LF24_entrada.png\",\"width\":800,\"height\":800,\"caption\":\"Isla Bonita Love Festival La Palma 2024\"},\"image\":{\"@id\":\"https:\/\/www.islabonitalovefestival.es\/#\/schema\/logo\/image\/\"},\"sameAs\":[\"https:\/\/www.facebook.com\/islabonitalovefestival\/\",\"https:\/\/x.com\/IslaBonitaLoveF\",\"https:\/\/www.instagram.com\/islabonitalovefest\/\",\"https:\/\/www.youtube.com\/channel\/UCT7DqYugOSkmQ9lWVL9UTJw\"],\"description\":\"Sociedad de Promoci\u00f3n y Desarrollo econ\u00f3mico y Social de La Palma, empresa p\u00fablica dependiente del Cabildo de La Palma\",\"email\":\"info@sodepal.es\",\"telephone\":\"922417323\",\"legalName\":\"Sociedad de Promoci\u00f3n y Desarrollo Econ\u00f3mico de la isla de La Palma S.A.U.\",\"publishingPrinciples\":\"https:\/\/www.islabonitalovefestival.es\/aviso-legal\/\",\"ownershipFundingInfo\":\"https:\/\/www.islabonitalovefestival.es\/aviso-legal\/\",\"actionableFeedbackPolicy\":\"https:\/\/www.islabonitalovefestival.es\/aviso-legal\/\",\"correctionsPolicy\":\"https:\/\/www.islabonitalovefestival.es\/aviso-legal\/\",\"ethicsPolicy\":\"https:\/\/www.islabonitalovefestival.es\/aviso-legal\/\",\"diversityPolicy\":\"https:\/\/www.islabonitalovefestival.es\/aviso-legal\/\",\"diversityStaffingReport\":\"https:\/\/www.islabonitalovefestival.es\/aviso-legal\/\"},{\"@type\":\"Person\",\"@id\":\"https:\/\/www.islabonitalovefestival.es\/#\/schema\/person\/e8c1725efa520a7107e2625e272fb763\",\"name\":\"admin\"}]}<\/script>\n<!-- \/ Yoast SEO Premium plugin. -->","yoast_head_json":{"title":"Ferchos und Macaca Radiata treten nach gewonnenem Talentwettbewerb beim Konzert des Love Festivals auf - Isla Bonita Love Festival","robots":{"index":"noindex","follow":"follow"},"og_locale":"de_DE","og_type":"article","og_title":"Ferchos und Macaca Radiata treten nach gewonnenem Talentwettbewerb beim Konzert des Love Festivals auf","og_description":"Der originelle S\u00e4nger und die Band aus La Palma werden sich beim musikalischen Finale des diesj\u00e4hrigen Love Festivals die B\u00fchne mit K\u00fcnstlern wie Ricky Martin und Martin Garrix teilen. Der S\u00e4nger Ferchos und die Band Macaca Radiata werden am Konzert des Love Festivals 2024 teilnehmen und sich dem bereits angek\u00fcndigten Line-up mit K\u00fcnstlern wie Ricky ... Weiterlesen","og_url":"https:\/\/www.islabonitalovefestival.es\/de\/2024\/07\/24\/ferchos-und-macaca-radiata-treten-nach-gewonnenem-talentwettbewerb-beim-konzert-des-love-festivals-auf\/","og_site_name":"Isla Bonita Love Festival","article_publisher":"https:\/\/www.facebook.com\/islabonitalovefestival\/","article_published_time":"2024-07-24T08:36:01+00:00","article_modified_time":"2024-07-24T12:51:41+00:00","og_image":[{"width":2250,"height":2250,"url":"https:\/\/www.islabonitalovefestival.es\/wp-content\/uploads\/2024\/07\/macaca_radiata.png","type":"image\/png"}],"author":"admin","twitter_card":"summary_large_image","twitter_creator":"@IslaBonitaLoveF","twitter_site":"@IslaBonitaLoveF","schema":{"@context":"https:\/\/schema.org","@graph":[{"@type":"Article","@id":"https:\/\/www.islabonitalovefestival.es\/de\/2024\/07\/24\/ferchos-und-macaca-radiata-treten-nach-gewonnenem-talentwettbewerb-beim-konzert-des-love-festivals-auf\/#article","isPartOf":{"@id":"https:\/\/www.islabonitalovefestival.es\/de\/2024\/07\/24\/ferchos-und-macaca-radiata-treten-nach-gewonnenem-talentwettbewerb-beim-konzert-des-love-festivals-auf\/"},"author":{"name":"admin","@id":"https:\/\/www.islabonitalovefestival.es\/#\/schema\/person\/e8c1725efa520a7107e2625e272fb763"},"headline":"Ferchos und Macaca Radiata treten nach gewonnenem Talentwettbewerb beim Konzert des Love Festivals auf","datePublished":"2024-07-24T08:36:01+00:00","dateModified":"2024-07-24T12:51:41+00:00","mainEntityOfPage":{"@id":"https:\/\/www.islabonitalovefestival.es\/de\/2024\/07\/24\/ferchos-und-macaca-radiata-treten-nach-gewonnenem-talentwettbewerb-beim-konzert-des-love-festivals-auf\/"},"wordCount":554,"publisher":{"@id":"https:\/\/www.islabonitalovefestival.es\/#organization"},"image":{"@id":"https:\/\/www.islabonitalovefestival.es\/de\/2024\/07\/24\/ferchos-und-macaca-radiata-treten-nach-gewonnenem-talentwettbewerb-beim-konzert-des-love-festivals-auf\/#primaryimage"},"thumbnailUrl":"https:\/\/www.islabonitalovefestival.es\/wp-content\/uploads\/2024\/07\/macaca_radiata.png","articleSection":["Nachrichten"],"inLanguage":"de"},{"@type":"WebPage","@id":"https:\/\/www.islabonitalovefestival.es\/de\/2024\/07\/24\/ferchos-und-macaca-radiata-treten-nach-gewonnenem-talentwettbewerb-beim-konzert-des-love-festivals-auf\/","url":"https:\/\/www.islabonitalovefestival.es\/de\/2024\/07\/24\/ferchos-und-macaca-radiata-treten-nach-gewonnenem-talentwettbewerb-beim-konzert-des-love-festivals-auf\/","name":"Ferchos und Macaca Radiata treten nach gewonnenem Talentwettbewerb beim Konzert des Love Festivals auf - Isla Bonita Love Festival","isPartOf":{"@id":"https:\/\/www.islabonitalovefestival.es\/#website"},"primaryImageOfPage":{"@id":"https:\/\/www.islabonitalovefestival.es\/de\/2024\/07\/24\/ferchos-und-macaca-radiata-treten-nach-gewonnenem-talentwettbewerb-beim-konzert-des-love-festivals-auf\/#primaryimage"},"image":{"@id":"https:\/\/www.islabonitalovefestival.es\/de\/2024\/07\/24\/ferchos-und-macaca-radiata-treten-nach-gewonnenem-talentwettbewerb-beim-konzert-des-love-festivals-auf\/#primaryimage"},"thumbnailUrl":"https:\/\/www.islabonitalovefestival.es\/wp-content\/uploads\/2024\/07\/macaca_radiata.png","datePublished":"2024-07-24T08:36:01+00:00","dateModified":"2024-07-24T12:51:41+00:00","breadcrumb":{"@id":"https:\/\/www.islabonitalovefestival.es\/de\/2024\/07\/24\/ferchos-und-macaca-radiata-treten-nach-gewonnenem-talentwettbewerb-beim-konzert-des-love-festivals-auf\/#breadcrumb"},"inLanguage":"de","potentialAction":[{"@type":"ReadAction","target":["https:\/\/www.islabonitalovefestival.es\/de\/2024\/07\/24\/ferchos-und-macaca-radiata-treten-nach-gewonnenem-talentwettbewerb-beim-konzert-des-love-festivals-auf\/"]}]},{"@type":"ImageObject","inLanguage":"de","@id":"https:\/\/www.islabonitalovefestival.es\/de\/2024\/07\/24\/ferchos-und-macaca-radiata-treten-nach-gewonnenem-talentwettbewerb-beim-konzert-des-love-festivals-auf\/#primaryimage","url":"https:\/\/www.islabonitalovefestival.es\/wp-content\/uploads\/2024\/07\/macaca_radiata.png","contentUrl":"https:\/\/www.islabonitalovefestival.es\/wp-content\/uploads\/2024\/07\/macaca_radiata.png","width":2250,"height":2250},{"@type":"BreadcrumbList","@id":"https:\/\/www.islabonitalovefestival.es\/de\/2024\/07\/24\/ferchos-und-macaca-radiata-treten-nach-gewonnenem-talentwettbewerb-beim-konzert-des-love-festivals-auf\/#breadcrumb","itemListElement":[{"@type":"ListItem","position":1,"name":"Portada","item":"https:\/\/www.islabonitalovefestival.es\/de\/"},{"@type":"ListItem","position":2,"name":"Ferchos und Macaca Radiata treten nach gewonnenem Talentwettbewerb beim Konzert des Love Festivals auf"}]},{"@type":"WebSite","@id":"https:\/\/www.islabonitalovefestival.es\/#website","url":"https:\/\/www.islabonitalovefestival.es\/","name":"Isla Bonita Love Festival 2024","description":"Festival de la multiculturalidad que se celebrar\u00e1 del 22 al 28 de julio de 2024 en La Palma","publisher":{"@id":"https:\/\/www.islabonitalovefestival.es\/#organization"},"alternateName":"Love Festival 2024","potentialAction":[{"@type":"SearchAction","target":{"@type":"EntryPoint","urlTemplate":"https:\/\/www.islabonitalovefestival.es\/?s={search_term_string}"},"query-input":{"@type":"PropertyValueSpecification","valueRequired":true,"valueName":"search_term_string"}}],"inLanguage":"de"},{"@type":"Organization","@id":"https:\/\/www.islabonitalovefestival.es\/#organization","name":"Isla Bonita Love Festival La Palma 2024","alternateName":"Love Festival","url":"https:\/\/www.islabonitalovefestival.es\/","logo":{"@type":"ImageObject","inLanguage":"de","@id":"https:\/\/www.islabonitalovefestival.es\/#\/schema\/logo\/image\/","url":"https:\/\/www.islabonitalovefestival.es\/wp-content\/uploads\/2024\/03\/LF24_entrada.png","contentUrl":"https:\/\/www.islabonitalovefestival.es\/wp-content\/uploads\/2024\/03\/LF24_entrada.png","width":800,"height":800,"caption":"Isla Bonita Love Festival La Palma 2024"},"image":{"@id":"https:\/\/www.islabonitalovefestival.es\/#\/schema\/logo\/image\/"},"sameAs":["https:\/\/www.facebook.com\/islabonitalovefestival\/","https:\/\/x.com\/IslaBonitaLoveF","https:\/\/www.instagram.com\/islabonitalovefest\/","https:\/\/www.youtube.com\/channel\/UCT7DqYugOSkmQ9lWVL9UTJw"],"description":"Sociedad de Promoci\u00f3n y Desarrollo econ\u00f3mico y Social de La Palma, empresa p\u00fablica dependiente del Cabildo de La Palma","email":"info@sodepal.es","telephone":"922417323","legalName":"Sociedad de Promoci\u00f3n y Desarrollo Econ\u00f3mico de la isla de La Palma S.A.U.","publishingPrinciples":"https:\/\/www.islabonitalovefestival.es\/aviso-legal\/","ownershipFundingInfo":"https:\/\/www.islabonitalovefestival.es\/aviso-legal\/","actionableFeedbackPolicy":"https:\/\/www.islabonitalovefestival.es\/aviso-legal\/","correctionsPolicy":"https:\/\/www.islabonitalovefestival.es\/aviso-legal\/","ethicsPolicy":"https:\/\/www.islabonitalovefestival.es\/aviso-legal\/","diversityPolicy":"https:\/\/www.islabonitalovefestival.es\/aviso-legal\/","diversityStaffingReport":"https:\/\/www.islabonitalovefestival.es\/aviso-legal\/"},{"@type":"Person","@id":"https:\/\/www.islabonitalovefestival.es\/#\/schema\/person\/e8c1725efa520a7107e2625e272fb763","name":"admin"}]}},"_links":{"self":[{"href":"https:\/\/www.islabonitalovefestival.es\/de\/wp-json\/wp\/v2\/posts\/18587","targetHints":{"allow":["GET"]}}],"collection":[{"href":"https:\/\/www.islabonitalovefestival.es\/de\/wp-json\/wp\/v2\/posts"}],"about":[{"href":"https:\/\/www.islabonitalovefestival.es\/de\/wp-json\/wp\/v2\/types\/post"}],"author":[{"embeddable":true,"href":"https:\/\/www.islabonitalovefestival.es\/de\/wp-json\/wp\/v2\/users\/1"}],"replies":[{"embeddable":true,"href":"https:\/\/www.islabonitalovefestival.es\/de\/wp-json\/wp\/v2\/comments?post=18587"}],"version-history":[{"count":5,"href":"https:\/\/www.islabonitalovefestival.es\/de\/wp-json\/wp\/v2\/posts\/18587\/revisions"}],"predecessor-version":[{"id":18708,"href":"https:\/\/www.islabonitalovefestival.es\/de\/wp-json\/wp\/v2\/posts\/18587\/revisions\/18708"}],"wp:featuredmedia":[{"embeddable":true,"href":"https:\/\/www.islabonitalovefestival.es\/de\/wp-json\/wp\/v2\/media\/18592"}],"wp:attachment":[{"href":"https:\/\/www.islabonitalovefestival.es\/de\/wp-json\/wp\/v2\/media?parent=18587"}],"wp:term":[{"taxonomy":"category","embeddable":true,"href":"https:\/\/www.islabonitalovefestival.es\/de\/wp-json\/wp\/v2\/categories?post=18587"},{"taxonomy":"post_tag","embeddable":true,"href":"https:\/\/www.islabonitalovefestival.es\/de\/wp-json\/wp\/v2\/tags?post=18587"}],"curies":[{"name":"wp","href":"https:\/\/api.w.org\/{rel}","templated":true}]}}