{"id":18624,"date":"2024-07-24T09:58:10","date_gmt":"2024-07-24T08:58:10","guid":{"rendered":"https:\/\/www.islabonitalovefestival.es\/?p=18624"},"modified":"2024-07-24T13:55:56","modified_gmt":"2024-07-24T12:55:56","slug":"das-love-festival-foerdert-eine-gleichberechtigtere-gesellschaft-durch-einen-politischen-und-sozialen-kongress-ueber-verschiedene-familien","status":"publish","type":"post","link":"https:\/\/www.islabonitalovefestival.es\/de\/2024\/07\/24\/das-love-festival-foerdert-eine-gleichberechtigtere-gesellschaft-durch-einen-politischen-und-sozialen-kongress-ueber-verschiedene-familien\/","title":{"rendered":"Das Love Festival f\u00f6rdert eine gleichberechtigtere Gesellschaft durch einen politischen und sozialen Kongress \u00fcber verschiedene Familien"},"content":{"rendered":"\t\t<div data-elementor-type=\"wp-post\" data-elementor-id=\"18624\" class=\"elementor elementor-18624\" data-elementor-post-type=\"post\">\n\t\t\t\t\t\t<section data-particle_enable=\"false\" data-particle-mobile-disabled=\"false\" class=\"elementor-section elementor-top-section elementor-element elementor-element-5d4592ee elementor-section-boxed elementor-section-height-default elementor-section-height-default\" data-id=\"5d4592ee\" data-element_type=\"section\" data-e-type=\"section\">\n\t\t\t\t\t\t<div class=\"elementor-container elementor-column-gap-default\">\n\t\t\t\t\t<div class=\"elementor-column elementor-col-100 elementor-top-column elementor-element elementor-element-329aa00\" data-id=\"329aa00\" data-element_type=\"column\" data-e-type=\"column\">\n\t\t\t<div class=\"elementor-widget-wrap elementor-element-populated\">\n\t\t\t\t\t\t<div class=\"elementor-element elementor-element-cf78c36 elementor-widget elementor-widget-text-editor\" data-id=\"cf78c36\" data-element_type=\"widget\" data-e-type=\"widget\" data-widget_type=\"text-editor.default\">\n\t\t\t\t<div class=\"elementor-widget-container\">\n\t\t\t\t\t\t\t\t\t<div class=\"field field--name-field-noticias-entradilla field--type-text-long field--label-hidden field--item\"><div class=\"field field--name-field-noticias-entradilla field--type-text-long field--label-hidden field--item\"><h4>Das Ziel dieses Treffens ist es, die soziale Verbesserung durch das Zeugnis der Menschen \u00fcber ihr Leben zu f\u00f6rdern.<\/h4><p>Das Isla Bonita Love Festival zielt darauf ab, das t\u00e4gliche Leben der LGTBIQ+-Gemeinschaft zu verbessern, und f\u00fchrt daher verschiedene Aktivit\u00e4ten zugunsten dieser Menschen durch. Am Donnerstag, den 25. Juli, findet ab 12:00 Uhr in der Casa de la Cultura in Los Llanos de Aridane der 5. politische und soziale Konvent f\u00fcr eine gerechtere und gleichberechtigtere Gesellschaft: die Realit\u00e4t der vielf\u00e4ltigen Familien statt.<\/p><p>An dieser Initiative nehmen drei verschiedene Familien teil, die alle auf den Kanarischen Inseln leben, eine davon auf La Palma. Die Protagonisten werden \u00fcber ihre Lebenserfahrungen, ihr t\u00e4gliches Leben und die Schwierigkeiten, denen sie bisher begegnet sind, sprechen.<\/p><p>Die Gesch\u00e4ftsf\u00fchrerin von Sodepal, Miriam Perestelo, pl\u00e4diert f\u00fcr sozialen Respekt und die Notwendigkeit, diese Art von Aktivit\u00e4ten zu entwickeln, um \u201edie verschiedenen Nachteile\u201c, mit denen diese Art von Familien konfrontiert sind, weil sie nicht die \u201etraditionelle Rolle\u201c haben, \u00f6ffentlich zu machen. Das Ziel dieses Treffens ist es, die gegenw\u00e4rtigen sozialen Ungerechtigkeiten und Ungleichheiten zu \u201ekonfr.<\/p><p>Die Zeugenaussagen der Betroffenen werden die verschiedenen Ungleichheiten und Ungerechtigkeiten, mit denen sie konfrontiert waren, beleuchten und sichtbar machen &#8211; eine gro\u00dfartige Gelegenheit f\u00fcr alle, die daran interessiert sind, diese Art von Gruppe zu besuchen und zu unterst\u00fctzen.<\/p><\/div><\/div>\t\t\t\t\t\t\t\t<\/div>\n\t\t\t\t<\/div>\n\t\t\t\t\t<\/div>\n\t\t<\/div>\n\t\t\t\t\t<\/div>\n\t\t<\/section>\n\t\t\t\t<\/div>\n\t\t","protected":false},"excerpt":{"rendered":"<p>Das Ziel dieses Treffens ist es, die soziale Verbesserung durch das Zeugnis der Menschen \u00fcber ihr Leben zu f\u00f6rdern. Das Isla Bonita Love Festival zielt darauf ab, das t\u00e4gliche Leben der LGTBIQ+-Gemeinschaft zu verbessern, und f\u00fchrt daher verschiedene Aktivit\u00e4ten zugunsten dieser Menschen durch. Am Donnerstag, den 25. Juli, findet ab 12:00 Uhr in der Casa &#8230; <a title=\"Das Love Festival f\u00f6rdert eine gleichberechtigtere Gesellschaft durch einen politischen und sozialen Kongress \u00fcber verschiedene Familien\" class=\"read-more\" href=\"https:\/\/www.islabonitalovefestival.es\/de\/2024\/07\/24\/das-love-festival-foerdert-eine-gleichberechtigtere-gesellschaft-durch-einen-politischen-und-sozialen-kongress-ueber-verschiedene-familien\/\" aria-label=\"Mehr Informationen \u00fcber Das Love Festival f\u00f6rdert eine gleichberechtigtere Gesellschaft durch einen politischen und sozialen Kongress \u00fcber verschiedene Familien\">Weiterlesen<\/a><\/p>\n","protected":false},"author":1,"featured_media":18628,"comment_status":"closed","ping_status":"closed","sticky":false,"template":"","format":"standard","meta":{"footnotes":""},"categories":[234],"tags":[],"class_list":["post-18624","post","type-post","status-publish","format-standard","has-post-thumbnail","hentry","category-nachrichten"],"yoast_head":"<!-- This site is optimized with the Yoast SEO Premium plugin v22.0 (Yoast SEO v27.0) - https:\/\/yoast.com\/product\/yoast-seo-premium-wordpress\/ -->\n<title>Das Love Festival f\u00f6rdert eine gleichberechtigtere Gesellschaft durch einen politischen und sozialen Kongress \u00fcber verschiedene Familien - Isla Bonita Love Festival<\/title>\n<meta name=\"robots\" content=\"noindex, follow\" \/>\n<meta property=\"og:locale\" content=\"de_DE\" \/>\n<meta property=\"og:type\" content=\"article\" \/>\n<meta property=\"og:title\" content=\"Das Love Festival f\u00f6rdert eine gleichberechtigtere Gesellschaft durch einen politischen und sozialen Kongress \u00fcber verschiedene Familien\" \/>\n<meta property=\"og:description\" content=\"Das Ziel dieses Treffens ist es, die soziale Verbesserung durch das Zeugnis der Menschen \u00fcber ihr Leben zu f\u00f6rdern. Das Isla Bonita Love Festival zielt darauf ab, das t\u00e4gliche Leben der LGTBIQ+-Gemeinschaft zu verbessern, und f\u00fchrt daher verschiedene Aktivit\u00e4ten zugunsten dieser Menschen durch. Am Donnerstag, den 25. Juli, findet ab 12:00 Uhr in der Casa ... Weiterlesen\" \/>\n<meta property=\"og:url\" content=\"https:\/\/www.islabonitalovefestival.es\/de\/2024\/07\/24\/das-love-festival-foerdert-eine-gleichberechtigtere-gesellschaft-durch-einen-politischen-und-sozialen-kongress-ueber-verschiedene-familien\/\" \/>\n<meta property=\"og:site_name\" content=\"Isla Bonita Love Festival\" \/>\n<meta property=\"article:publisher\" content=\"https:\/\/www.facebook.com\/islabonitalovefestival\/\" \/>\n<meta property=\"article:published_time\" content=\"2024-07-24T08:58:10+00:00\" \/>\n<meta property=\"article:modified_time\" content=\"2024-07-24T12:55:56+00:00\" \/>\n<meta property=\"og:image\" content=\"https:\/\/www.islabonitalovefestival.es\/wp-content\/uploads\/2024\/07\/Convencion_politica.jpg\" \/>\n\t<meta property=\"og:image:width\" content=\"1440\" \/>\n\t<meta property=\"og:image:height\" content=\"1440\" \/>\n\t<meta property=\"og:image:type\" content=\"image\/jpeg\" \/>\n<meta name=\"author\" content=\"admin\" \/>\n<meta name=\"twitter:card\" content=\"summary_large_image\" \/>\n<meta name=\"twitter:creator\" content=\"@IslaBonitaLoveF\" \/>\n<meta name=\"twitter:site\" content=\"@IslaBonitaLoveF\" \/>\n<script type=\"application\/ld+json\" class=\"yoast-schema-graph\">{\"@context\":\"https:\/\/schema.org\",\"@graph\":[{\"@type\":\"Article\",\"@id\":\"https:\/\/www.islabonitalovefestival.es\/de\/2024\/07\/24\/das-love-festival-foerdert-eine-gleichberechtigtere-gesellschaft-durch-einen-politischen-und-sozialen-kongress-ueber-verschiedene-familien\/#article\",\"isPartOf\":{\"@id\":\"https:\/\/www.islabonitalovefestival.es\/de\/2024\/07\/24\/das-love-festival-foerdert-eine-gleichberechtigtere-gesellschaft-durch-einen-politischen-und-sozialen-kongress-ueber-verschiedene-familien\/\"},\"author\":{\"name\":\"admin\",\"@id\":\"https:\/\/www.islabonitalovefestival.es\/#\/schema\/person\/e8c1725efa520a7107e2625e272fb763\"},\"headline\":\"Das Love Festival f\u00f6rdert eine gleichberechtigtere Gesellschaft durch einen politischen und sozialen Kongress \u00fcber verschiedene Familien\",\"datePublished\":\"2024-07-24T08:58:10+00:00\",\"dateModified\":\"2024-07-24T12:55:56+00:00\",\"mainEntityOfPage\":{\"@id\":\"https:\/\/www.islabonitalovefestival.es\/de\/2024\/07\/24\/das-love-festival-foerdert-eine-gleichberechtigtere-gesellschaft-durch-einen-politischen-und-sozialen-kongress-ueber-verschiedene-familien\/\"},\"wordCount\":244,\"publisher\":{\"@id\":\"https:\/\/www.islabonitalovefestival.es\/#organization\"},\"image\":{\"@id\":\"https:\/\/www.islabonitalovefestival.es\/de\/2024\/07\/24\/das-love-festival-foerdert-eine-gleichberechtigtere-gesellschaft-durch-einen-politischen-und-sozialen-kongress-ueber-verschiedene-familien\/#primaryimage\"},\"thumbnailUrl\":\"https:\/\/www.islabonitalovefestival.es\/wp-content\/uploads\/2024\/07\/Convencion_politica.jpg\",\"articleSection\":[\"Nachrichten\"],\"inLanguage\":\"de\"},{\"@type\":\"WebPage\",\"@id\":\"https:\/\/www.islabonitalovefestival.es\/de\/2024\/07\/24\/das-love-festival-foerdert-eine-gleichberechtigtere-gesellschaft-durch-einen-politischen-und-sozialen-kongress-ueber-verschiedene-familien\/\",\"url\":\"https:\/\/www.islabonitalovefestival.es\/de\/2024\/07\/24\/das-love-festival-foerdert-eine-gleichberechtigtere-gesellschaft-durch-einen-politischen-und-sozialen-kongress-ueber-verschiedene-familien\/\",\"name\":\"Das Love Festival f\u00f6rdert eine gleichberechtigtere Gesellschaft durch einen politischen und sozialen Kongress \u00fcber verschiedene Familien - Isla Bonita Love Festival\",\"isPartOf\":{\"@id\":\"https:\/\/www.islabonitalovefestival.es\/#website\"},\"primaryImageOfPage\":{\"@id\":\"https:\/\/www.islabonitalovefestival.es\/de\/2024\/07\/24\/das-love-festival-foerdert-eine-gleichberechtigtere-gesellschaft-durch-einen-politischen-und-sozialen-kongress-ueber-verschiedene-familien\/#primaryimage\"},\"image\":{\"@id\":\"https:\/\/www.islabonitalovefestival.es\/de\/2024\/07\/24\/das-love-festival-foerdert-eine-gleichberechtigtere-gesellschaft-durch-einen-politischen-und-sozialen-kongress-ueber-verschiedene-familien\/#primaryimage\"},\"thumbnailUrl\":\"https:\/\/www.islabonitalovefestival.es\/wp-content\/uploads\/2024\/07\/Convencion_politica.jpg\",\"datePublished\":\"2024-07-24T08:58:10+00:00\",\"dateModified\":\"2024-07-24T12:55:56+00:00\",\"breadcrumb\":{\"@id\":\"https:\/\/www.islabonitalovefestival.es\/de\/2024\/07\/24\/das-love-festival-foerdert-eine-gleichberechtigtere-gesellschaft-durch-einen-politischen-und-sozialen-kongress-ueber-verschiedene-familien\/#breadcrumb\"},\"inLanguage\":\"de\",\"potentialAction\":[{\"@type\":\"ReadAction\",\"target\":[\"https:\/\/www.islabonitalovefestival.es\/de\/2024\/07\/24\/das-love-festival-foerdert-eine-gleichberechtigtere-gesellschaft-durch-einen-politischen-und-sozialen-kongress-ueber-verschiedene-familien\/\"]}]},{\"@type\":\"ImageObject\",\"inLanguage\":\"de\",\"@id\":\"https:\/\/www.islabonitalovefestival.es\/de\/2024\/07\/24\/das-love-festival-foerdert-eine-gleichberechtigtere-gesellschaft-durch-einen-politischen-und-sozialen-kongress-ueber-verschiedene-familien\/#primaryimage\",\"url\":\"https:\/\/www.islabonitalovefestival.es\/wp-content\/uploads\/2024\/07\/Convencion_politica.jpg\",\"contentUrl\":\"https:\/\/www.islabonitalovefestival.es\/wp-content\/uploads\/2024\/07\/Convencion_politica.jpg\",\"width\":1440,\"height\":1440},{\"@type\":\"BreadcrumbList\",\"@id\":\"https:\/\/www.islabonitalovefestival.es\/de\/2024\/07\/24\/das-love-festival-foerdert-eine-gleichberechtigtere-gesellschaft-durch-einen-politischen-und-sozialen-kongress-ueber-verschiedene-familien\/#breadcrumb\",\"itemListElement\":[{\"@type\":\"ListItem\",\"position\":1,\"name\":\"Portada\",\"item\":\"https:\/\/www.islabonitalovefestival.es\/de\/\"},{\"@type\":\"ListItem\",\"position\":2,\"name\":\"Das Love Festival f\u00f6rdert eine gleichberechtigtere Gesellschaft durch einen politischen und sozialen Kongress \u00fcber verschiedene Familien\"}]},{\"@type\":\"WebSite\",\"@id\":\"https:\/\/www.islabonitalovefestival.es\/#website\",\"url\":\"https:\/\/www.islabonitalovefestival.es\/\",\"name\":\"Isla Bonita Love Festival 2024\",\"description\":\"Festival de la multiculturalidad que se celebrar\u00e1 del 22 al 28 de julio de 2024 en La Palma\",\"publisher\":{\"@id\":\"https:\/\/www.islabonitalovefestival.es\/#organization\"},\"alternateName\":\"Love Festival 2024\",\"potentialAction\":[{\"@type\":\"SearchAction\",\"target\":{\"@type\":\"EntryPoint\",\"urlTemplate\":\"https:\/\/www.islabonitalovefestival.es\/?s={search_term_string}\"},\"query-input\":{\"@type\":\"PropertyValueSpecification\",\"valueRequired\":true,\"valueName\":\"search_term_string\"}}],\"inLanguage\":\"de\"},{\"@type\":\"Organization\",\"@id\":\"https:\/\/www.islabonitalovefestival.es\/#organization\",\"name\":\"Isla Bonita Love Festival La Palma 2024\",\"alternateName\":\"Love Festival\",\"url\":\"https:\/\/www.islabonitalovefestival.es\/\",\"logo\":{\"@type\":\"ImageObject\",\"inLanguage\":\"de\",\"@id\":\"https:\/\/www.islabonitalovefestival.es\/#\/schema\/logo\/image\/\",\"url\":\"https:\/\/www.islabonitalovefestival.es\/wp-content\/uploads\/2024\/03\/LF24_entrada.png\",\"contentUrl\":\"https:\/\/www.islabonitalovefestival.es\/wp-content\/uploads\/2024\/03\/LF24_entrada.png\",\"width\":800,\"height\":800,\"caption\":\"Isla Bonita Love Festival La Palma 2024\"},\"image\":{\"@id\":\"https:\/\/www.islabonitalovefestival.es\/#\/schema\/logo\/image\/\"},\"sameAs\":[\"https:\/\/www.facebook.com\/islabonitalovefestival\/\",\"https:\/\/x.com\/IslaBonitaLoveF\",\"https:\/\/www.instagram.com\/islabonitalovefest\/\",\"https:\/\/www.youtube.com\/channel\/UCT7DqYugOSkmQ9lWVL9UTJw\"],\"description\":\"Sociedad de Promoci\u00f3n y Desarrollo econ\u00f3mico y Social de La Palma, empresa p\u00fablica dependiente del Cabildo de La Palma\",\"email\":\"info@sodepal.es\",\"telephone\":\"922417323\",\"legalName\":\"Sociedad de Promoci\u00f3n y Desarrollo Econ\u00f3mico de la isla de La Palma S.A.U.\",\"publishingPrinciples\":\"https:\/\/www.islabonitalovefestival.es\/aviso-legal\/\",\"ownershipFundingInfo\":\"https:\/\/www.islabonitalovefestival.es\/aviso-legal\/\",\"actionableFeedbackPolicy\":\"https:\/\/www.islabonitalovefestival.es\/aviso-legal\/\",\"correctionsPolicy\":\"https:\/\/www.islabonitalovefestival.es\/aviso-legal\/\",\"ethicsPolicy\":\"https:\/\/www.islabonitalovefestival.es\/aviso-legal\/\",\"diversityPolicy\":\"https:\/\/www.islabonitalovefestival.es\/aviso-legal\/\",\"diversityStaffingReport\":\"https:\/\/www.islabonitalovefestival.es\/aviso-legal\/\"},{\"@type\":\"Person\",\"@id\":\"https:\/\/www.islabonitalovefestival.es\/#\/schema\/person\/e8c1725efa520a7107e2625e272fb763\",\"name\":\"admin\"}]}<\/script>\n<!-- \/ Yoast SEO Premium plugin. -->","yoast_head_json":{"title":"Das Love Festival f\u00f6rdert eine gleichberechtigtere Gesellschaft durch einen politischen und sozialen Kongress \u00fcber verschiedene Familien - Isla Bonita Love Festival","robots":{"index":"noindex","follow":"follow"},"og_locale":"de_DE","og_type":"article","og_title":"Das Love Festival f\u00f6rdert eine gleichberechtigtere Gesellschaft durch einen politischen und sozialen Kongress \u00fcber verschiedene Familien","og_description":"Das Ziel dieses Treffens ist es, die soziale Verbesserung durch das Zeugnis der Menschen \u00fcber ihr Leben zu f\u00f6rdern. Das Isla Bonita Love Festival zielt darauf ab, das t\u00e4gliche Leben der LGTBIQ+-Gemeinschaft zu verbessern, und f\u00fchrt daher verschiedene Aktivit\u00e4ten zugunsten dieser Menschen durch. Am Donnerstag, den 25. Juli, findet ab 12:00 Uhr in der Casa ... Weiterlesen","og_url":"https:\/\/www.islabonitalovefestival.es\/de\/2024\/07\/24\/das-love-festival-foerdert-eine-gleichberechtigtere-gesellschaft-durch-einen-politischen-und-sozialen-kongress-ueber-verschiedene-familien\/","og_site_name":"Isla Bonita Love Festival","article_publisher":"https:\/\/www.facebook.com\/islabonitalovefestival\/","article_published_time":"2024-07-24T08:58:10+00:00","article_modified_time":"2024-07-24T12:55:56+00:00","og_image":[{"width":1440,"height":1440,"url":"https:\/\/www.islabonitalovefestival.es\/wp-content\/uploads\/2024\/07\/Convencion_politica.jpg","type":"image\/jpeg"}],"author":"admin","twitter_card":"summary_large_image","twitter_creator":"@IslaBonitaLoveF","twitter_site":"@IslaBonitaLoveF","schema":{"@context":"https:\/\/schema.org","@graph":[{"@type":"Article","@id":"https:\/\/www.islabonitalovefestival.es\/de\/2024\/07\/24\/das-love-festival-foerdert-eine-gleichberechtigtere-gesellschaft-durch-einen-politischen-und-sozialen-kongress-ueber-verschiedene-familien\/#article","isPartOf":{"@id":"https:\/\/www.islabonitalovefestival.es\/de\/2024\/07\/24\/das-love-festival-foerdert-eine-gleichberechtigtere-gesellschaft-durch-einen-politischen-und-sozialen-kongress-ueber-verschiedene-familien\/"},"author":{"name":"admin","@id":"https:\/\/www.islabonitalovefestival.es\/#\/schema\/person\/e8c1725efa520a7107e2625e272fb763"},"headline":"Das Love Festival f\u00f6rdert eine gleichberechtigtere Gesellschaft durch einen politischen und sozialen Kongress \u00fcber verschiedene Familien","datePublished":"2024-07-24T08:58:10+00:00","dateModified":"2024-07-24T12:55:56+00:00","mainEntityOfPage":{"@id":"https:\/\/www.islabonitalovefestival.es\/de\/2024\/07\/24\/das-love-festival-foerdert-eine-gleichberechtigtere-gesellschaft-durch-einen-politischen-und-sozialen-kongress-ueber-verschiedene-familien\/"},"wordCount":244,"publisher":{"@id":"https:\/\/www.islabonitalovefestival.es\/#organization"},"image":{"@id":"https:\/\/www.islabonitalovefestival.es\/de\/2024\/07\/24\/das-love-festival-foerdert-eine-gleichberechtigtere-gesellschaft-durch-einen-politischen-und-sozialen-kongress-ueber-verschiedene-familien\/#primaryimage"},"thumbnailUrl":"https:\/\/www.islabonitalovefestival.es\/wp-content\/uploads\/2024\/07\/Convencion_politica.jpg","articleSection":["Nachrichten"],"inLanguage":"de"},{"@type":"WebPage","@id":"https:\/\/www.islabonitalovefestival.es\/de\/2024\/07\/24\/das-love-festival-foerdert-eine-gleichberechtigtere-gesellschaft-durch-einen-politischen-und-sozialen-kongress-ueber-verschiedene-familien\/","url":"https:\/\/www.islabonitalovefestival.es\/de\/2024\/07\/24\/das-love-festival-foerdert-eine-gleichberechtigtere-gesellschaft-durch-einen-politischen-und-sozialen-kongress-ueber-verschiedene-familien\/","name":"Das Love Festival f\u00f6rdert eine gleichberechtigtere Gesellschaft durch einen politischen und sozialen Kongress \u00fcber verschiedene Familien - Isla Bonita Love Festival","isPartOf":{"@id":"https:\/\/www.islabonitalovefestival.es\/#website"},"primaryImageOfPage":{"@id":"https:\/\/www.islabonitalovefestival.es\/de\/2024\/07\/24\/das-love-festival-foerdert-eine-gleichberechtigtere-gesellschaft-durch-einen-politischen-und-sozialen-kongress-ueber-verschiedene-familien\/#primaryimage"},"image":{"@id":"https:\/\/www.islabonitalovefestival.es\/de\/2024\/07\/24\/das-love-festival-foerdert-eine-gleichberechtigtere-gesellschaft-durch-einen-politischen-und-sozialen-kongress-ueber-verschiedene-familien\/#primaryimage"},"thumbnailUrl":"https:\/\/www.islabonitalovefestival.es\/wp-content\/uploads\/2024\/07\/Convencion_politica.jpg","datePublished":"2024-07-24T08:58:10+00:00","dateModified":"2024-07-24T12:55:56+00:00","breadcrumb":{"@id":"https:\/\/www.islabonitalovefestival.es\/de\/2024\/07\/24\/das-love-festival-foerdert-eine-gleichberechtigtere-gesellschaft-durch-einen-politischen-und-sozialen-kongress-ueber-verschiedene-familien\/#breadcrumb"},"inLanguage":"de","potentialAction":[{"@type":"ReadAction","target":["https:\/\/www.islabonitalovefestival.es\/de\/2024\/07\/24\/das-love-festival-foerdert-eine-gleichberechtigtere-gesellschaft-durch-einen-politischen-und-sozialen-kongress-ueber-verschiedene-familien\/"]}]},{"@type":"ImageObject","inLanguage":"de","@id":"https:\/\/www.islabonitalovefestival.es\/de\/2024\/07\/24\/das-love-festival-foerdert-eine-gleichberechtigtere-gesellschaft-durch-einen-politischen-und-sozialen-kongress-ueber-verschiedene-familien\/#primaryimage","url":"https:\/\/www.islabonitalovefestival.es\/wp-content\/uploads\/2024\/07\/Convencion_politica.jpg","contentUrl":"https:\/\/www.islabonitalovefestival.es\/wp-content\/uploads\/2024\/07\/Convencion_politica.jpg","width":1440,"height":1440},{"@type":"BreadcrumbList","@id":"https:\/\/www.islabonitalovefestival.es\/de\/2024\/07\/24\/das-love-festival-foerdert-eine-gleichberechtigtere-gesellschaft-durch-einen-politischen-und-sozialen-kongress-ueber-verschiedene-familien\/#breadcrumb","itemListElement":[{"@type":"ListItem","position":1,"name":"Portada","item":"https:\/\/www.islabonitalovefestival.es\/de\/"},{"@type":"ListItem","position":2,"name":"Das Love Festival f\u00f6rdert eine gleichberechtigtere Gesellschaft durch einen politischen und sozialen Kongress \u00fcber verschiedene Familien"}]},{"@type":"WebSite","@id":"https:\/\/www.islabonitalovefestival.es\/#website","url":"https:\/\/www.islabonitalovefestival.es\/","name":"Isla Bonita Love Festival 2024","description":"Festival de la multiculturalidad que se celebrar\u00e1 del 22 al 28 de julio de 2024 en La Palma","publisher":{"@id":"https:\/\/www.islabonitalovefestival.es\/#organization"},"alternateName":"Love Festival 2024","potentialAction":[{"@type":"SearchAction","target":{"@type":"EntryPoint","urlTemplate":"https:\/\/www.islabonitalovefestival.es\/?s={search_term_string}"},"query-input":{"@type":"PropertyValueSpecification","valueRequired":true,"valueName":"search_term_string"}}],"inLanguage":"de"},{"@type":"Organization","@id":"https:\/\/www.islabonitalovefestival.es\/#organization","name":"Isla Bonita Love Festival La Palma 2024","alternateName":"Love Festival","url":"https:\/\/www.islabonitalovefestival.es\/","logo":{"@type":"ImageObject","inLanguage":"de","@id":"https:\/\/www.islabonitalovefestival.es\/#\/schema\/logo\/image\/","url":"https:\/\/www.islabonitalovefestival.es\/wp-content\/uploads\/2024\/03\/LF24_entrada.png","contentUrl":"https:\/\/www.islabonitalovefestival.es\/wp-content\/uploads\/2024\/03\/LF24_entrada.png","width":800,"height":800,"caption":"Isla Bonita Love Festival La Palma 2024"},"image":{"@id":"https:\/\/www.islabonitalovefestival.es\/#\/schema\/logo\/image\/"},"sameAs":["https:\/\/www.facebook.com\/islabonitalovefestival\/","https:\/\/x.com\/IslaBonitaLoveF","https:\/\/www.instagram.com\/islabonitalovefest\/","https:\/\/www.youtube.com\/channel\/UCT7DqYugOSkmQ9lWVL9UTJw"],"description":"Sociedad de Promoci\u00f3n y Desarrollo econ\u00f3mico y Social de La Palma, empresa p\u00fablica dependiente del Cabildo de La Palma","email":"info@sodepal.es","telephone":"922417323","legalName":"Sociedad de Promoci\u00f3n y Desarrollo Econ\u00f3mico de la isla de La Palma S.A.U.","publishingPrinciples":"https:\/\/www.islabonitalovefestival.es\/aviso-legal\/","ownershipFundingInfo":"https:\/\/www.islabonitalovefestival.es\/aviso-legal\/","actionableFeedbackPolicy":"https:\/\/www.islabonitalovefestival.es\/aviso-legal\/","correctionsPolicy":"https:\/\/www.islabonitalovefestival.es\/aviso-legal\/","ethicsPolicy":"https:\/\/www.islabonitalovefestival.es\/aviso-legal\/","diversityPolicy":"https:\/\/www.islabonitalovefestival.es\/aviso-legal\/","diversityStaffingReport":"https:\/\/www.islabonitalovefestival.es\/aviso-legal\/"},{"@type":"Person","@id":"https:\/\/www.islabonitalovefestival.es\/#\/schema\/person\/e8c1725efa520a7107e2625e272fb763","name":"admin"}]}},"_links":{"self":[{"href":"https:\/\/www.islabonitalovefestival.es\/de\/wp-json\/wp\/v2\/posts\/18624","targetHints":{"allow":["GET"]}}],"collection":[{"href":"https:\/\/www.islabonitalovefestival.es\/de\/wp-json\/wp\/v2\/posts"}],"about":[{"href":"https:\/\/www.islabonitalovefestival.es\/de\/wp-json\/wp\/v2\/types\/post"}],"author":[{"embeddable":true,"href":"https:\/\/www.islabonitalovefestival.es\/de\/wp-json\/wp\/v2\/users\/1"}],"replies":[{"embeddable":true,"href":"https:\/\/www.islabonitalovefestival.es\/de\/wp-json\/wp\/v2\/comments?post=18624"}],"version-history":[{"count":5,"href":"https:\/\/www.islabonitalovefestival.es\/de\/wp-json\/wp\/v2\/posts\/18624\/revisions"}],"predecessor-version":[{"id":18716,"href":"https:\/\/www.islabonitalovefestival.es\/de\/wp-json\/wp\/v2\/posts\/18624\/revisions\/18716"}],"wp:featuredmedia":[{"embeddable":true,"href":"https:\/\/www.islabonitalovefestival.es\/de\/wp-json\/wp\/v2\/media\/18628"}],"wp:attachment":[{"href":"https:\/\/www.islabonitalovefestival.es\/de\/wp-json\/wp\/v2\/media?parent=18624"}],"wp:term":[{"taxonomy":"category","embeddable":true,"href":"https:\/\/www.islabonitalovefestival.es\/de\/wp-json\/wp\/v2\/categories?post=18624"},{"taxonomy":"post_tag","embeddable":true,"href":"https:\/\/www.islabonitalovefestival.es\/de\/wp-json\/wp\/v2\/tags?post=18624"}],"curies":[{"name":"wp","href":"https:\/\/api.w.org\/{rel}","templated":true}]}}