{"id":18635,"date":"2024-07-23T20:01:55","date_gmt":"2024-07-23T19:01:55","guid":{"rendered":"https:\/\/www.islabonitalovefestival.es\/?p=18635"},"modified":"2024-07-24T13:47:43","modified_gmt":"2024-07-24T12:47:43","slug":"love-tv-ist-geboren-der-exklusive-kanal-des-isla-bonita-love-festivals","status":"publish","type":"post","link":"https:\/\/www.islabonitalovefestival.es\/de\/2024\/07\/23\/love-tv-ist-geboren-der-exklusive-kanal-des-isla-bonita-love-festivals\/","title":{"rendered":"LOVE TV ist geboren, der exklusive Kanal des Isla Bonita Love Festivals"},"content":{"rendered":"\t\t<div data-elementor-type=\"wp-post\" data-elementor-id=\"18635\" class=\"elementor elementor-18635\" data-elementor-post-type=\"post\">\n\t\t\t\t\t\t<section data-particle_enable=\"false\" data-particle-mobile-disabled=\"false\" class=\"elementor-section elementor-top-section elementor-element elementor-element-5d4592ee elementor-section-boxed elementor-section-height-default elementor-section-height-default\" data-id=\"5d4592ee\" data-element_type=\"section\" data-e-type=\"section\">\n\t\t\t\t\t\t<div class=\"elementor-container elementor-column-gap-default\">\n\t\t\t\t\t<div class=\"elementor-column elementor-col-100 elementor-top-column elementor-element elementor-element-329aa00\" data-id=\"329aa00\" data-element_type=\"column\" data-e-type=\"column\">\n\t\t\t<div class=\"elementor-widget-wrap elementor-element-populated\">\n\t\t\t\t\t\t<div class=\"elementor-element elementor-element-cf78c36 elementor-widget elementor-widget-text-editor\" data-id=\"cf78c36\" data-element_type=\"widget\" data-e-type=\"widget\" data-widget_type=\"text-editor.default\">\n\t\t\t\t<div class=\"elementor-widget-container\">\n\t\t\t\t\t\t\t\t\t<div class=\"field field--name-field-noticias-entradilla field--type-text-long field--label-hidden field--item\"><div class=\"field field--name-field-noticias-entradilla field--type-text-long field--label-hidden field--item\"><p>Das Isla Bonita Love Festival, das von der \u00f6ffentlichen Gesellschaft Sodepal des Cabildo de La Palma verwaltet wird, hat jetzt seinen eigenen Fernsehkanal. Dank LOVE TV k\u00f6nnen alle Veranstaltungen, die vom 23. bis 27. Juli auf La Palma stattfinden, von \u00fcberall auf der Welt live mitverfolgt werden. Hinzu kommen die exklusiven Inhalte, die geschaffen wurden, um der Vielfalt der Geschlechtsidentit\u00e4ten und -ausdr\u00fccke sowie der Verteidigung der Rechte des LGTBIQ+-Kollektivs eine Stimme zu geben und sie sichtbar zu machen. Die TV-Live-\u00dcbertragung kann \u00fcber den Facebook-Kanal des Isla Bonita Love Festivals (<a href=\"https:\/\/www.facebook.com\/share\/Jkomya1ztTYJABx6\/?mibextid=LQQJ4d\" target=\"_blank\" rel=\"noopener\">https:\/\/www.facebook.com\/share\/Jkomya1ztTYJABx6\/?mibextid=LQQJ4d<\/a>) und sein Youtube-Profil (<a href=\"https:\/\/youtube.com\/@islabonitalovefestival2883?si=kxAYS0LWgjhFieuv\" target=\"_blank\" rel=\"noopener\">https:\/\/youtube.com\/@islabonitalovefestival2883?si=kxAYS0LWgjhFieuv<\/a>) verfolgt werden.<\/p><p>LOVE TV, das Fernsehen der Vielfalt und der Freiheit, ist ein \u201eLautsprecher\u201c, der dazu beitragen wird, die Botschaft der sozialen Agenda des Isla Bonita Love Festivals weiterzutragen, und wird sich mit den Aussagen von Experten, Aktivisten und Mitgliedern des LGTBIQ+-Kollektivs befassen, die ihre Erfahrungen und ihr Wissen teilen und dabei wesentliche Fragen zur Verteidigung der sozialen Rechte ansprechen.<\/p><h4>Dies wird die LOVE TV-Sendung sein: soziale Agenda und exklusive Interviews.<\/h4><p>Die Sendung kann auf dem Youtube-Kanal des Isla Bonita Love Festivals verfolgt werden. Sie beginnt am Dienstagnachmittag, dem 23. Juli, wo der Kanal in exklusive Inhalte mit Interviews mit der Gesch\u00e4ftsf\u00fchrerin von Sodepal, Miriam Perestelo, und Tamara Pe\u00f1a, Pr\u00e4sidentin von Violetas LGTBI+ La Palma, eintauchen wird. Danach wird die Journalistin Micaela Garc\u00eda eine Zusammenfassung der Veranstaltung geben, die den Auftakt zu diesem Programm bildet: der runde Tisch \u201eRealidades insulares\u201c, eine Diagnose der Situation des LGTBIQ+ Kollektivs auf La Palma: Fortschritte, Bed\u00fcrfnisse und Verpflichtungen.<\/p><p>Das Programm wird am Nachmittag um 16:30 Uhr mit der Literarischen Begegnung fortgesetzt, einer Veranstaltung, bei der drei herausragende und international, national und regional anerkannte Stimmen wie Carla Antonelli, Bob Pop und Tazarte auftreten werden. Anschlie\u00dfend k\u00f6nnen Sie um 18:30 Uhr die Konferenz zur Verhinderung von Hassverbrechen gegen das LGBTIQ+-Kollektiv live verfolgen, die von der Guardia Civil veranstaltet wird. Um 21:00 Uhr wird die B\u00fchne der Puerto de Tazacorte sein, wo die Beleuchtung der LGTBIQ+ Flagge und die Performance von Agoney stattfinden wird.<\/p><p>Am Mittwoch, dem 24. Juli, findet um 9:30 Uhr die Preisverleihung des Schaufensterwettbewerbs des Isla Bonita Love Festivals statt. Am Nachmittag finden die Treffen mit Az\u00facar Moreno (17:00 Uhr) und Laura Terciado (19:00 Uhr) in der Casa de la Cultura von Los Llanos de Aridane statt. Als besonderen Inhalt bietet LOVE TV au\u00dferdem ein intimes Interview mit Carla Antonelli. Die in G\u00fc\u00edmar geborene Frau war die erste Transgender-Person, die in Spanien ein \u00f6ffentliches Amt bekleidete, und seit ihren Anf\u00e4ngen ist sie eine wichtige Aktivistin f\u00fcr die Rechte des Kollektivs. Derzeit ist sie Senatorin im spanischen Parlament.<\/p><p>LOVE TV \u00fcbertr\u00e4gt am Donnerstag live aus der Casa de la Cultura in Los Llanos de Aridane (12:00 Uhr) eine der beliebtesten gesellschaftlichen Veranstaltungen des Isla Bonita Love Festivals: den politischen und sozialen Kongress f\u00fcr eine gerechtere und gleichberechtigtere Gesellschaft, der sich in diesem Jahr mit der Realit\u00e4t von vielf\u00e4ltigen Familien befasst. Au\u00dferdem werden Experten und Vertreter des Kollektivs LGTBIQ+ in einer speziellen Talkshow f\u00fcr LOVE TV \u00fcber die Bed\u00fcrfnisse dieses Kollektivs auf La Palma diskutieren. Schlie\u00dflich wird um 21:30 Uhr aus El Paso die Einweihung der Plaza del Orgullo mit dem Auftritt von Az\u00facar Moreno und Drag Sethlas live \u00fcbertragen. Plaza Francisca de Gazmira.<\/p><p>Das soziale Programm endet am Freitag, den 26. Juli, mit einem weiteren \u201eHighlight\u201c des Isla Bonita Love Festivals: den Jornadas jur\u00eddicas: Retos para la Justicia en Materia de Igualdad, in Zusammenarbeit mit der Asociaci\u00f3n de Profesionales de La Palma. Sie werden live aus der Casa de la Cultura in Los Llanos de Aridane \u00fcbertragen (12:00 Uhr) und befassen sich mit dem Familienrecht, das die famili\u00e4ren Beziehungen regelt und f\u00fcr das t\u00e4gliche Leben von grundlegender Bedeutung ist, da es die Ehe, die Scheidung, das Sorgerecht f\u00fcr die Kinder und den Schutz von Minderj\u00e4hrigen betrifft.<\/p><p>Am selben Tag vertieft LOVE TV die Realit\u00e4t von LGTBIQ+-Familien mit der Premiere eines Dokumentarfilms \u00fcber ein weibliches Paar und sein Kind.<\/p><p>Die Sendung wird um 19 Uhr mit der Begegnung mit Topacio Fresh und The Cultural Magazine in der Casa de la Cultura fortgesetzt, um den Tag mit Gastro &amp; Love unter Beteiligung von Isla Bonita Moda auf der Plaza de Espa\u00f1a in Los Llanos de Aridane zu beenden.<\/p><p>Das Isla Bonita Love Festival findet seinen Abschluss am Samstag, den 27. Juli, mit dem Makrokonzert in Puerto de Tazacorte, bei dem Ricky Martin, Martin Garrix, Chanel, K!ngdom, Ptazeta, St Pedro und der JD-Produzent Orribo aus La Palma auftreten werden.<\/p><p>LOVE TV wird ab 16 Uhr, eine Stunde vor \u00d6ffnung der Tore, live zugeschaltet, um das Beste eines einzigartigen musikalischen Ereignisses und einer Referenz auf den Kanarischen Inseln und in Spanien zu zeigen; mit herausragenden Interviews aus dem eigens eingerichteten Backstage-Bereich und der \u00dcbertragung der neuesten Nachrichten vom Veranstaltungsort durch den renommierten Journalisten und Reporter Germ\u00e1n Gonz\u00e1lez.<\/p><\/div><\/div>\t\t\t\t\t\t\t\t<\/div>\n\t\t\t\t<\/div>\n\t\t\t\t\t<\/div>\n\t\t<\/div>\n\t\t\t\t\t<\/div>\n\t\t<\/section>\n\t\t\t\t<\/div>\n\t\t","protected":false},"excerpt":{"rendered":"<p>Das Isla Bonita Love Festival, das von der \u00f6ffentlichen Gesellschaft Sodepal des Cabildo de La Palma verwaltet wird, hat jetzt seinen eigenen Fernsehkanal. Dank LOVE TV k\u00f6nnen alle Veranstaltungen, die vom 23. bis 27. Juli auf La Palma stattfinden, von \u00fcberall auf der Welt live mitverfolgt werden. Hinzu kommen die exklusiven Inhalte, die geschaffen wurden, &#8230; <a title=\"LOVE TV ist geboren, der exklusive Kanal des Isla Bonita Love Festivals\" class=\"read-more\" href=\"https:\/\/www.islabonitalovefestival.es\/de\/2024\/07\/23\/love-tv-ist-geboren-der-exklusive-kanal-des-isla-bonita-love-festivals\/\" aria-label=\"Mehr Informationen \u00fcber LOVE TV ist geboren, der exklusive Kanal des Isla Bonita Love Festivals\">Weiterlesen<\/a><\/p>\n","protected":false},"author":1,"featured_media":18639,"comment_status":"closed","ping_status":"closed","sticky":false,"template":"","format":"standard","meta":{"footnotes":""},"categories":[234],"tags":[],"class_list":["post-18635","post","type-post","status-publish","format-standard","has-post-thumbnail","hentry","category-nachrichten"],"yoast_head":"<!-- This site is optimized with the Yoast SEO Premium plugin v22.0 (Yoast SEO v27.0) - https:\/\/yoast.com\/product\/yoast-seo-premium-wordpress\/ -->\n<title>LOVE TV ist geboren, der exklusive Kanal des Isla Bonita Love Festivals - Isla Bonita Love Festival<\/title>\n<meta name=\"robots\" content=\"noindex, follow\" \/>\n<meta property=\"og:locale\" content=\"de_DE\" \/>\n<meta property=\"og:type\" content=\"article\" \/>\n<meta property=\"og:title\" content=\"LOVE TV ist geboren, der exklusive Kanal des Isla Bonita Love Festivals\" \/>\n<meta property=\"og:description\" content=\"Das Isla Bonita Love Festival, das von der \u00f6ffentlichen Gesellschaft Sodepal des Cabildo de La Palma verwaltet wird, hat jetzt seinen eigenen Fernsehkanal. Dank LOVE TV k\u00f6nnen alle Veranstaltungen, die vom 23. bis 27. Juli auf La Palma stattfinden, von \u00fcberall auf der Welt live mitverfolgt werden. Hinzu kommen die exklusiven Inhalte, die geschaffen wurden, ... Weiterlesen\" \/>\n<meta property=\"og:url\" content=\"https:\/\/www.islabonitalovefestival.es\/de\/2024\/07\/23\/love-tv-ist-geboren-der-exklusive-kanal-des-isla-bonita-love-festivals\/\" \/>\n<meta property=\"og:site_name\" content=\"Isla Bonita Love Festival\" \/>\n<meta property=\"article:publisher\" content=\"https:\/\/www.facebook.com\/islabonitalovefestival\/\" \/>\n<meta property=\"article:published_time\" content=\"2024-07-23T19:01:55+00:00\" \/>\n<meta property=\"article:modified_time\" content=\"2024-07-24T12:47:43+00:00\" \/>\n<meta property=\"og:image\" content=\"https:\/\/www.islabonitalovefestival.es\/wp-content\/uploads\/2024\/07\/Love_Tv.jpeg\" \/>\n\t<meta property=\"og:image:width\" content=\"2048\" \/>\n\t<meta property=\"og:image:height\" content=\"1298\" \/>\n\t<meta property=\"og:image:type\" content=\"image\/jpeg\" \/>\n<meta name=\"author\" content=\"admin\" \/>\n<meta name=\"twitter:card\" content=\"summary_large_image\" \/>\n<meta name=\"twitter:creator\" content=\"@IslaBonitaLoveF\" \/>\n<meta name=\"twitter:site\" content=\"@IslaBonitaLoveF\" \/>\n<script type=\"application\/ld+json\" class=\"yoast-schema-graph\">{\"@context\":\"https:\/\/schema.org\",\"@graph\":[{\"@type\":\"Article\",\"@id\":\"https:\/\/www.islabonitalovefestival.es\/de\/2024\/07\/23\/love-tv-ist-geboren-der-exklusive-kanal-des-isla-bonita-love-festivals\/#article\",\"isPartOf\":{\"@id\":\"https:\/\/www.islabonitalovefestival.es\/de\/2024\/07\/23\/love-tv-ist-geboren-der-exklusive-kanal-des-isla-bonita-love-festivals\/\"},\"author\":{\"name\":\"admin\",\"@id\":\"https:\/\/www.islabonitalovefestival.es\/#\/schema\/person\/e8c1725efa520a7107e2625e272fb763\"},\"headline\":\"LOVE TV ist geboren, der exklusive Kanal des Isla Bonita Love Festivals\",\"datePublished\":\"2024-07-23T19:01:55+00:00\",\"dateModified\":\"2024-07-24T12:47:43+00:00\",\"mainEntityOfPage\":{\"@id\":\"https:\/\/www.islabonitalovefestival.es\/de\/2024\/07\/23\/love-tv-ist-geboren-der-exklusive-kanal-des-isla-bonita-love-festivals\/\"},\"wordCount\":845,\"publisher\":{\"@id\":\"https:\/\/www.islabonitalovefestival.es\/#organization\"},\"image\":{\"@id\":\"https:\/\/www.islabonitalovefestival.es\/de\/2024\/07\/23\/love-tv-ist-geboren-der-exklusive-kanal-des-isla-bonita-love-festivals\/#primaryimage\"},\"thumbnailUrl\":\"https:\/\/www.islabonitalovefestival.es\/wp-content\/uploads\/2024\/07\/Love_Tv.jpeg\",\"articleSection\":[\"Nachrichten\"],\"inLanguage\":\"de\"},{\"@type\":\"WebPage\",\"@id\":\"https:\/\/www.islabonitalovefestival.es\/de\/2024\/07\/23\/love-tv-ist-geboren-der-exklusive-kanal-des-isla-bonita-love-festivals\/\",\"url\":\"https:\/\/www.islabonitalovefestival.es\/de\/2024\/07\/23\/love-tv-ist-geboren-der-exklusive-kanal-des-isla-bonita-love-festivals\/\",\"name\":\"LOVE TV ist geboren, der exklusive Kanal des Isla Bonita Love Festivals - Isla Bonita Love Festival\",\"isPartOf\":{\"@id\":\"https:\/\/www.islabonitalovefestival.es\/#website\"},\"primaryImageOfPage\":{\"@id\":\"https:\/\/www.islabonitalovefestival.es\/de\/2024\/07\/23\/love-tv-ist-geboren-der-exklusive-kanal-des-isla-bonita-love-festivals\/#primaryimage\"},\"image\":{\"@id\":\"https:\/\/www.islabonitalovefestival.es\/de\/2024\/07\/23\/love-tv-ist-geboren-der-exklusive-kanal-des-isla-bonita-love-festivals\/#primaryimage\"},\"thumbnailUrl\":\"https:\/\/www.islabonitalovefestival.es\/wp-content\/uploads\/2024\/07\/Love_Tv.jpeg\",\"datePublished\":\"2024-07-23T19:01:55+00:00\",\"dateModified\":\"2024-07-24T12:47:43+00:00\",\"breadcrumb\":{\"@id\":\"https:\/\/www.islabonitalovefestival.es\/de\/2024\/07\/23\/love-tv-ist-geboren-der-exklusive-kanal-des-isla-bonita-love-festivals\/#breadcrumb\"},\"inLanguage\":\"de\",\"potentialAction\":[{\"@type\":\"ReadAction\",\"target\":[\"https:\/\/www.islabonitalovefestival.es\/de\/2024\/07\/23\/love-tv-ist-geboren-der-exklusive-kanal-des-isla-bonita-love-festivals\/\"]}]},{\"@type\":\"ImageObject\",\"inLanguage\":\"de\",\"@id\":\"https:\/\/www.islabonitalovefestival.es\/de\/2024\/07\/23\/love-tv-ist-geboren-der-exklusive-kanal-des-isla-bonita-love-festivals\/#primaryimage\",\"url\":\"https:\/\/www.islabonitalovefestival.es\/wp-content\/uploads\/2024\/07\/Love_Tv.jpeg\",\"contentUrl\":\"https:\/\/www.islabonitalovefestival.es\/wp-content\/uploads\/2024\/07\/Love_Tv.jpeg\",\"width\":2048,\"height\":1298},{\"@type\":\"BreadcrumbList\",\"@id\":\"https:\/\/www.islabonitalovefestival.es\/de\/2024\/07\/23\/love-tv-ist-geboren-der-exklusive-kanal-des-isla-bonita-love-festivals\/#breadcrumb\",\"itemListElement\":[{\"@type\":\"ListItem\",\"position\":1,\"name\":\"Portada\",\"item\":\"https:\/\/www.islabonitalovefestival.es\/de\/\"},{\"@type\":\"ListItem\",\"position\":2,\"name\":\"LOVE TV ist geboren, der exklusive Kanal des Isla Bonita Love Festivals\"}]},{\"@type\":\"WebSite\",\"@id\":\"https:\/\/www.islabonitalovefestival.es\/#website\",\"url\":\"https:\/\/www.islabonitalovefestival.es\/\",\"name\":\"Isla Bonita Love Festival 2024\",\"description\":\"Festival de la multiculturalidad que se celebrar\u00e1 del 22 al 28 de julio de 2024 en La Palma\",\"publisher\":{\"@id\":\"https:\/\/www.islabonitalovefestival.es\/#organization\"},\"alternateName\":\"Love Festival 2024\",\"potentialAction\":[{\"@type\":\"SearchAction\",\"target\":{\"@type\":\"EntryPoint\",\"urlTemplate\":\"https:\/\/www.islabonitalovefestival.es\/?s={search_term_string}\"},\"query-input\":{\"@type\":\"PropertyValueSpecification\",\"valueRequired\":true,\"valueName\":\"search_term_string\"}}],\"inLanguage\":\"de\"},{\"@type\":\"Organization\",\"@id\":\"https:\/\/www.islabonitalovefestival.es\/#organization\",\"name\":\"Isla Bonita Love Festival La Palma 2024\",\"alternateName\":\"Love Festival\",\"url\":\"https:\/\/www.islabonitalovefestival.es\/\",\"logo\":{\"@type\":\"ImageObject\",\"inLanguage\":\"de\",\"@id\":\"https:\/\/www.islabonitalovefestival.es\/#\/schema\/logo\/image\/\",\"url\":\"https:\/\/www.islabonitalovefestival.es\/wp-content\/uploads\/2024\/03\/LF24_entrada.png\",\"contentUrl\":\"https:\/\/www.islabonitalovefestival.es\/wp-content\/uploads\/2024\/03\/LF24_entrada.png\",\"width\":800,\"height\":800,\"caption\":\"Isla Bonita Love Festival La Palma 2024\"},\"image\":{\"@id\":\"https:\/\/www.islabonitalovefestival.es\/#\/schema\/logo\/image\/\"},\"sameAs\":[\"https:\/\/www.facebook.com\/islabonitalovefestival\/\",\"https:\/\/x.com\/IslaBonitaLoveF\",\"https:\/\/www.instagram.com\/islabonitalovefest\/\",\"https:\/\/www.youtube.com\/channel\/UCT7DqYugOSkmQ9lWVL9UTJw\"],\"description\":\"Sociedad de Promoci\u00f3n y Desarrollo econ\u00f3mico y Social de La Palma, empresa p\u00fablica dependiente del Cabildo de La Palma\",\"email\":\"info@sodepal.es\",\"telephone\":\"922417323\",\"legalName\":\"Sociedad de Promoci\u00f3n y Desarrollo Econ\u00f3mico de la isla de La Palma S.A.U.\",\"publishingPrinciples\":\"https:\/\/www.islabonitalovefestival.es\/aviso-legal\/\",\"ownershipFundingInfo\":\"https:\/\/www.islabonitalovefestival.es\/aviso-legal\/\",\"actionableFeedbackPolicy\":\"https:\/\/www.islabonitalovefestival.es\/aviso-legal\/\",\"correctionsPolicy\":\"https:\/\/www.islabonitalovefestival.es\/aviso-legal\/\",\"ethicsPolicy\":\"https:\/\/www.islabonitalovefestival.es\/aviso-legal\/\",\"diversityPolicy\":\"https:\/\/www.islabonitalovefestival.es\/aviso-legal\/\",\"diversityStaffingReport\":\"https:\/\/www.islabonitalovefestival.es\/aviso-legal\/\"},{\"@type\":\"Person\",\"@id\":\"https:\/\/www.islabonitalovefestival.es\/#\/schema\/person\/e8c1725efa520a7107e2625e272fb763\",\"name\":\"admin\"}]}<\/script>\n<!-- \/ Yoast SEO Premium plugin. -->","yoast_head_json":{"title":"LOVE TV ist geboren, der exklusive Kanal des Isla Bonita Love Festivals - Isla Bonita Love Festival","robots":{"index":"noindex","follow":"follow"},"og_locale":"de_DE","og_type":"article","og_title":"LOVE TV ist geboren, der exklusive Kanal des Isla Bonita Love Festivals","og_description":"Das Isla Bonita Love Festival, das von der \u00f6ffentlichen Gesellschaft Sodepal des Cabildo de La Palma verwaltet wird, hat jetzt seinen eigenen Fernsehkanal. Dank LOVE TV k\u00f6nnen alle Veranstaltungen, die vom 23. bis 27. Juli auf La Palma stattfinden, von \u00fcberall auf der Welt live mitverfolgt werden. Hinzu kommen die exklusiven Inhalte, die geschaffen wurden, ... Weiterlesen","og_url":"https:\/\/www.islabonitalovefestival.es\/de\/2024\/07\/23\/love-tv-ist-geboren-der-exklusive-kanal-des-isla-bonita-love-festivals\/","og_site_name":"Isla Bonita Love Festival","article_publisher":"https:\/\/www.facebook.com\/islabonitalovefestival\/","article_published_time":"2024-07-23T19:01:55+00:00","article_modified_time":"2024-07-24T12:47:43+00:00","og_image":[{"width":2048,"height":1298,"url":"https:\/\/www.islabonitalovefestival.es\/wp-content\/uploads\/2024\/07\/Love_Tv.jpeg","type":"image\/jpeg"}],"author":"admin","twitter_card":"summary_large_image","twitter_creator":"@IslaBonitaLoveF","twitter_site":"@IslaBonitaLoveF","schema":{"@context":"https:\/\/schema.org","@graph":[{"@type":"Article","@id":"https:\/\/www.islabonitalovefestival.es\/de\/2024\/07\/23\/love-tv-ist-geboren-der-exklusive-kanal-des-isla-bonita-love-festivals\/#article","isPartOf":{"@id":"https:\/\/www.islabonitalovefestival.es\/de\/2024\/07\/23\/love-tv-ist-geboren-der-exklusive-kanal-des-isla-bonita-love-festivals\/"},"author":{"name":"admin","@id":"https:\/\/www.islabonitalovefestival.es\/#\/schema\/person\/e8c1725efa520a7107e2625e272fb763"},"headline":"LOVE TV ist geboren, der exklusive Kanal des Isla Bonita Love Festivals","datePublished":"2024-07-23T19:01:55+00:00","dateModified":"2024-07-24T12:47:43+00:00","mainEntityOfPage":{"@id":"https:\/\/www.islabonitalovefestival.es\/de\/2024\/07\/23\/love-tv-ist-geboren-der-exklusive-kanal-des-isla-bonita-love-festivals\/"},"wordCount":845,"publisher":{"@id":"https:\/\/www.islabonitalovefestival.es\/#organization"},"image":{"@id":"https:\/\/www.islabonitalovefestival.es\/de\/2024\/07\/23\/love-tv-ist-geboren-der-exklusive-kanal-des-isla-bonita-love-festivals\/#primaryimage"},"thumbnailUrl":"https:\/\/www.islabonitalovefestival.es\/wp-content\/uploads\/2024\/07\/Love_Tv.jpeg","articleSection":["Nachrichten"],"inLanguage":"de"},{"@type":"WebPage","@id":"https:\/\/www.islabonitalovefestival.es\/de\/2024\/07\/23\/love-tv-ist-geboren-der-exklusive-kanal-des-isla-bonita-love-festivals\/","url":"https:\/\/www.islabonitalovefestival.es\/de\/2024\/07\/23\/love-tv-ist-geboren-der-exklusive-kanal-des-isla-bonita-love-festivals\/","name":"LOVE TV ist geboren, der exklusive Kanal des Isla Bonita Love Festivals - Isla Bonita Love Festival","isPartOf":{"@id":"https:\/\/www.islabonitalovefestival.es\/#website"},"primaryImageOfPage":{"@id":"https:\/\/www.islabonitalovefestival.es\/de\/2024\/07\/23\/love-tv-ist-geboren-der-exklusive-kanal-des-isla-bonita-love-festivals\/#primaryimage"},"image":{"@id":"https:\/\/www.islabonitalovefestival.es\/de\/2024\/07\/23\/love-tv-ist-geboren-der-exklusive-kanal-des-isla-bonita-love-festivals\/#primaryimage"},"thumbnailUrl":"https:\/\/www.islabonitalovefestival.es\/wp-content\/uploads\/2024\/07\/Love_Tv.jpeg","datePublished":"2024-07-23T19:01:55+00:00","dateModified":"2024-07-24T12:47:43+00:00","breadcrumb":{"@id":"https:\/\/www.islabonitalovefestival.es\/de\/2024\/07\/23\/love-tv-ist-geboren-der-exklusive-kanal-des-isla-bonita-love-festivals\/#breadcrumb"},"inLanguage":"de","potentialAction":[{"@type":"ReadAction","target":["https:\/\/www.islabonitalovefestival.es\/de\/2024\/07\/23\/love-tv-ist-geboren-der-exklusive-kanal-des-isla-bonita-love-festivals\/"]}]},{"@type":"ImageObject","inLanguage":"de","@id":"https:\/\/www.islabonitalovefestival.es\/de\/2024\/07\/23\/love-tv-ist-geboren-der-exklusive-kanal-des-isla-bonita-love-festivals\/#primaryimage","url":"https:\/\/www.islabonitalovefestival.es\/wp-content\/uploads\/2024\/07\/Love_Tv.jpeg","contentUrl":"https:\/\/www.islabonitalovefestival.es\/wp-content\/uploads\/2024\/07\/Love_Tv.jpeg","width":2048,"height":1298},{"@type":"BreadcrumbList","@id":"https:\/\/www.islabonitalovefestival.es\/de\/2024\/07\/23\/love-tv-ist-geboren-der-exklusive-kanal-des-isla-bonita-love-festivals\/#breadcrumb","itemListElement":[{"@type":"ListItem","position":1,"name":"Portada","item":"https:\/\/www.islabonitalovefestival.es\/de\/"},{"@type":"ListItem","position":2,"name":"LOVE TV ist geboren, der exklusive Kanal des Isla Bonita Love Festivals"}]},{"@type":"WebSite","@id":"https:\/\/www.islabonitalovefestival.es\/#website","url":"https:\/\/www.islabonitalovefestival.es\/","name":"Isla Bonita Love Festival 2024","description":"Festival de la multiculturalidad que se celebrar\u00e1 del 22 al 28 de julio de 2024 en La Palma","publisher":{"@id":"https:\/\/www.islabonitalovefestival.es\/#organization"},"alternateName":"Love Festival 2024","potentialAction":[{"@type":"SearchAction","target":{"@type":"EntryPoint","urlTemplate":"https:\/\/www.islabonitalovefestival.es\/?s={search_term_string}"},"query-input":{"@type":"PropertyValueSpecification","valueRequired":true,"valueName":"search_term_string"}}],"inLanguage":"de"},{"@type":"Organization","@id":"https:\/\/www.islabonitalovefestival.es\/#organization","name":"Isla Bonita Love Festival La Palma 2024","alternateName":"Love Festival","url":"https:\/\/www.islabonitalovefestival.es\/","logo":{"@type":"ImageObject","inLanguage":"de","@id":"https:\/\/www.islabonitalovefestival.es\/#\/schema\/logo\/image\/","url":"https:\/\/www.islabonitalovefestival.es\/wp-content\/uploads\/2024\/03\/LF24_entrada.png","contentUrl":"https:\/\/www.islabonitalovefestival.es\/wp-content\/uploads\/2024\/03\/LF24_entrada.png","width":800,"height":800,"caption":"Isla Bonita Love Festival La Palma 2024"},"image":{"@id":"https:\/\/www.islabonitalovefestival.es\/#\/schema\/logo\/image\/"},"sameAs":["https:\/\/www.facebook.com\/islabonitalovefestival\/","https:\/\/x.com\/IslaBonitaLoveF","https:\/\/www.instagram.com\/islabonitalovefest\/","https:\/\/www.youtube.com\/channel\/UCT7DqYugOSkmQ9lWVL9UTJw"],"description":"Sociedad de Promoci\u00f3n y Desarrollo econ\u00f3mico y Social de La Palma, empresa p\u00fablica dependiente del Cabildo de La Palma","email":"info@sodepal.es","telephone":"922417323","legalName":"Sociedad de Promoci\u00f3n y Desarrollo Econ\u00f3mico de la isla de La Palma S.A.U.","publishingPrinciples":"https:\/\/www.islabonitalovefestival.es\/aviso-legal\/","ownershipFundingInfo":"https:\/\/www.islabonitalovefestival.es\/aviso-legal\/","actionableFeedbackPolicy":"https:\/\/www.islabonitalovefestival.es\/aviso-legal\/","correctionsPolicy":"https:\/\/www.islabonitalovefestival.es\/aviso-legal\/","ethicsPolicy":"https:\/\/www.islabonitalovefestival.es\/aviso-legal\/","diversityPolicy":"https:\/\/www.islabonitalovefestival.es\/aviso-legal\/","diversityStaffingReport":"https:\/\/www.islabonitalovefestival.es\/aviso-legal\/"},{"@type":"Person","@id":"https:\/\/www.islabonitalovefestival.es\/#\/schema\/person\/e8c1725efa520a7107e2625e272fb763","name":"admin"}]}},"_links":{"self":[{"href":"https:\/\/www.islabonitalovefestival.es\/de\/wp-json\/wp\/v2\/posts\/18635","targetHints":{"allow":["GET"]}}],"collection":[{"href":"https:\/\/www.islabonitalovefestival.es\/de\/wp-json\/wp\/v2\/posts"}],"about":[{"href":"https:\/\/www.islabonitalovefestival.es\/de\/wp-json\/wp\/v2\/types\/post"}],"author":[{"embeddable":true,"href":"https:\/\/www.islabonitalovefestival.es\/de\/wp-json\/wp\/v2\/users\/1"}],"replies":[{"embeddable":true,"href":"https:\/\/www.islabonitalovefestival.es\/de\/wp-json\/wp\/v2\/comments?post=18635"}],"version-history":[{"count":5,"href":"https:\/\/www.islabonitalovefestival.es\/de\/wp-json\/wp\/v2\/posts\/18635\/revisions"}],"predecessor-version":[{"id":18704,"href":"https:\/\/www.islabonitalovefestival.es\/de\/wp-json\/wp\/v2\/posts\/18635\/revisions\/18704"}],"wp:featuredmedia":[{"embeddable":true,"href":"https:\/\/www.islabonitalovefestival.es\/de\/wp-json\/wp\/v2\/media\/18639"}],"wp:attachment":[{"href":"https:\/\/www.islabonitalovefestival.es\/de\/wp-json\/wp\/v2\/media?parent=18635"}],"wp:term":[{"taxonomy":"category","embeddable":true,"href":"https:\/\/www.islabonitalovefestival.es\/de\/wp-json\/wp\/v2\/categories?post=18635"},{"taxonomy":"post_tag","embeddable":true,"href":"https:\/\/www.islabonitalovefestival.es\/de\/wp-json\/wp\/v2\/tags?post=18635"}],"curies":[{"name":"wp","href":"https:\/\/api.w.org\/{rel}","templated":true}]}}