{"id":18646,"date":"2024-07-24T10:05:21","date_gmt":"2024-07-24T09:05:21","guid":{"rendered":"https:\/\/www.islabonitalovefestival.es\/?p=18646"},"modified":"2024-07-24T13:57:38","modified_gmt":"2024-07-24T12:57:38","slug":"tamara-pena-je-sichtbarer-sie-sind-desto-sicherer-koennen-sich-die-menschen-fuehlen","status":"publish","type":"post","link":"https:\/\/www.islabonitalovefestival.es\/de\/2024\/07\/24\/tamara-pena-je-sichtbarer-sie-sind-desto-sicherer-koennen-sich-die-menschen-fuehlen\/","title":{"rendered":"Tamara Pe\u00f1a: \u201eJe sichtbarer sie sind, desto sicherer k\u00f6nnen sich die Menschen f\u00fchlen\u201c"},"content":{"rendered":"\t\t<div data-elementor-type=\"wp-post\" data-elementor-id=\"18646\" class=\"elementor elementor-18646\" data-elementor-post-type=\"post\">\n\t\t\t\t\t\t<section data-particle_enable=\"false\" data-particle-mobile-disabled=\"false\" class=\"elementor-section elementor-top-section elementor-element elementor-element-5d4592ee elementor-section-boxed elementor-section-height-default elementor-section-height-default\" data-id=\"5d4592ee\" data-element_type=\"section\" data-e-type=\"section\">\n\t\t\t\t\t\t<div class=\"elementor-container elementor-column-gap-default\">\n\t\t\t\t\t<div class=\"elementor-column elementor-col-100 elementor-top-column elementor-element elementor-element-329aa00\" data-id=\"329aa00\" data-element_type=\"column\" data-e-type=\"column\">\n\t\t\t<div class=\"elementor-widget-wrap elementor-element-populated\">\n\t\t\t\t\t\t<div class=\"elementor-element elementor-element-cf78c36 elementor-widget elementor-widget-text-editor\" data-id=\"cf78c36\" data-element_type=\"widget\" data-e-type=\"widget\" data-widget_type=\"text-editor.default\">\n\t\t\t\t<div class=\"elementor-widget-container\">\n\t\t\t\t\t\t\t\t\t<div class=\"field field--name-field-noticias-entradilla field--type-text-long field--label-hidden field--item\"><div class=\"field field--name-field-noticias-entradilla field--type-text-long field--label-hidden field--item\"><p>Tamara Pe\u00f1a, Pr\u00e4sidentin von Violetas LGBTI+, besuchte am Dienstag das Set von LOVE TV, dem exklusiven Sender des Isla Bonita Love Festivals, um \u00fcber die Herausforderungen zu sprechen, denen sich das Kollektiv im Rahmen von Interviews, Gespr\u00e4chen und Veranstaltungen der sozialen Woche des Festivals gegen\u00fcbersieht.<\/p><p>In ihrem Interview f\u00fcr LOVE TV erz\u00e4hlt die Pr\u00e4sidentin der wichtigsten Gruppe auf der Insel, dass die LGTBI+ Bev\u00f6lkerung auf der Insel immer noch mit diskriminierenden Handlungen konfrontiert ist. Anhand konkreter F\u00e4lle, mit denen sich die Vereinigung befasst hat, erl\u00e4utert sie den Fall eines Frauenpaares aus La Palma, das Probleme hatte, sein Baby anzumelden, weil der gew\u00e4hlte Name \u201esie nicht wei\u00df, ob es ein Junge oder ein M\u00e4dchen ist\u201c.<\/p><p>Das Paar, das einen nicht-bin\u00e4ren Namen f\u00fcr sein Baby gew\u00e4hlt hatte, wandte sich an das Kollektiv Violetas, das Beratungsdienste anbot, damit die M\u00fctter ihr Recht auf die Eintragung eines nicht-bin\u00e4ren Namens wahrnehmen konnten.<\/p><p>Tamara Pe\u00f1a berichtet, dass die \u201eHilferufe\u201c der Mitglieder des Kollektivs \u201eunaufh\u00f6rlich\u201c sind. \u201eMenschen werden am Arbeitsplatz gemobbt, bekommen keinen Job, weil sie trans sind&#8230; Das passiert \u00fcberall auf der Welt und auch hier auf La Palma\u201c, f\u00fcgt sie hinzu.<\/p><p>Der Pr\u00e4sident von Violetas sprach auch die Frage an, wie Sexilio, ein Ph\u00e4nomen, bei dem Menschen gezwungen sind, ihr Dorf oder ihre Umgebung aufgrund von LGTBI-feindlicher Diskriminierung zu verlassen, auf der Insel erlebt wird. \u201eDurch eine Studie, die wir durchgef\u00fchrt haben, wissen wir, dass dies etwas ist, was geschieht. Aus dieser Studie ging das Sexilio hervor: Menschen, die sich hier nicht wohlf\u00fchlen, die nicht frei sein k\u00f6nnen, die sich nicht frei f\u00fchlen und an einen Ort gehen, an dem sie unbemerkt bleiben k\u00f6nnen\u201c, erkl\u00e4rt sie.<\/p><p>In diesem Sinne er\u00f6rterte Pe\u00f1a auch die Frage, welche Ma\u00dfnahmen oder Politiken einen Ort sicherer machen als einen anderen, da es in dieser Studie auch einen Teil der Bev\u00f6lkerung gab, der einige Gebiete der Insel als sicherer ansah. Mit anderen Worten: \u201eJe sichtbarer man ist oder je mehr Einfluss die Aktivit\u00e4ten, die man als Stadtverwaltung aus\u00fcbt, haben, desto sicherer f\u00fchlen sich die Menschen\u201c.<\/p><p>Der Aktivist best\u00e4tigt, dass im Allgemeinen, \u201ewenn ich eine Fahne in einer Bar oder in einem Rathaus sehe, oder wenn ich sehe, dass sie eine Veranstaltung f\u00fcr mich machen &#8211; denn, noch einmal, was nicht genannt wird, existiert nicht &#8211; vielleicht denke ich, dass die Leute zumindest \u00fcber Leute wie mich sprechen\u201c.<\/p><p>Was die zuk\u00fcnftigen Herausforderungen f\u00fcr das Kollektiv betrifft, so ist der Pr\u00e4sident der Ansicht, dass diese darin bestehen, zu wachsen, zu bilden und mehr R\u00e4ume f\u00fcr LGBTI+ Menschen zu schaffen.<\/p><\/div><\/div>\t\t\t\t\t\t\t\t<\/div>\n\t\t\t\t<\/div>\n\t\t\t\t<div class=\"elementor-element elementor-element-a67cac4 elementor-widget elementor-widget-video\" data-id=\"a67cac4\" data-element_type=\"widget\" data-e-type=\"widget\" data-settings=\"{&quot;youtube_url&quot;:&quot;https:\\\/\\\/www.youtube.com\\\/watch?v=0peTAsEOEtg&quot;,&quot;video_type&quot;:&quot;youtube&quot;,&quot;controls&quot;:&quot;yes&quot;}\" data-widget_type=\"video.default\">\n\t\t\t\t<div class=\"elementor-widget-container\">\n\t\t\t\t\t\t\t<div class=\"elementor-wrapper elementor-open-inline\">\n\t\t\t<div class=\"elementor-video\"><\/div>\t\t<\/div>\n\t\t\t\t\t\t<\/div>\n\t\t\t\t<\/div>\n\t\t\t\t\t<\/div>\n\t\t<\/div>\n\t\t\t\t\t<\/div>\n\t\t<\/section>\n\t\t\t\t<\/div>\n\t\t","protected":false},"excerpt":{"rendered":"<p>Tamara Pe\u00f1a, Pr\u00e4sidentin von Violetas LGBTI+, besuchte am Dienstag das Set von LOVE TV, dem exklusiven Sender des Isla Bonita Love Festivals, um \u00fcber die Herausforderungen zu sprechen, denen sich das Kollektiv im Rahmen von Interviews, Gespr\u00e4chen und Veranstaltungen der sozialen Woche des Festivals gegen\u00fcbersieht. In ihrem Interview f\u00fcr LOVE TV erz\u00e4hlt die Pr\u00e4sidentin der &#8230; <a title=\"Tamara Pe\u00f1a: \u201eJe sichtbarer sie sind, desto sicherer k\u00f6nnen sich die Menschen f\u00fchlen\u201c\" class=\"read-more\" href=\"https:\/\/www.islabonitalovefestival.es\/de\/2024\/07\/24\/tamara-pena-je-sichtbarer-sie-sind-desto-sicherer-koennen-sich-die-menschen-fuehlen\/\" aria-label=\"Mehr Informationen \u00fcber Tamara Pe\u00f1a: \u201eJe sichtbarer sie sind, desto sicherer k\u00f6nnen sich die Menschen f\u00fchlen\u201c\">Weiterlesen<\/a><\/p>\n","protected":false},"author":1,"featured_media":18650,"comment_status":"closed","ping_status":"closed","sticky":false,"template":"","format":"standard","meta":{"footnotes":""},"categories":[234],"tags":[],"class_list":["post-18646","post","type-post","status-publish","format-standard","has-post-thumbnail","hentry","category-nachrichten"],"yoast_head":"<!-- This site is optimized with the Yoast SEO Premium plugin v22.0 (Yoast SEO v27.0) - https:\/\/yoast.com\/product\/yoast-seo-premium-wordpress\/ -->\n<title>Tamara Pe\u00f1a: \u201eJe sichtbarer sie sind, desto sicherer k\u00f6nnen sich die Menschen f\u00fchlen\u201c - Isla Bonita Love Festival<\/title>\n<meta name=\"robots\" content=\"noindex, follow\" \/>\n<meta property=\"og:locale\" content=\"de_DE\" \/>\n<meta property=\"og:type\" content=\"article\" \/>\n<meta property=\"og:title\" content=\"Tamara Pe\u00f1a: \u201eJe sichtbarer sie sind, desto sicherer k\u00f6nnen sich die Menschen f\u00fchlen\u201c\" \/>\n<meta property=\"og:description\" content=\"Tamara Pe\u00f1a, Pr\u00e4sidentin von Violetas LGBTI+, besuchte am Dienstag das Set von LOVE TV, dem exklusiven Sender des Isla Bonita Love Festivals, um \u00fcber die Herausforderungen zu sprechen, denen sich das Kollektiv im Rahmen von Interviews, Gespr\u00e4chen und Veranstaltungen der sozialen Woche des Festivals gegen\u00fcbersieht. In ihrem Interview f\u00fcr LOVE TV erz\u00e4hlt die Pr\u00e4sidentin der ... Weiterlesen\" \/>\n<meta property=\"og:url\" content=\"https:\/\/www.islabonitalovefestival.es\/de\/2024\/07\/24\/tamara-pena-je-sichtbarer-sie-sind-desto-sicherer-koennen-sich-die-menschen-fuehlen\/\" \/>\n<meta property=\"og:site_name\" content=\"Isla Bonita Love Festival\" \/>\n<meta property=\"article:publisher\" content=\"https:\/\/www.facebook.com\/islabonitalovefestival\/\" \/>\n<meta property=\"article:published_time\" content=\"2024-07-24T09:05:21+00:00\" \/>\n<meta property=\"article:modified_time\" content=\"2024-07-24T12:57:38+00:00\" \/>\n<meta property=\"og:image\" content=\"https:\/\/www.islabonitalovefestival.es\/wp-content\/uploads\/2024\/07\/Tamara_Pena.jpeg\" \/>\n\t<meta property=\"og:image:width\" content=\"2048\" \/>\n\t<meta property=\"og:image:height\" content=\"1307\" \/>\n\t<meta property=\"og:image:type\" content=\"image\/jpeg\" \/>\n<meta name=\"author\" content=\"admin\" \/>\n<meta name=\"twitter:card\" content=\"summary_large_image\" \/>\n<meta name=\"twitter:creator\" content=\"@IslaBonitaLoveF\" \/>\n<meta name=\"twitter:site\" content=\"@IslaBonitaLoveF\" \/>\n<script type=\"application\/ld+json\" class=\"yoast-schema-graph\">{\"@context\":\"https:\/\/schema.org\",\"@graph\":[{\"@type\":\"Article\",\"@id\":\"https:\/\/www.islabonitalovefestival.es\/de\/2024\/07\/24\/tamara-pena-je-sichtbarer-sie-sind-desto-sicherer-koennen-sich-die-menschen-fuehlen\/#article\",\"isPartOf\":{\"@id\":\"https:\/\/www.islabonitalovefestival.es\/de\/2024\/07\/24\/tamara-pena-je-sichtbarer-sie-sind-desto-sicherer-koennen-sich-die-menschen-fuehlen\/\"},\"author\":{\"name\":\"admin\",\"@id\":\"https:\/\/www.islabonitalovefestival.es\/#\/schema\/person\/e8c1725efa520a7107e2625e272fb763\"},\"headline\":\"Tamara Pe\u00f1a: \u201eJe sichtbarer sie sind, desto sicherer k\u00f6nnen sich die Menschen f\u00fchlen\u201c\",\"datePublished\":\"2024-07-24T09:05:21+00:00\",\"dateModified\":\"2024-07-24T12:57:38+00:00\",\"mainEntityOfPage\":{\"@id\":\"https:\/\/www.islabonitalovefestival.es\/de\/2024\/07\/24\/tamara-pena-je-sichtbarer-sie-sind-desto-sicherer-koennen-sich-die-menschen-fuehlen\/\"},\"wordCount\":481,\"publisher\":{\"@id\":\"https:\/\/www.islabonitalovefestival.es\/#organization\"},\"image\":{\"@id\":\"https:\/\/www.islabonitalovefestival.es\/de\/2024\/07\/24\/tamara-pena-je-sichtbarer-sie-sind-desto-sicherer-koennen-sich-die-menschen-fuehlen\/#primaryimage\"},\"thumbnailUrl\":\"https:\/\/www.islabonitalovefestival.es\/wp-content\/uploads\/2024\/07\/Tamara_Pena.jpeg\",\"articleSection\":[\"Nachrichten\"],\"inLanguage\":\"de\"},{\"@type\":\"WebPage\",\"@id\":\"https:\/\/www.islabonitalovefestival.es\/de\/2024\/07\/24\/tamara-pena-je-sichtbarer-sie-sind-desto-sicherer-koennen-sich-die-menschen-fuehlen\/\",\"url\":\"https:\/\/www.islabonitalovefestival.es\/de\/2024\/07\/24\/tamara-pena-je-sichtbarer-sie-sind-desto-sicherer-koennen-sich-die-menschen-fuehlen\/\",\"name\":\"Tamara Pe\u00f1a: \u201eJe sichtbarer sie sind, desto sicherer k\u00f6nnen sich die Menschen f\u00fchlen\u201c - Isla Bonita Love Festival\",\"isPartOf\":{\"@id\":\"https:\/\/www.islabonitalovefestival.es\/#website\"},\"primaryImageOfPage\":{\"@id\":\"https:\/\/www.islabonitalovefestival.es\/de\/2024\/07\/24\/tamara-pena-je-sichtbarer-sie-sind-desto-sicherer-koennen-sich-die-menschen-fuehlen\/#primaryimage\"},\"image\":{\"@id\":\"https:\/\/www.islabonitalovefestival.es\/de\/2024\/07\/24\/tamara-pena-je-sichtbarer-sie-sind-desto-sicherer-koennen-sich-die-menschen-fuehlen\/#primaryimage\"},\"thumbnailUrl\":\"https:\/\/www.islabonitalovefestival.es\/wp-content\/uploads\/2024\/07\/Tamara_Pena.jpeg\",\"datePublished\":\"2024-07-24T09:05:21+00:00\",\"dateModified\":\"2024-07-24T12:57:38+00:00\",\"breadcrumb\":{\"@id\":\"https:\/\/www.islabonitalovefestival.es\/de\/2024\/07\/24\/tamara-pena-je-sichtbarer-sie-sind-desto-sicherer-koennen-sich-die-menschen-fuehlen\/#breadcrumb\"},\"inLanguage\":\"de\",\"potentialAction\":[{\"@type\":\"ReadAction\",\"target\":[\"https:\/\/www.islabonitalovefestival.es\/de\/2024\/07\/24\/tamara-pena-je-sichtbarer-sie-sind-desto-sicherer-koennen-sich-die-menschen-fuehlen\/\"]}]},{\"@type\":\"ImageObject\",\"inLanguage\":\"de\",\"@id\":\"https:\/\/www.islabonitalovefestival.es\/de\/2024\/07\/24\/tamara-pena-je-sichtbarer-sie-sind-desto-sicherer-koennen-sich-die-menschen-fuehlen\/#primaryimage\",\"url\":\"https:\/\/www.islabonitalovefestival.es\/wp-content\/uploads\/2024\/07\/Tamara_Pena.jpeg\",\"contentUrl\":\"https:\/\/www.islabonitalovefestival.es\/wp-content\/uploads\/2024\/07\/Tamara_Pena.jpeg\",\"width\":2048,\"height\":1307},{\"@type\":\"BreadcrumbList\",\"@id\":\"https:\/\/www.islabonitalovefestival.es\/de\/2024\/07\/24\/tamara-pena-je-sichtbarer-sie-sind-desto-sicherer-koennen-sich-die-menschen-fuehlen\/#breadcrumb\",\"itemListElement\":[{\"@type\":\"ListItem\",\"position\":1,\"name\":\"Portada\",\"item\":\"https:\/\/www.islabonitalovefestival.es\/de\/\"},{\"@type\":\"ListItem\",\"position\":2,\"name\":\"Tamara Pe\u00f1a: \u201eJe sichtbarer sie sind, desto sicherer k\u00f6nnen sich die Menschen f\u00fchlen\u201c\"}]},{\"@type\":\"WebSite\",\"@id\":\"https:\/\/www.islabonitalovefestival.es\/#website\",\"url\":\"https:\/\/www.islabonitalovefestival.es\/\",\"name\":\"Isla Bonita Love Festival 2024\",\"description\":\"Festival de la multiculturalidad que se celebrar\u00e1 del 22 al 28 de julio de 2024 en La Palma\",\"publisher\":{\"@id\":\"https:\/\/www.islabonitalovefestival.es\/#organization\"},\"alternateName\":\"Love Festival 2024\",\"potentialAction\":[{\"@type\":\"SearchAction\",\"target\":{\"@type\":\"EntryPoint\",\"urlTemplate\":\"https:\/\/www.islabonitalovefestival.es\/?s={search_term_string}\"},\"query-input\":{\"@type\":\"PropertyValueSpecification\",\"valueRequired\":true,\"valueName\":\"search_term_string\"}}],\"inLanguage\":\"de\"},{\"@type\":\"Organization\",\"@id\":\"https:\/\/www.islabonitalovefestival.es\/#organization\",\"name\":\"Isla Bonita Love Festival La Palma 2024\",\"alternateName\":\"Love Festival\",\"url\":\"https:\/\/www.islabonitalovefestival.es\/\",\"logo\":{\"@type\":\"ImageObject\",\"inLanguage\":\"de\",\"@id\":\"https:\/\/www.islabonitalovefestival.es\/#\/schema\/logo\/image\/\",\"url\":\"https:\/\/www.islabonitalovefestival.es\/wp-content\/uploads\/2024\/03\/LF24_entrada.png\",\"contentUrl\":\"https:\/\/www.islabonitalovefestival.es\/wp-content\/uploads\/2024\/03\/LF24_entrada.png\",\"width\":800,\"height\":800,\"caption\":\"Isla Bonita Love Festival La Palma 2024\"},\"image\":{\"@id\":\"https:\/\/www.islabonitalovefestival.es\/#\/schema\/logo\/image\/\"},\"sameAs\":[\"https:\/\/www.facebook.com\/islabonitalovefestival\/\",\"https:\/\/x.com\/IslaBonitaLoveF\",\"https:\/\/www.instagram.com\/islabonitalovefest\/\",\"https:\/\/www.youtube.com\/channel\/UCT7DqYugOSkmQ9lWVL9UTJw\"],\"description\":\"Sociedad de Promoci\u00f3n y Desarrollo econ\u00f3mico y Social de La Palma, empresa p\u00fablica dependiente del Cabildo de La Palma\",\"email\":\"info@sodepal.es\",\"telephone\":\"922417323\",\"legalName\":\"Sociedad de Promoci\u00f3n y Desarrollo Econ\u00f3mico de la isla de La Palma S.A.U.\",\"publishingPrinciples\":\"https:\/\/www.islabonitalovefestival.es\/aviso-legal\/\",\"ownershipFundingInfo\":\"https:\/\/www.islabonitalovefestival.es\/aviso-legal\/\",\"actionableFeedbackPolicy\":\"https:\/\/www.islabonitalovefestival.es\/aviso-legal\/\",\"correctionsPolicy\":\"https:\/\/www.islabonitalovefestival.es\/aviso-legal\/\",\"ethicsPolicy\":\"https:\/\/www.islabonitalovefestival.es\/aviso-legal\/\",\"diversityPolicy\":\"https:\/\/www.islabonitalovefestival.es\/aviso-legal\/\",\"diversityStaffingReport\":\"https:\/\/www.islabonitalovefestival.es\/aviso-legal\/\"},{\"@type\":\"Person\",\"@id\":\"https:\/\/www.islabonitalovefestival.es\/#\/schema\/person\/e8c1725efa520a7107e2625e272fb763\",\"name\":\"admin\"}]}<\/script>\n<!-- \/ Yoast SEO Premium plugin. -->","yoast_head_json":{"title":"Tamara Pe\u00f1a: \u201eJe sichtbarer sie sind, desto sicherer k\u00f6nnen sich die Menschen f\u00fchlen\u201c - Isla Bonita Love Festival","robots":{"index":"noindex","follow":"follow"},"og_locale":"de_DE","og_type":"article","og_title":"Tamara Pe\u00f1a: \u201eJe sichtbarer sie sind, desto sicherer k\u00f6nnen sich die Menschen f\u00fchlen\u201c","og_description":"Tamara Pe\u00f1a, Pr\u00e4sidentin von Violetas LGBTI+, besuchte am Dienstag das Set von LOVE TV, dem exklusiven Sender des Isla Bonita Love Festivals, um \u00fcber die Herausforderungen zu sprechen, denen sich das Kollektiv im Rahmen von Interviews, Gespr\u00e4chen und Veranstaltungen der sozialen Woche des Festivals gegen\u00fcbersieht. In ihrem Interview f\u00fcr LOVE TV erz\u00e4hlt die Pr\u00e4sidentin der ... Weiterlesen","og_url":"https:\/\/www.islabonitalovefestival.es\/de\/2024\/07\/24\/tamara-pena-je-sichtbarer-sie-sind-desto-sicherer-koennen-sich-die-menschen-fuehlen\/","og_site_name":"Isla Bonita Love Festival","article_publisher":"https:\/\/www.facebook.com\/islabonitalovefestival\/","article_published_time":"2024-07-24T09:05:21+00:00","article_modified_time":"2024-07-24T12:57:38+00:00","og_image":[{"width":2048,"height":1307,"url":"https:\/\/www.islabonitalovefestival.es\/wp-content\/uploads\/2024\/07\/Tamara_Pena.jpeg","type":"image\/jpeg"}],"author":"admin","twitter_card":"summary_large_image","twitter_creator":"@IslaBonitaLoveF","twitter_site":"@IslaBonitaLoveF","schema":{"@context":"https:\/\/schema.org","@graph":[{"@type":"Article","@id":"https:\/\/www.islabonitalovefestival.es\/de\/2024\/07\/24\/tamara-pena-je-sichtbarer-sie-sind-desto-sicherer-koennen-sich-die-menschen-fuehlen\/#article","isPartOf":{"@id":"https:\/\/www.islabonitalovefestival.es\/de\/2024\/07\/24\/tamara-pena-je-sichtbarer-sie-sind-desto-sicherer-koennen-sich-die-menschen-fuehlen\/"},"author":{"name":"admin","@id":"https:\/\/www.islabonitalovefestival.es\/#\/schema\/person\/e8c1725efa520a7107e2625e272fb763"},"headline":"Tamara Pe\u00f1a: \u201eJe sichtbarer sie sind, desto sicherer k\u00f6nnen sich die Menschen f\u00fchlen\u201c","datePublished":"2024-07-24T09:05:21+00:00","dateModified":"2024-07-24T12:57:38+00:00","mainEntityOfPage":{"@id":"https:\/\/www.islabonitalovefestival.es\/de\/2024\/07\/24\/tamara-pena-je-sichtbarer-sie-sind-desto-sicherer-koennen-sich-die-menschen-fuehlen\/"},"wordCount":481,"publisher":{"@id":"https:\/\/www.islabonitalovefestival.es\/#organization"},"image":{"@id":"https:\/\/www.islabonitalovefestival.es\/de\/2024\/07\/24\/tamara-pena-je-sichtbarer-sie-sind-desto-sicherer-koennen-sich-die-menschen-fuehlen\/#primaryimage"},"thumbnailUrl":"https:\/\/www.islabonitalovefestival.es\/wp-content\/uploads\/2024\/07\/Tamara_Pena.jpeg","articleSection":["Nachrichten"],"inLanguage":"de"},{"@type":"WebPage","@id":"https:\/\/www.islabonitalovefestival.es\/de\/2024\/07\/24\/tamara-pena-je-sichtbarer-sie-sind-desto-sicherer-koennen-sich-die-menschen-fuehlen\/","url":"https:\/\/www.islabonitalovefestival.es\/de\/2024\/07\/24\/tamara-pena-je-sichtbarer-sie-sind-desto-sicherer-koennen-sich-die-menschen-fuehlen\/","name":"Tamara Pe\u00f1a: \u201eJe sichtbarer sie sind, desto sicherer k\u00f6nnen sich die Menschen f\u00fchlen\u201c - Isla Bonita Love Festival","isPartOf":{"@id":"https:\/\/www.islabonitalovefestival.es\/#website"},"primaryImageOfPage":{"@id":"https:\/\/www.islabonitalovefestival.es\/de\/2024\/07\/24\/tamara-pena-je-sichtbarer-sie-sind-desto-sicherer-koennen-sich-die-menschen-fuehlen\/#primaryimage"},"image":{"@id":"https:\/\/www.islabonitalovefestival.es\/de\/2024\/07\/24\/tamara-pena-je-sichtbarer-sie-sind-desto-sicherer-koennen-sich-die-menschen-fuehlen\/#primaryimage"},"thumbnailUrl":"https:\/\/www.islabonitalovefestival.es\/wp-content\/uploads\/2024\/07\/Tamara_Pena.jpeg","datePublished":"2024-07-24T09:05:21+00:00","dateModified":"2024-07-24T12:57:38+00:00","breadcrumb":{"@id":"https:\/\/www.islabonitalovefestival.es\/de\/2024\/07\/24\/tamara-pena-je-sichtbarer-sie-sind-desto-sicherer-koennen-sich-die-menschen-fuehlen\/#breadcrumb"},"inLanguage":"de","potentialAction":[{"@type":"ReadAction","target":["https:\/\/www.islabonitalovefestival.es\/de\/2024\/07\/24\/tamara-pena-je-sichtbarer-sie-sind-desto-sicherer-koennen-sich-die-menschen-fuehlen\/"]}]},{"@type":"ImageObject","inLanguage":"de","@id":"https:\/\/www.islabonitalovefestival.es\/de\/2024\/07\/24\/tamara-pena-je-sichtbarer-sie-sind-desto-sicherer-koennen-sich-die-menschen-fuehlen\/#primaryimage","url":"https:\/\/www.islabonitalovefestival.es\/wp-content\/uploads\/2024\/07\/Tamara_Pena.jpeg","contentUrl":"https:\/\/www.islabonitalovefestival.es\/wp-content\/uploads\/2024\/07\/Tamara_Pena.jpeg","width":2048,"height":1307},{"@type":"BreadcrumbList","@id":"https:\/\/www.islabonitalovefestival.es\/de\/2024\/07\/24\/tamara-pena-je-sichtbarer-sie-sind-desto-sicherer-koennen-sich-die-menschen-fuehlen\/#breadcrumb","itemListElement":[{"@type":"ListItem","position":1,"name":"Portada","item":"https:\/\/www.islabonitalovefestival.es\/de\/"},{"@type":"ListItem","position":2,"name":"Tamara Pe\u00f1a: \u201eJe sichtbarer sie sind, desto sicherer k\u00f6nnen sich die Menschen f\u00fchlen\u201c"}]},{"@type":"WebSite","@id":"https:\/\/www.islabonitalovefestival.es\/#website","url":"https:\/\/www.islabonitalovefestival.es\/","name":"Isla Bonita Love Festival 2024","description":"Festival de la multiculturalidad que se celebrar\u00e1 del 22 al 28 de julio de 2024 en La Palma","publisher":{"@id":"https:\/\/www.islabonitalovefestival.es\/#organization"},"alternateName":"Love Festival 2024","potentialAction":[{"@type":"SearchAction","target":{"@type":"EntryPoint","urlTemplate":"https:\/\/www.islabonitalovefestival.es\/?s={search_term_string}"},"query-input":{"@type":"PropertyValueSpecification","valueRequired":true,"valueName":"search_term_string"}}],"inLanguage":"de"},{"@type":"Organization","@id":"https:\/\/www.islabonitalovefestival.es\/#organization","name":"Isla Bonita Love Festival La Palma 2024","alternateName":"Love Festival","url":"https:\/\/www.islabonitalovefestival.es\/","logo":{"@type":"ImageObject","inLanguage":"de","@id":"https:\/\/www.islabonitalovefestival.es\/#\/schema\/logo\/image\/","url":"https:\/\/www.islabonitalovefestival.es\/wp-content\/uploads\/2024\/03\/LF24_entrada.png","contentUrl":"https:\/\/www.islabonitalovefestival.es\/wp-content\/uploads\/2024\/03\/LF24_entrada.png","width":800,"height":800,"caption":"Isla Bonita Love Festival La Palma 2024"},"image":{"@id":"https:\/\/www.islabonitalovefestival.es\/#\/schema\/logo\/image\/"},"sameAs":["https:\/\/www.facebook.com\/islabonitalovefestival\/","https:\/\/x.com\/IslaBonitaLoveF","https:\/\/www.instagram.com\/islabonitalovefest\/","https:\/\/www.youtube.com\/channel\/UCT7DqYugOSkmQ9lWVL9UTJw"],"description":"Sociedad de Promoci\u00f3n y Desarrollo econ\u00f3mico y Social de La Palma, empresa p\u00fablica dependiente del Cabildo de La Palma","email":"info@sodepal.es","telephone":"922417323","legalName":"Sociedad de Promoci\u00f3n y Desarrollo Econ\u00f3mico de la isla de La Palma S.A.U.","publishingPrinciples":"https:\/\/www.islabonitalovefestival.es\/aviso-legal\/","ownershipFundingInfo":"https:\/\/www.islabonitalovefestival.es\/aviso-legal\/","actionableFeedbackPolicy":"https:\/\/www.islabonitalovefestival.es\/aviso-legal\/","correctionsPolicy":"https:\/\/www.islabonitalovefestival.es\/aviso-legal\/","ethicsPolicy":"https:\/\/www.islabonitalovefestival.es\/aviso-legal\/","diversityPolicy":"https:\/\/www.islabonitalovefestival.es\/aviso-legal\/","diversityStaffingReport":"https:\/\/www.islabonitalovefestival.es\/aviso-legal\/"},{"@type":"Person","@id":"https:\/\/www.islabonitalovefestival.es\/#\/schema\/person\/e8c1725efa520a7107e2625e272fb763","name":"admin"}]}},"_links":{"self":[{"href":"https:\/\/www.islabonitalovefestival.es\/de\/wp-json\/wp\/v2\/posts\/18646","targetHints":{"allow":["GET"]}}],"collection":[{"href":"https:\/\/www.islabonitalovefestival.es\/de\/wp-json\/wp\/v2\/posts"}],"about":[{"href":"https:\/\/www.islabonitalovefestival.es\/de\/wp-json\/wp\/v2\/types\/post"}],"author":[{"embeddable":true,"href":"https:\/\/www.islabonitalovefestival.es\/de\/wp-json\/wp\/v2\/users\/1"}],"replies":[{"embeddable":true,"href":"https:\/\/www.islabonitalovefestival.es\/de\/wp-json\/wp\/v2\/comments?post=18646"}],"version-history":[{"count":5,"href":"https:\/\/www.islabonitalovefestival.es\/de\/wp-json\/wp\/v2\/posts\/18646\/revisions"}],"predecessor-version":[{"id":18720,"href":"https:\/\/www.islabonitalovefestival.es\/de\/wp-json\/wp\/v2\/posts\/18646\/revisions\/18720"}],"wp:featuredmedia":[{"embeddable":true,"href":"https:\/\/www.islabonitalovefestival.es\/de\/wp-json\/wp\/v2\/media\/18650"}],"wp:attachment":[{"href":"https:\/\/www.islabonitalovefestival.es\/de\/wp-json\/wp\/v2\/media?parent=18646"}],"wp:term":[{"taxonomy":"category","embeddable":true,"href":"https:\/\/www.islabonitalovefestival.es\/de\/wp-json\/wp\/v2\/categories?post=18646"},{"taxonomy":"post_tag","embeddable":true,"href":"https:\/\/www.islabonitalovefestival.es\/de\/wp-json\/wp\/v2\/tags?post=18646"}],"curies":[{"name":"wp","href":"https:\/\/api.w.org\/{rel}","templated":true}]}}