{"id":18724,"date":"2024-07-24T16:10:47","date_gmt":"2024-07-24T15:10:47","guid":{"rendered":"https:\/\/www.islabonitalovefestival.es\/?p=18724"},"modified":"2024-07-24T16:29:38","modified_gmt":"2024-07-24T15:29:38","slug":"carla-antonelli-wenn-wir-entscheiden-was-unser-leben-ist-haben-wir-viele-jahre-verloren","status":"publish","type":"post","link":"https:\/\/www.islabonitalovefestival.es\/de\/2024\/07\/24\/carla-antonelli-wenn-wir-entscheiden-was-unser-leben-ist-haben-wir-viele-jahre-verloren\/","title":{"rendered":"Carla Antonelli: \u201eWenn wir entscheiden, was unser Leben ist, haben wir viele Jahre verloren."},"content":{"rendered":"\t\t<div data-elementor-type=\"wp-post\" data-elementor-id=\"18724\" class=\"elementor elementor-18724\" data-elementor-post-type=\"post\">\n\t\t\t\t\t\t<section data-particle_enable=\"false\" data-particle-mobile-disabled=\"false\" class=\"elementor-section elementor-top-section elementor-element elementor-element-5d4592ee elementor-section-boxed elementor-section-height-default elementor-section-height-default\" data-id=\"5d4592ee\" data-element_type=\"section\" data-e-type=\"section\">\n\t\t\t\t\t\t<div class=\"elementor-container elementor-column-gap-default\">\n\t\t\t\t\t<div class=\"elementor-column elementor-col-100 elementor-top-column elementor-element elementor-element-329aa00\" data-id=\"329aa00\" data-element_type=\"column\" data-e-type=\"column\">\n\t\t\t<div class=\"elementor-widget-wrap elementor-element-populated\">\n\t\t\t\t\t\t<div class=\"elementor-element elementor-element-cf78c36 elementor-widget elementor-widget-text-editor\" data-id=\"cf78c36\" data-element_type=\"widget\" data-e-type=\"widget\" data-widget_type=\"text-editor.default\">\n\t\t\t\t<div class=\"elementor-widget-container\">\n\t\t\t\t\t\t\t\t\t<p>Senatorin Carla Antonelli war die erste Transfrau, die in Spanien ein \u00f6ffentliches Amt bekleidete. Eine \u201eVulkanfrau\u201c, wie sie sich in ihrem Buch selbst bezeichnet, die mit ihrem unerm\u00fcdlichen Kampf f\u00fcr die Rechte des LGTBI+ Kollektivs den Weg f\u00fcr alle anderen ebnete. Heute spricht sie am Set von LOVE TV \u00fcber einen der besten Ratschl\u00e4ge, den sie mit zwanzig Jahren erhalten hat: \u201eCarla, tue nie etwas in deinem Leben f\u00fcr oder f\u00fcr andere. Sieh mich an, ich bin erst aus dem Kleiderschrank gekommen, als mein Vater und meine Mutter aus Respekt vor ihnen gestorben sind, und ich habe mein ganzes Leben verloren. Jetzt, in meinen 60ern, lebe ich ein Leben, das ich vielleicht schon vor vier Jahrzehnten h\u00e4tte anfangen sollen zu leben.<\/p><p>Antonelli sagt, dass der Name \u201eDie Vulkanfrau\u201c, den sie f\u00fcr das Buch ihrer Memoiren gew\u00e4hlt hat, symbolisiert, dass in einer ruhigen Umgebung \u201eetwas darunter ist, das sich in einem bestimmten Moment offenbaren und hervortreten kann\u201c. Die Senatorin erkl\u00e4rt, dass sie in ihrem t\u00e4glichen Leben vers\u00f6hnlich ist, aber wenn sie f\u00fcr ihre Rechte eintritt, tut sie dies \u201eaus dem Bauch heraus\u201c.<\/p><p>Ihre eigene Geschichte neu zu schreiben, war ein komplexer Prozess: \u201eViele Leute waren \u00fcberrascht, dass ich mich ge\u00f6ffnet habe, wir sind in all die Pf\u00fctzen hineingegangen, in Dinge, die ich nie nach au\u00dfen getragen habe, wie m\u00e4nnliche Gewalt, Drogen&#8230;\u201c.<\/p><h4>\u201eWir sind f\u00e4hig, uns zu entwickeln, wir leben in dunklen Zeiten\u201c.<\/h4><p>Carla Antonelli erkl\u00e4rt in ihrem Interview auf LOVE TV, dass sie das Gef\u00fchl hat, dass sie jetzt ihre ganze Geschichte erz\u00e4hlen muss, weil wir sehen, dass \u201ewir in der Lage sind, uns zu entwickeln, wir leben in dunklen Zeiten\u201c. Die Senatorin formuliert, dass es ihr darum geht zu vermitteln, dass jeder \u00fcber sein eigenes Leben entscheiden kann.<\/p><p>\u201eNormalit\u00e4t ist nichts anderes als das, was sich t\u00e4glich wiederholt, und deshalb ist das Erz\u00e4hlen unserer Geschichten der einzige Weg, um sich in Richtung Respekt zu bewegen\u201c, sagt die heutige Senatorin.<\/p><p>\u201eWenn wir entscheiden, was unser Leben ist, haben wir vielleicht viele Jahre dazwischen verloren\u201c.<\/p><p>Antnelli erkl\u00e4rt, dass sie, obwohl sie aus einer Zeit stammt, in der sie keinen Bezugspunkt hatte, verstanden hat, dass die Familie und das Umfeld das Leben von Trans-Personen und des Kollektivs immer noch bei vielen Gelegenheiten bestimmen, und \u201ewenn wir entscheiden, was unser Leben ist, haben wir vielleicht viele Jahre dazwischen verloren\u201c.<\/p><p>Sie sagt, dass sie nie vergessen wird, dass in ihren Zwanzigern, als sie \u201eeinige gro\u00dfe innere K\u00e4mpfe\u201c wegen famili\u00e4rer Entfremdungen hatte, ein Freund zu ihr sagte: \u201eCarla, tu nie etwas in deinem Leben f\u00fcr und f\u00fcr andere. Sieh mich an, ich bin erst aus der Garderobe gekommen, als mein Vater und meine Mutter aus Respekt vor ihnen gestorben waren, und ich habe mein ganzes Leben verpasst. Jetzt, in meinen 60ern, lebe ich ein Leben, das ich vielleicht schon vor vier Jahrzehnten h\u00e4tte anfangen sollen zu leben.<\/p><p>In einem mehr als halbst\u00fcndigen Gespr\u00e4ch mit der Journalistin Micaela Garc\u00eda wird die Lebensgeschichte von Carla Antonelli geschildert, die f\u00fcr das Kollektiv eine Referenz darstellt. Eine \u201eVulkanfrau\u201c, die zu allem f\u00e4hig war und die heute, nach jahrelangem Kampf, ihre Geschichte auf LOVE TV erz\u00e4hlt.<\/p>\t\t\t\t\t\t\t\t<\/div>\n\t\t\t\t<\/div>\n\t\t\t\t<div class=\"elementor-element elementor-element-a67cac4 elementor-widget elementor-widget-video\" data-id=\"a67cac4\" data-element_type=\"widget\" data-e-type=\"widget\" data-settings=\"{&quot;youtube_url&quot;:&quot;https:\\\/\\\/www.youtube.com\\\/watch?v=Sg1McOAAgxU&quot;,&quot;video_type&quot;:&quot;youtube&quot;,&quot;controls&quot;:&quot;yes&quot;}\" data-widget_type=\"video.default\">\n\t\t\t\t<div class=\"elementor-widget-container\">\n\t\t\t\t\t\t\t<div class=\"elementor-wrapper elementor-open-inline\">\n\t\t\t<div class=\"elementor-video\"><\/div>\t\t<\/div>\n\t\t\t\t\t\t<\/div>\n\t\t\t\t<\/div>\n\t\t\t\t\t<\/div>\n\t\t<\/div>\n\t\t\t\t\t<\/div>\n\t\t<\/section>\n\t\t\t\t<\/div>\n\t\t","protected":false},"excerpt":{"rendered":"<p>Senatorin Carla Antonelli war die erste Transfrau, die in Spanien ein \u00f6ffentliches Amt bekleidete. Eine \u201eVulkanfrau\u201c, wie sie sich in ihrem Buch selbst bezeichnet, die mit ihrem unerm\u00fcdlichen Kampf f\u00fcr die Rechte des LGTBI+ Kollektivs den Weg f\u00fcr alle anderen ebnete. Heute spricht sie am Set von LOVE TV \u00fcber einen der besten Ratschl\u00e4ge, den &#8230; <a title=\"Carla Antonelli: \u201eWenn wir entscheiden, was unser Leben ist, haben wir viele Jahre verloren.\" class=\"read-more\" href=\"https:\/\/www.islabonitalovefestival.es\/de\/2024\/07\/24\/carla-antonelli-wenn-wir-entscheiden-was-unser-leben-ist-haben-wir-viele-jahre-verloren\/\" aria-label=\"Mehr Informationen \u00fcber Carla Antonelli: \u201eWenn wir entscheiden, was unser Leben ist, haben wir viele Jahre verloren.\">Weiterlesen<\/a><\/p>\n","protected":false},"author":1,"featured_media":18729,"comment_status":"closed","ping_status":"closed","sticky":false,"template":"","format":"standard","meta":{"footnotes":""},"categories":[234],"tags":[],"class_list":["post-18724","post","type-post","status-publish","format-standard","has-post-thumbnail","hentry","category-nachrichten"],"yoast_head":"<!-- This site is optimized with the Yoast SEO Premium plugin v22.0 (Yoast SEO v27.0) - https:\/\/yoast.com\/product\/yoast-seo-premium-wordpress\/ -->\n<title>Carla Antonelli: \u201eWenn wir entscheiden, was unser Leben ist, haben wir viele Jahre verloren. - Isla Bonita Love Festival<\/title>\n<meta name=\"robots\" content=\"noindex, follow\" \/>\n<meta property=\"og:locale\" content=\"de_DE\" \/>\n<meta property=\"og:type\" content=\"article\" \/>\n<meta property=\"og:title\" content=\"Carla Antonelli: \u201eWenn wir entscheiden, was unser Leben ist, haben wir viele Jahre verloren.\" \/>\n<meta property=\"og:description\" content=\"Senatorin Carla Antonelli war die erste Transfrau, die in Spanien ein \u00f6ffentliches Amt bekleidete. Eine \u201eVulkanfrau\u201c, wie sie sich in ihrem Buch selbst bezeichnet, die mit ihrem unerm\u00fcdlichen Kampf f\u00fcr die Rechte des LGTBI+ Kollektivs den Weg f\u00fcr alle anderen ebnete. Heute spricht sie am Set von LOVE TV \u00fcber einen der besten Ratschl\u00e4ge, den ... Weiterlesen\" \/>\n<meta property=\"og:url\" content=\"https:\/\/www.islabonitalovefestival.es\/de\/2024\/07\/24\/carla-antonelli-wenn-wir-entscheiden-was-unser-leben-ist-haben-wir-viele-jahre-verloren\/\" \/>\n<meta property=\"og:site_name\" content=\"Isla Bonita Love Festival\" \/>\n<meta property=\"article:publisher\" content=\"https:\/\/www.facebook.com\/islabonitalovefestival\/\" \/>\n<meta property=\"article:published_time\" content=\"2024-07-24T15:10:47+00:00\" \/>\n<meta property=\"article:modified_time\" content=\"2024-07-24T15:29:38+00:00\" \/>\n<meta property=\"og:image\" content=\"https:\/\/www.islabonitalovefestival.es\/wp-content\/uploads\/2024\/07\/Carla_Antonelli.jpg\" \/>\n\t<meta property=\"og:image:width\" content=\"999\" \/>\n\t<meta property=\"og:image:height\" content=\"635\" \/>\n\t<meta property=\"og:image:type\" content=\"image\/jpeg\" \/>\n<meta name=\"author\" content=\"admin\" \/>\n<meta name=\"twitter:card\" content=\"summary_large_image\" \/>\n<meta name=\"twitter:creator\" content=\"@IslaBonitaLoveF\" \/>\n<meta name=\"twitter:site\" content=\"@IslaBonitaLoveF\" \/>\n<script type=\"application\/ld+json\" class=\"yoast-schema-graph\">{\"@context\":\"https:\/\/schema.org\",\"@graph\":[{\"@type\":\"Article\",\"@id\":\"https:\/\/www.islabonitalovefestival.es\/de\/2024\/07\/24\/carla-antonelli-wenn-wir-entscheiden-was-unser-leben-ist-haben-wir-viele-jahre-verloren\/#article\",\"isPartOf\":{\"@id\":\"https:\/\/www.islabonitalovefestival.es\/de\/2024\/07\/24\/carla-antonelli-wenn-wir-entscheiden-was-unser-leben-ist-haben-wir-viele-jahre-verloren\/\"},\"author\":{\"name\":\"admin\",\"@id\":\"https:\/\/www.islabonitalovefestival.es\/#\/schema\/person\/e8c1725efa520a7107e2625e272fb763\"},\"headline\":\"Carla Antonelli: \u201eWenn wir entscheiden, was unser Leben ist, haben wir viele Jahre verloren.\",\"datePublished\":\"2024-07-24T15:10:47+00:00\",\"dateModified\":\"2024-07-24T15:29:38+00:00\",\"mainEntityOfPage\":{\"@id\":\"https:\/\/www.islabonitalovefestival.es\/de\/2024\/07\/24\/carla-antonelli-wenn-wir-entscheiden-was-unser-leben-ist-haben-wir-viele-jahre-verloren\/\"},\"wordCount\":574,\"publisher\":{\"@id\":\"https:\/\/www.islabonitalovefestival.es\/#organization\"},\"image\":{\"@id\":\"https:\/\/www.islabonitalovefestival.es\/de\/2024\/07\/24\/carla-antonelli-wenn-wir-entscheiden-was-unser-leben-ist-haben-wir-viele-jahre-verloren\/#primaryimage\"},\"thumbnailUrl\":\"https:\/\/www.islabonitalovefestival.es\/wp-content\/uploads\/2024\/07\/Carla_Antonelli.jpg\",\"articleSection\":[\"Nachrichten\"],\"inLanguage\":\"de\"},{\"@type\":\"WebPage\",\"@id\":\"https:\/\/www.islabonitalovefestival.es\/de\/2024\/07\/24\/carla-antonelli-wenn-wir-entscheiden-was-unser-leben-ist-haben-wir-viele-jahre-verloren\/\",\"url\":\"https:\/\/www.islabonitalovefestival.es\/de\/2024\/07\/24\/carla-antonelli-wenn-wir-entscheiden-was-unser-leben-ist-haben-wir-viele-jahre-verloren\/\",\"name\":\"Carla Antonelli: \u201eWenn wir entscheiden, was unser Leben ist, haben wir viele Jahre verloren. - Isla Bonita Love Festival\",\"isPartOf\":{\"@id\":\"https:\/\/www.islabonitalovefestival.es\/#website\"},\"primaryImageOfPage\":{\"@id\":\"https:\/\/www.islabonitalovefestival.es\/de\/2024\/07\/24\/carla-antonelli-wenn-wir-entscheiden-was-unser-leben-ist-haben-wir-viele-jahre-verloren\/#primaryimage\"},\"image\":{\"@id\":\"https:\/\/www.islabonitalovefestival.es\/de\/2024\/07\/24\/carla-antonelli-wenn-wir-entscheiden-was-unser-leben-ist-haben-wir-viele-jahre-verloren\/#primaryimage\"},\"thumbnailUrl\":\"https:\/\/www.islabonitalovefestival.es\/wp-content\/uploads\/2024\/07\/Carla_Antonelli.jpg\",\"datePublished\":\"2024-07-24T15:10:47+00:00\",\"dateModified\":\"2024-07-24T15:29:38+00:00\",\"breadcrumb\":{\"@id\":\"https:\/\/www.islabonitalovefestival.es\/de\/2024\/07\/24\/carla-antonelli-wenn-wir-entscheiden-was-unser-leben-ist-haben-wir-viele-jahre-verloren\/#breadcrumb\"},\"inLanguage\":\"de\",\"potentialAction\":[{\"@type\":\"ReadAction\",\"target\":[\"https:\/\/www.islabonitalovefestival.es\/de\/2024\/07\/24\/carla-antonelli-wenn-wir-entscheiden-was-unser-leben-ist-haben-wir-viele-jahre-verloren\/\"]}]},{\"@type\":\"ImageObject\",\"inLanguage\":\"de\",\"@id\":\"https:\/\/www.islabonitalovefestival.es\/de\/2024\/07\/24\/carla-antonelli-wenn-wir-entscheiden-was-unser-leben-ist-haben-wir-viele-jahre-verloren\/#primaryimage\",\"url\":\"https:\/\/www.islabonitalovefestival.es\/wp-content\/uploads\/2024\/07\/Carla_Antonelli.jpg\",\"contentUrl\":\"https:\/\/www.islabonitalovefestival.es\/wp-content\/uploads\/2024\/07\/Carla_Antonelli.jpg\",\"width\":999,\"height\":635},{\"@type\":\"BreadcrumbList\",\"@id\":\"https:\/\/www.islabonitalovefestival.es\/de\/2024\/07\/24\/carla-antonelli-wenn-wir-entscheiden-was-unser-leben-ist-haben-wir-viele-jahre-verloren\/#breadcrumb\",\"itemListElement\":[{\"@type\":\"ListItem\",\"position\":1,\"name\":\"Portada\",\"item\":\"https:\/\/www.islabonitalovefestival.es\/de\/\"},{\"@type\":\"ListItem\",\"position\":2,\"name\":\"Carla Antonelli: \u201eWenn wir entscheiden, was unser Leben ist, haben wir viele Jahre verloren.\"}]},{\"@type\":\"WebSite\",\"@id\":\"https:\/\/www.islabonitalovefestival.es\/#website\",\"url\":\"https:\/\/www.islabonitalovefestival.es\/\",\"name\":\"Isla Bonita Love Festival 2024\",\"description\":\"Festival de la multiculturalidad que se celebrar\u00e1 del 22 al 28 de julio de 2024 en La Palma\",\"publisher\":{\"@id\":\"https:\/\/www.islabonitalovefestival.es\/#organization\"},\"alternateName\":\"Love Festival 2024\",\"potentialAction\":[{\"@type\":\"SearchAction\",\"target\":{\"@type\":\"EntryPoint\",\"urlTemplate\":\"https:\/\/www.islabonitalovefestival.es\/?s={search_term_string}\"},\"query-input\":{\"@type\":\"PropertyValueSpecification\",\"valueRequired\":true,\"valueName\":\"search_term_string\"}}],\"inLanguage\":\"de\"},{\"@type\":\"Organization\",\"@id\":\"https:\/\/www.islabonitalovefestival.es\/#organization\",\"name\":\"Isla Bonita Love Festival La Palma 2024\",\"alternateName\":\"Love Festival\",\"url\":\"https:\/\/www.islabonitalovefestival.es\/\",\"logo\":{\"@type\":\"ImageObject\",\"inLanguage\":\"de\",\"@id\":\"https:\/\/www.islabonitalovefestival.es\/#\/schema\/logo\/image\/\",\"url\":\"https:\/\/www.islabonitalovefestival.es\/wp-content\/uploads\/2024\/03\/LF24_entrada.png\",\"contentUrl\":\"https:\/\/www.islabonitalovefestival.es\/wp-content\/uploads\/2024\/03\/LF24_entrada.png\",\"width\":800,\"height\":800,\"caption\":\"Isla Bonita Love Festival La Palma 2024\"},\"image\":{\"@id\":\"https:\/\/www.islabonitalovefestival.es\/#\/schema\/logo\/image\/\"},\"sameAs\":[\"https:\/\/www.facebook.com\/islabonitalovefestival\/\",\"https:\/\/x.com\/IslaBonitaLoveF\",\"https:\/\/www.instagram.com\/islabonitalovefest\/\",\"https:\/\/www.youtube.com\/channel\/UCT7DqYugOSkmQ9lWVL9UTJw\"],\"description\":\"Sociedad de Promoci\u00f3n y Desarrollo econ\u00f3mico y Social de La Palma, empresa p\u00fablica dependiente del Cabildo de La Palma\",\"email\":\"info@sodepal.es\",\"telephone\":\"922417323\",\"legalName\":\"Sociedad de Promoci\u00f3n y Desarrollo Econ\u00f3mico de la isla de La Palma S.A.U.\",\"publishingPrinciples\":\"https:\/\/www.islabonitalovefestival.es\/aviso-legal\/\",\"ownershipFundingInfo\":\"https:\/\/www.islabonitalovefestival.es\/aviso-legal\/\",\"actionableFeedbackPolicy\":\"https:\/\/www.islabonitalovefestival.es\/aviso-legal\/\",\"correctionsPolicy\":\"https:\/\/www.islabonitalovefestival.es\/aviso-legal\/\",\"ethicsPolicy\":\"https:\/\/www.islabonitalovefestival.es\/aviso-legal\/\",\"diversityPolicy\":\"https:\/\/www.islabonitalovefestival.es\/aviso-legal\/\",\"diversityStaffingReport\":\"https:\/\/www.islabonitalovefestival.es\/aviso-legal\/\"},{\"@type\":\"Person\",\"@id\":\"https:\/\/www.islabonitalovefestival.es\/#\/schema\/person\/e8c1725efa520a7107e2625e272fb763\",\"name\":\"admin\"}]}<\/script>\n<!-- \/ Yoast SEO Premium plugin. -->","yoast_head_json":{"title":"Carla Antonelli: \u201eWenn wir entscheiden, was unser Leben ist, haben wir viele Jahre verloren. - Isla Bonita Love Festival","robots":{"index":"noindex","follow":"follow"},"og_locale":"de_DE","og_type":"article","og_title":"Carla Antonelli: \u201eWenn wir entscheiden, was unser Leben ist, haben wir viele Jahre verloren.","og_description":"Senatorin Carla Antonelli war die erste Transfrau, die in Spanien ein \u00f6ffentliches Amt bekleidete. Eine \u201eVulkanfrau\u201c, wie sie sich in ihrem Buch selbst bezeichnet, die mit ihrem unerm\u00fcdlichen Kampf f\u00fcr die Rechte des LGTBI+ Kollektivs den Weg f\u00fcr alle anderen ebnete. Heute spricht sie am Set von LOVE TV \u00fcber einen der besten Ratschl\u00e4ge, den ... Weiterlesen","og_url":"https:\/\/www.islabonitalovefestival.es\/de\/2024\/07\/24\/carla-antonelli-wenn-wir-entscheiden-was-unser-leben-ist-haben-wir-viele-jahre-verloren\/","og_site_name":"Isla Bonita Love Festival","article_publisher":"https:\/\/www.facebook.com\/islabonitalovefestival\/","article_published_time":"2024-07-24T15:10:47+00:00","article_modified_time":"2024-07-24T15:29:38+00:00","og_image":[{"width":999,"height":635,"url":"https:\/\/www.islabonitalovefestival.es\/wp-content\/uploads\/2024\/07\/Carla_Antonelli.jpg","type":"image\/jpeg"}],"author":"admin","twitter_card":"summary_large_image","twitter_creator":"@IslaBonitaLoveF","twitter_site":"@IslaBonitaLoveF","schema":{"@context":"https:\/\/schema.org","@graph":[{"@type":"Article","@id":"https:\/\/www.islabonitalovefestival.es\/de\/2024\/07\/24\/carla-antonelli-wenn-wir-entscheiden-was-unser-leben-ist-haben-wir-viele-jahre-verloren\/#article","isPartOf":{"@id":"https:\/\/www.islabonitalovefestival.es\/de\/2024\/07\/24\/carla-antonelli-wenn-wir-entscheiden-was-unser-leben-ist-haben-wir-viele-jahre-verloren\/"},"author":{"name":"admin","@id":"https:\/\/www.islabonitalovefestival.es\/#\/schema\/person\/e8c1725efa520a7107e2625e272fb763"},"headline":"Carla Antonelli: \u201eWenn wir entscheiden, was unser Leben ist, haben wir viele Jahre verloren.","datePublished":"2024-07-24T15:10:47+00:00","dateModified":"2024-07-24T15:29:38+00:00","mainEntityOfPage":{"@id":"https:\/\/www.islabonitalovefestival.es\/de\/2024\/07\/24\/carla-antonelli-wenn-wir-entscheiden-was-unser-leben-ist-haben-wir-viele-jahre-verloren\/"},"wordCount":574,"publisher":{"@id":"https:\/\/www.islabonitalovefestival.es\/#organization"},"image":{"@id":"https:\/\/www.islabonitalovefestival.es\/de\/2024\/07\/24\/carla-antonelli-wenn-wir-entscheiden-was-unser-leben-ist-haben-wir-viele-jahre-verloren\/#primaryimage"},"thumbnailUrl":"https:\/\/www.islabonitalovefestival.es\/wp-content\/uploads\/2024\/07\/Carla_Antonelli.jpg","articleSection":["Nachrichten"],"inLanguage":"de"},{"@type":"WebPage","@id":"https:\/\/www.islabonitalovefestival.es\/de\/2024\/07\/24\/carla-antonelli-wenn-wir-entscheiden-was-unser-leben-ist-haben-wir-viele-jahre-verloren\/","url":"https:\/\/www.islabonitalovefestival.es\/de\/2024\/07\/24\/carla-antonelli-wenn-wir-entscheiden-was-unser-leben-ist-haben-wir-viele-jahre-verloren\/","name":"Carla Antonelli: \u201eWenn wir entscheiden, was unser Leben ist, haben wir viele Jahre verloren. - Isla Bonita Love Festival","isPartOf":{"@id":"https:\/\/www.islabonitalovefestival.es\/#website"},"primaryImageOfPage":{"@id":"https:\/\/www.islabonitalovefestival.es\/de\/2024\/07\/24\/carla-antonelli-wenn-wir-entscheiden-was-unser-leben-ist-haben-wir-viele-jahre-verloren\/#primaryimage"},"image":{"@id":"https:\/\/www.islabonitalovefestival.es\/de\/2024\/07\/24\/carla-antonelli-wenn-wir-entscheiden-was-unser-leben-ist-haben-wir-viele-jahre-verloren\/#primaryimage"},"thumbnailUrl":"https:\/\/www.islabonitalovefestival.es\/wp-content\/uploads\/2024\/07\/Carla_Antonelli.jpg","datePublished":"2024-07-24T15:10:47+00:00","dateModified":"2024-07-24T15:29:38+00:00","breadcrumb":{"@id":"https:\/\/www.islabonitalovefestival.es\/de\/2024\/07\/24\/carla-antonelli-wenn-wir-entscheiden-was-unser-leben-ist-haben-wir-viele-jahre-verloren\/#breadcrumb"},"inLanguage":"de","potentialAction":[{"@type":"ReadAction","target":["https:\/\/www.islabonitalovefestival.es\/de\/2024\/07\/24\/carla-antonelli-wenn-wir-entscheiden-was-unser-leben-ist-haben-wir-viele-jahre-verloren\/"]}]},{"@type":"ImageObject","inLanguage":"de","@id":"https:\/\/www.islabonitalovefestival.es\/de\/2024\/07\/24\/carla-antonelli-wenn-wir-entscheiden-was-unser-leben-ist-haben-wir-viele-jahre-verloren\/#primaryimage","url":"https:\/\/www.islabonitalovefestival.es\/wp-content\/uploads\/2024\/07\/Carla_Antonelli.jpg","contentUrl":"https:\/\/www.islabonitalovefestival.es\/wp-content\/uploads\/2024\/07\/Carla_Antonelli.jpg","width":999,"height":635},{"@type":"BreadcrumbList","@id":"https:\/\/www.islabonitalovefestival.es\/de\/2024\/07\/24\/carla-antonelli-wenn-wir-entscheiden-was-unser-leben-ist-haben-wir-viele-jahre-verloren\/#breadcrumb","itemListElement":[{"@type":"ListItem","position":1,"name":"Portada","item":"https:\/\/www.islabonitalovefestival.es\/de\/"},{"@type":"ListItem","position":2,"name":"Carla Antonelli: \u201eWenn wir entscheiden, was unser Leben ist, haben wir viele Jahre verloren."}]},{"@type":"WebSite","@id":"https:\/\/www.islabonitalovefestival.es\/#website","url":"https:\/\/www.islabonitalovefestival.es\/","name":"Isla Bonita Love Festival 2024","description":"Festival de la multiculturalidad que se celebrar\u00e1 del 22 al 28 de julio de 2024 en La Palma","publisher":{"@id":"https:\/\/www.islabonitalovefestival.es\/#organization"},"alternateName":"Love Festival 2024","potentialAction":[{"@type":"SearchAction","target":{"@type":"EntryPoint","urlTemplate":"https:\/\/www.islabonitalovefestival.es\/?s={search_term_string}"},"query-input":{"@type":"PropertyValueSpecification","valueRequired":true,"valueName":"search_term_string"}}],"inLanguage":"de"},{"@type":"Organization","@id":"https:\/\/www.islabonitalovefestival.es\/#organization","name":"Isla Bonita Love Festival La Palma 2024","alternateName":"Love Festival","url":"https:\/\/www.islabonitalovefestival.es\/","logo":{"@type":"ImageObject","inLanguage":"de","@id":"https:\/\/www.islabonitalovefestival.es\/#\/schema\/logo\/image\/","url":"https:\/\/www.islabonitalovefestival.es\/wp-content\/uploads\/2024\/03\/LF24_entrada.png","contentUrl":"https:\/\/www.islabonitalovefestival.es\/wp-content\/uploads\/2024\/03\/LF24_entrada.png","width":800,"height":800,"caption":"Isla Bonita Love Festival La Palma 2024"},"image":{"@id":"https:\/\/www.islabonitalovefestival.es\/#\/schema\/logo\/image\/"},"sameAs":["https:\/\/www.facebook.com\/islabonitalovefestival\/","https:\/\/x.com\/IslaBonitaLoveF","https:\/\/www.instagram.com\/islabonitalovefest\/","https:\/\/www.youtube.com\/channel\/UCT7DqYugOSkmQ9lWVL9UTJw"],"description":"Sociedad de Promoci\u00f3n y Desarrollo econ\u00f3mico y Social de La Palma, empresa p\u00fablica dependiente del Cabildo de La Palma","email":"info@sodepal.es","telephone":"922417323","legalName":"Sociedad de Promoci\u00f3n y Desarrollo Econ\u00f3mico de la isla de La Palma S.A.U.","publishingPrinciples":"https:\/\/www.islabonitalovefestival.es\/aviso-legal\/","ownershipFundingInfo":"https:\/\/www.islabonitalovefestival.es\/aviso-legal\/","actionableFeedbackPolicy":"https:\/\/www.islabonitalovefestival.es\/aviso-legal\/","correctionsPolicy":"https:\/\/www.islabonitalovefestival.es\/aviso-legal\/","ethicsPolicy":"https:\/\/www.islabonitalovefestival.es\/aviso-legal\/","diversityPolicy":"https:\/\/www.islabonitalovefestival.es\/aviso-legal\/","diversityStaffingReport":"https:\/\/www.islabonitalovefestival.es\/aviso-legal\/"},{"@type":"Person","@id":"https:\/\/www.islabonitalovefestival.es\/#\/schema\/person\/e8c1725efa520a7107e2625e272fb763","name":"admin"}]}},"_links":{"self":[{"href":"https:\/\/www.islabonitalovefestival.es\/de\/wp-json\/wp\/v2\/posts\/18724","targetHints":{"allow":["GET"]}}],"collection":[{"href":"https:\/\/www.islabonitalovefestival.es\/de\/wp-json\/wp\/v2\/posts"}],"about":[{"href":"https:\/\/www.islabonitalovefestival.es\/de\/wp-json\/wp\/v2\/types\/post"}],"author":[{"embeddable":true,"href":"https:\/\/www.islabonitalovefestival.es\/de\/wp-json\/wp\/v2\/users\/1"}],"replies":[{"embeddable":true,"href":"https:\/\/www.islabonitalovefestival.es\/de\/wp-json\/wp\/v2\/comments?post=18724"}],"version-history":[{"count":6,"href":"https:\/\/www.islabonitalovefestival.es\/de\/wp-json\/wp\/v2\/posts\/18724\/revisions"}],"predecessor-version":[{"id":18744,"href":"https:\/\/www.islabonitalovefestival.es\/de\/wp-json\/wp\/v2\/posts\/18724\/revisions\/18744"}],"wp:featuredmedia":[{"embeddable":true,"href":"https:\/\/www.islabonitalovefestival.es\/de\/wp-json\/wp\/v2\/media\/18729"}],"wp:attachment":[{"href":"https:\/\/www.islabonitalovefestival.es\/de\/wp-json\/wp\/v2\/media?parent=18724"}],"wp:term":[{"taxonomy":"category","embeddable":true,"href":"https:\/\/www.islabonitalovefestival.es\/de\/wp-json\/wp\/v2\/categories?post=18724"},{"taxonomy":"post_tag","embeddable":true,"href":"https:\/\/www.islabonitalovefestival.es\/de\/wp-json\/wp\/v2\/tags?post=18724"}],"curies":[{"name":"wp","href":"https:\/\/api.w.org\/{rel}","templated":true}]}}