{"id":18755,"date":"2024-07-25T23:34:20","date_gmt":"2024-07-25T22:34:20","guid":{"rendered":"https:\/\/www.islabonitalovefestival.es\/?p=18755"},"modified":"2024-07-25T10:39:50","modified_gmt":"2024-07-25T09:39:50","slug":"das-love-festival-wird-die-plaza-francisca-gazmira-in-el-paso-mit-stolz-erfuellen","status":"publish","type":"post","link":"https:\/\/www.islabonitalovefestival.es\/de\/2024\/07\/25\/das-love-festival-wird-die-plaza-francisca-gazmira-in-el-paso-mit-stolz-erfuellen\/","title":{"rendered":"Das Love Festival wird die Plaza Francisca Gazmira in El Paso mit Stolz erf\u00fcllen."},"content":{"rendered":"\t\t<div data-elementor-type=\"wp-post\" data-elementor-id=\"18755\" class=\"elementor elementor-18755\" data-elementor-post-type=\"post\">\n\t\t\t\t\t\t<section data-particle_enable=\"false\" data-particle-mobile-disabled=\"false\" class=\"elementor-section elementor-top-section elementor-element elementor-element-5d4592ee elementor-section-boxed elementor-section-height-default elementor-section-height-default\" data-id=\"5d4592ee\" data-element_type=\"section\" data-e-type=\"section\">\n\t\t\t\t\t\t<div class=\"elementor-container elementor-column-gap-default\">\n\t\t\t\t\t<div class=\"elementor-column elementor-col-100 elementor-top-column elementor-element elementor-element-329aa00\" data-id=\"329aa00\" data-element_type=\"column\" data-e-type=\"column\">\n\t\t\t<div class=\"elementor-widget-wrap elementor-element-populated\">\n\t\t\t\t\t\t<div class=\"elementor-element elementor-element-cf78c36 elementor-widget elementor-widget-text-editor\" data-id=\"cf78c36\" data-element_type=\"widget\" data-e-type=\"widget\" data-widget_type=\"text-editor.default\">\n\t\t\t\t<div class=\"elementor-widget-container\">\n\t\t\t\t\t\t\t\t\t<p>Das Isla Bonita Love Festival wird mit Stolz die Plaza Francisca Gazmira in El Paso f\u00fcllen, eine der bereits konsolidierten Aktionen dieser Veranstaltung, die in diesem Jahr anl\u00e4sslich ihrer dreij\u00e4hrlichen Feierlichkeiten in diese Gemeinde zieht. Das vom Rathaus von La Palma \u00fcber das \u00f6ffentliche Unternehmen Sodepal organisierte Love Festival setzt sich f\u00fcr die Rechte des LGTBIQ+ Kollektivs ein und arbeitet f\u00fcr eine freie und vielf\u00e4ltige Gesellschaft.<\/p><p>Der Pr\u00e4sident des Cabildo de La Palma, Sergio Rodr\u00edguez, wird zusammen mit der Gesch\u00e4ftsf\u00fchrerin von Sodepal, Miriam Perestelo, und Vertretern der Insel und der st\u00e4dtischen K\u00f6rperschaft den Pride Square einweihen, um eine Gesellschaft zu fordern, in der sich alle Menschen frei f\u00fchlen, zu lieben und sich ohne Angst auszudr\u00fccken.<\/p><p>Bei dieser Aktion im Rahmen der sozialen Agenda des Isla Bonita Love Festivals werden auch Az\u00facar Moreno und der bekannte kanarische K\u00fcnstler Drag Sethlas auftreten.<\/p>\t\t\t\t\t\t\t\t<\/div>\n\t\t\t\t<\/div>\n\t\t\t\t\t<\/div>\n\t\t<\/div>\n\t\t\t\t\t<\/div>\n\t\t<\/section>\n\t\t\t\t<\/div>\n\t\t","protected":false},"excerpt":{"rendered":"<p>Das Isla Bonita Love Festival wird mit Stolz die Plaza Francisca Gazmira in El Paso f\u00fcllen, eine der bereits konsolidierten Aktionen dieser Veranstaltung, die in diesem Jahr anl\u00e4sslich ihrer dreij\u00e4hrlichen Feierlichkeiten in diese Gemeinde zieht. Das vom Rathaus von La Palma \u00fcber das \u00f6ffentliche Unternehmen Sodepal organisierte Love Festival setzt sich f\u00fcr die Rechte des &#8230; <a title=\"Das Love Festival wird die Plaza Francisca Gazmira in El Paso mit Stolz erf\u00fcllen.\" class=\"read-more\" href=\"https:\/\/www.islabonitalovefestival.es\/de\/2024\/07\/25\/das-love-festival-wird-die-plaza-francisca-gazmira-in-el-paso-mit-stolz-erfuellen\/\" aria-label=\"Mehr Informationen \u00fcber Das Love Festival wird die Plaza Francisca Gazmira in El Paso mit Stolz erf\u00fcllen.\">Weiterlesen<\/a><\/p>\n","protected":false},"author":1,"featured_media":18760,"comment_status":"closed","ping_status":"closed","sticky":false,"template":"","format":"standard","meta":{"footnotes":""},"categories":[234],"tags":[],"class_list":["post-18755","post","type-post","status-publish","format-standard","has-post-thumbnail","hentry","category-nachrichten"],"yoast_head":"<!-- This site is optimized with the Yoast SEO Premium plugin v22.0 (Yoast SEO v27.0) - https:\/\/yoast.com\/product\/yoast-seo-premium-wordpress\/ -->\n<title>Das Love Festival wird die Plaza Francisca Gazmira in El Paso mit Stolz erf\u00fcllen. - Isla Bonita Love Festival<\/title>\n<meta name=\"robots\" content=\"noindex, follow\" \/>\n<meta property=\"og:locale\" content=\"de_DE\" \/>\n<meta property=\"og:type\" content=\"article\" \/>\n<meta property=\"og:title\" content=\"Das Love Festival wird die Plaza Francisca Gazmira in El Paso mit Stolz erf\u00fcllen.\" \/>\n<meta property=\"og:description\" content=\"Das Isla Bonita Love Festival wird mit Stolz die Plaza Francisca Gazmira in El Paso f\u00fcllen, eine der bereits konsolidierten Aktionen dieser Veranstaltung, die in diesem Jahr anl\u00e4sslich ihrer dreij\u00e4hrlichen Feierlichkeiten in diese Gemeinde zieht. Das vom Rathaus von La Palma \u00fcber das \u00f6ffentliche Unternehmen Sodepal organisierte Love Festival setzt sich f\u00fcr die Rechte des ... Weiterlesen\" \/>\n<meta property=\"og:url\" content=\"https:\/\/www.islabonitalovefestival.es\/de\/2024\/07\/25\/das-love-festival-wird-die-plaza-francisca-gazmira-in-el-paso-mit-stolz-erfuellen\/\" \/>\n<meta property=\"og:site_name\" content=\"Isla Bonita Love Festival\" \/>\n<meta property=\"article:publisher\" content=\"https:\/\/www.facebook.com\/islabonitalovefestival\/\" \/>\n<meta property=\"article:published_time\" content=\"2024-07-25T22:34:20+00:00\" \/>\n<meta property=\"og:image\" content=\"https:\/\/www.islabonitalovefestival.es\/wp-content\/uploads\/2024\/07\/Plaza_del_Orgullo.jpg\" \/>\n\t<meta property=\"og:image:width\" content=\"1440\" \/>\n\t<meta property=\"og:image:height\" content=\"1440\" \/>\n\t<meta property=\"og:image:type\" content=\"image\/jpeg\" \/>\n<meta name=\"author\" content=\"admin\" \/>\n<meta name=\"twitter:card\" content=\"summary_large_image\" \/>\n<meta name=\"twitter:creator\" content=\"@IslaBonitaLoveF\" \/>\n<meta name=\"twitter:site\" content=\"@IslaBonitaLoveF\" \/>\n<script type=\"application\/ld+json\" class=\"yoast-schema-graph\">{\"@context\":\"https:\/\/schema.org\",\"@graph\":[{\"@type\":\"Article\",\"@id\":\"https:\/\/www.islabonitalovefestival.es\/de\/2024\/07\/25\/das-love-festival-wird-die-plaza-francisca-gazmira-in-el-paso-mit-stolz-erfuellen\/#article\",\"isPartOf\":{\"@id\":\"https:\/\/www.islabonitalovefestival.es\/de\/2024\/07\/25\/das-love-festival-wird-die-plaza-francisca-gazmira-in-el-paso-mit-stolz-erfuellen\/\"},\"author\":{\"name\":\"admin\",\"@id\":\"https:\/\/www.islabonitalovefestival.es\/#\/schema\/person\/e8c1725efa520a7107e2625e272fb763\"},\"headline\":\"Das Love Festival wird die Plaza Francisca Gazmira in El Paso mit Stolz erf\u00fcllen.\",\"datePublished\":\"2024-07-25T22:34:20+00:00\",\"mainEntityOfPage\":{\"@id\":\"https:\/\/www.islabonitalovefestival.es\/de\/2024\/07\/25\/das-love-festival-wird-die-plaza-francisca-gazmira-in-el-paso-mit-stolz-erfuellen\/\"},\"wordCount\":171,\"publisher\":{\"@id\":\"https:\/\/www.islabonitalovefestival.es\/#organization\"},\"image\":{\"@id\":\"https:\/\/www.islabonitalovefestival.es\/de\/2024\/07\/25\/das-love-festival-wird-die-plaza-francisca-gazmira-in-el-paso-mit-stolz-erfuellen\/#primaryimage\"},\"thumbnailUrl\":\"https:\/\/www.islabonitalovefestival.es\/wp-content\/uploads\/2024\/07\/Plaza_del_Orgullo.jpg\",\"articleSection\":[\"Nachrichten\"],\"inLanguage\":\"de\"},{\"@type\":\"WebPage\",\"@id\":\"https:\/\/www.islabonitalovefestival.es\/de\/2024\/07\/25\/das-love-festival-wird-die-plaza-francisca-gazmira-in-el-paso-mit-stolz-erfuellen\/\",\"url\":\"https:\/\/www.islabonitalovefestival.es\/de\/2024\/07\/25\/das-love-festival-wird-die-plaza-francisca-gazmira-in-el-paso-mit-stolz-erfuellen\/\",\"name\":\"Das Love Festival wird die Plaza Francisca Gazmira in El Paso mit Stolz erf\u00fcllen. - Isla Bonita Love Festival\",\"isPartOf\":{\"@id\":\"https:\/\/www.islabonitalovefestival.es\/#website\"},\"primaryImageOfPage\":{\"@id\":\"https:\/\/www.islabonitalovefestival.es\/de\/2024\/07\/25\/das-love-festival-wird-die-plaza-francisca-gazmira-in-el-paso-mit-stolz-erfuellen\/#primaryimage\"},\"image\":{\"@id\":\"https:\/\/www.islabonitalovefestival.es\/de\/2024\/07\/25\/das-love-festival-wird-die-plaza-francisca-gazmira-in-el-paso-mit-stolz-erfuellen\/#primaryimage\"},\"thumbnailUrl\":\"https:\/\/www.islabonitalovefestival.es\/wp-content\/uploads\/2024\/07\/Plaza_del_Orgullo.jpg\",\"datePublished\":\"2024-07-25T22:34:20+00:00\",\"breadcrumb\":{\"@id\":\"https:\/\/www.islabonitalovefestival.es\/de\/2024\/07\/25\/das-love-festival-wird-die-plaza-francisca-gazmira-in-el-paso-mit-stolz-erfuellen\/#breadcrumb\"},\"inLanguage\":\"de\",\"potentialAction\":[{\"@type\":\"ReadAction\",\"target\":[\"https:\/\/www.islabonitalovefestival.es\/de\/2024\/07\/25\/das-love-festival-wird-die-plaza-francisca-gazmira-in-el-paso-mit-stolz-erfuellen\/\"]}]},{\"@type\":\"ImageObject\",\"inLanguage\":\"de\",\"@id\":\"https:\/\/www.islabonitalovefestival.es\/de\/2024\/07\/25\/das-love-festival-wird-die-plaza-francisca-gazmira-in-el-paso-mit-stolz-erfuellen\/#primaryimage\",\"url\":\"https:\/\/www.islabonitalovefestival.es\/wp-content\/uploads\/2024\/07\/Plaza_del_Orgullo.jpg\",\"contentUrl\":\"https:\/\/www.islabonitalovefestival.es\/wp-content\/uploads\/2024\/07\/Plaza_del_Orgullo.jpg\",\"width\":1440,\"height\":1440},{\"@type\":\"BreadcrumbList\",\"@id\":\"https:\/\/www.islabonitalovefestival.es\/de\/2024\/07\/25\/das-love-festival-wird-die-plaza-francisca-gazmira-in-el-paso-mit-stolz-erfuellen\/#breadcrumb\",\"itemListElement\":[{\"@type\":\"ListItem\",\"position\":1,\"name\":\"Portada\",\"item\":\"https:\/\/www.islabonitalovefestival.es\/de\/\"},{\"@type\":\"ListItem\",\"position\":2,\"name\":\"Das Love Festival wird die Plaza Francisca Gazmira in El Paso mit Stolz erf\u00fcllen.\"}]},{\"@type\":\"WebSite\",\"@id\":\"https:\/\/www.islabonitalovefestival.es\/#website\",\"url\":\"https:\/\/www.islabonitalovefestival.es\/\",\"name\":\"Isla Bonita Love Festival 2024\",\"description\":\"Festival de la multiculturalidad que se celebrar\u00e1 del 22 al 28 de julio de 2024 en La Palma\",\"publisher\":{\"@id\":\"https:\/\/www.islabonitalovefestival.es\/#organization\"},\"alternateName\":\"Love Festival 2024\",\"potentialAction\":[{\"@type\":\"SearchAction\",\"target\":{\"@type\":\"EntryPoint\",\"urlTemplate\":\"https:\/\/www.islabonitalovefestival.es\/?s={search_term_string}\"},\"query-input\":{\"@type\":\"PropertyValueSpecification\",\"valueRequired\":true,\"valueName\":\"search_term_string\"}}],\"inLanguage\":\"de\"},{\"@type\":\"Organization\",\"@id\":\"https:\/\/www.islabonitalovefestival.es\/#organization\",\"name\":\"Isla Bonita Love Festival La Palma 2024\",\"alternateName\":\"Love Festival\",\"url\":\"https:\/\/www.islabonitalovefestival.es\/\",\"logo\":{\"@type\":\"ImageObject\",\"inLanguage\":\"de\",\"@id\":\"https:\/\/www.islabonitalovefestival.es\/#\/schema\/logo\/image\/\",\"url\":\"https:\/\/www.islabonitalovefestival.es\/wp-content\/uploads\/2024\/03\/LF24_entrada.png\",\"contentUrl\":\"https:\/\/www.islabonitalovefestival.es\/wp-content\/uploads\/2024\/03\/LF24_entrada.png\",\"width\":800,\"height\":800,\"caption\":\"Isla Bonita Love Festival La Palma 2024\"},\"image\":{\"@id\":\"https:\/\/www.islabonitalovefestival.es\/#\/schema\/logo\/image\/\"},\"sameAs\":[\"https:\/\/www.facebook.com\/islabonitalovefestival\/\",\"https:\/\/x.com\/IslaBonitaLoveF\",\"https:\/\/www.instagram.com\/islabonitalovefest\/\",\"https:\/\/www.youtube.com\/channel\/UCT7DqYugOSkmQ9lWVL9UTJw\"],\"description\":\"Sociedad de Promoci\u00f3n y Desarrollo econ\u00f3mico y Social de La Palma, empresa p\u00fablica dependiente del Cabildo de La Palma\",\"email\":\"info@sodepal.es\",\"telephone\":\"922417323\",\"legalName\":\"Sociedad de Promoci\u00f3n y Desarrollo Econ\u00f3mico de la isla de La Palma S.A.U.\",\"publishingPrinciples\":\"https:\/\/www.islabonitalovefestival.es\/aviso-legal\/\",\"ownershipFundingInfo\":\"https:\/\/www.islabonitalovefestival.es\/aviso-legal\/\",\"actionableFeedbackPolicy\":\"https:\/\/www.islabonitalovefestival.es\/aviso-legal\/\",\"correctionsPolicy\":\"https:\/\/www.islabonitalovefestival.es\/aviso-legal\/\",\"ethicsPolicy\":\"https:\/\/www.islabonitalovefestival.es\/aviso-legal\/\",\"diversityPolicy\":\"https:\/\/www.islabonitalovefestival.es\/aviso-legal\/\",\"diversityStaffingReport\":\"https:\/\/www.islabonitalovefestival.es\/aviso-legal\/\"},{\"@type\":\"Person\",\"@id\":\"https:\/\/www.islabonitalovefestival.es\/#\/schema\/person\/e8c1725efa520a7107e2625e272fb763\",\"name\":\"admin\"}]}<\/script>\n<!-- \/ Yoast SEO Premium plugin. -->","yoast_head_json":{"title":"Das Love Festival wird die Plaza Francisca Gazmira in El Paso mit Stolz erf\u00fcllen. - Isla Bonita Love Festival","robots":{"index":"noindex","follow":"follow"},"og_locale":"de_DE","og_type":"article","og_title":"Das Love Festival wird die Plaza Francisca Gazmira in El Paso mit Stolz erf\u00fcllen.","og_description":"Das Isla Bonita Love Festival wird mit Stolz die Plaza Francisca Gazmira in El Paso f\u00fcllen, eine der bereits konsolidierten Aktionen dieser Veranstaltung, die in diesem Jahr anl\u00e4sslich ihrer dreij\u00e4hrlichen Feierlichkeiten in diese Gemeinde zieht. Das vom Rathaus von La Palma \u00fcber das \u00f6ffentliche Unternehmen Sodepal organisierte Love Festival setzt sich f\u00fcr die Rechte des ... Weiterlesen","og_url":"https:\/\/www.islabonitalovefestival.es\/de\/2024\/07\/25\/das-love-festival-wird-die-plaza-francisca-gazmira-in-el-paso-mit-stolz-erfuellen\/","og_site_name":"Isla Bonita Love Festival","article_publisher":"https:\/\/www.facebook.com\/islabonitalovefestival\/","article_published_time":"2024-07-25T22:34:20+00:00","og_image":[{"width":1440,"height":1440,"url":"https:\/\/www.islabonitalovefestival.es\/wp-content\/uploads\/2024\/07\/Plaza_del_Orgullo.jpg","type":"image\/jpeg"}],"author":"admin","twitter_card":"summary_large_image","twitter_creator":"@IslaBonitaLoveF","twitter_site":"@IslaBonitaLoveF","schema":{"@context":"https:\/\/schema.org","@graph":[{"@type":"Article","@id":"https:\/\/www.islabonitalovefestival.es\/de\/2024\/07\/25\/das-love-festival-wird-die-plaza-francisca-gazmira-in-el-paso-mit-stolz-erfuellen\/#article","isPartOf":{"@id":"https:\/\/www.islabonitalovefestival.es\/de\/2024\/07\/25\/das-love-festival-wird-die-plaza-francisca-gazmira-in-el-paso-mit-stolz-erfuellen\/"},"author":{"name":"admin","@id":"https:\/\/www.islabonitalovefestival.es\/#\/schema\/person\/e8c1725efa520a7107e2625e272fb763"},"headline":"Das Love Festival wird die Plaza Francisca Gazmira in El Paso mit Stolz erf\u00fcllen.","datePublished":"2024-07-25T22:34:20+00:00","mainEntityOfPage":{"@id":"https:\/\/www.islabonitalovefestival.es\/de\/2024\/07\/25\/das-love-festival-wird-die-plaza-francisca-gazmira-in-el-paso-mit-stolz-erfuellen\/"},"wordCount":171,"publisher":{"@id":"https:\/\/www.islabonitalovefestival.es\/#organization"},"image":{"@id":"https:\/\/www.islabonitalovefestival.es\/de\/2024\/07\/25\/das-love-festival-wird-die-plaza-francisca-gazmira-in-el-paso-mit-stolz-erfuellen\/#primaryimage"},"thumbnailUrl":"https:\/\/www.islabonitalovefestival.es\/wp-content\/uploads\/2024\/07\/Plaza_del_Orgullo.jpg","articleSection":["Nachrichten"],"inLanguage":"de"},{"@type":"WebPage","@id":"https:\/\/www.islabonitalovefestival.es\/de\/2024\/07\/25\/das-love-festival-wird-die-plaza-francisca-gazmira-in-el-paso-mit-stolz-erfuellen\/","url":"https:\/\/www.islabonitalovefestival.es\/de\/2024\/07\/25\/das-love-festival-wird-die-plaza-francisca-gazmira-in-el-paso-mit-stolz-erfuellen\/","name":"Das Love Festival wird die Plaza Francisca Gazmira in El Paso mit Stolz erf\u00fcllen. - Isla Bonita Love Festival","isPartOf":{"@id":"https:\/\/www.islabonitalovefestival.es\/#website"},"primaryImageOfPage":{"@id":"https:\/\/www.islabonitalovefestival.es\/de\/2024\/07\/25\/das-love-festival-wird-die-plaza-francisca-gazmira-in-el-paso-mit-stolz-erfuellen\/#primaryimage"},"image":{"@id":"https:\/\/www.islabonitalovefestival.es\/de\/2024\/07\/25\/das-love-festival-wird-die-plaza-francisca-gazmira-in-el-paso-mit-stolz-erfuellen\/#primaryimage"},"thumbnailUrl":"https:\/\/www.islabonitalovefestival.es\/wp-content\/uploads\/2024\/07\/Plaza_del_Orgullo.jpg","datePublished":"2024-07-25T22:34:20+00:00","breadcrumb":{"@id":"https:\/\/www.islabonitalovefestival.es\/de\/2024\/07\/25\/das-love-festival-wird-die-plaza-francisca-gazmira-in-el-paso-mit-stolz-erfuellen\/#breadcrumb"},"inLanguage":"de","potentialAction":[{"@type":"ReadAction","target":["https:\/\/www.islabonitalovefestival.es\/de\/2024\/07\/25\/das-love-festival-wird-die-plaza-francisca-gazmira-in-el-paso-mit-stolz-erfuellen\/"]}]},{"@type":"ImageObject","inLanguage":"de","@id":"https:\/\/www.islabonitalovefestival.es\/de\/2024\/07\/25\/das-love-festival-wird-die-plaza-francisca-gazmira-in-el-paso-mit-stolz-erfuellen\/#primaryimage","url":"https:\/\/www.islabonitalovefestival.es\/wp-content\/uploads\/2024\/07\/Plaza_del_Orgullo.jpg","contentUrl":"https:\/\/www.islabonitalovefestival.es\/wp-content\/uploads\/2024\/07\/Plaza_del_Orgullo.jpg","width":1440,"height":1440},{"@type":"BreadcrumbList","@id":"https:\/\/www.islabonitalovefestival.es\/de\/2024\/07\/25\/das-love-festival-wird-die-plaza-francisca-gazmira-in-el-paso-mit-stolz-erfuellen\/#breadcrumb","itemListElement":[{"@type":"ListItem","position":1,"name":"Portada","item":"https:\/\/www.islabonitalovefestival.es\/de\/"},{"@type":"ListItem","position":2,"name":"Das Love Festival wird die Plaza Francisca Gazmira in El Paso mit Stolz erf\u00fcllen."}]},{"@type":"WebSite","@id":"https:\/\/www.islabonitalovefestival.es\/#website","url":"https:\/\/www.islabonitalovefestival.es\/","name":"Isla Bonita Love Festival 2024","description":"Festival de la multiculturalidad que se celebrar\u00e1 del 22 al 28 de julio de 2024 en La Palma","publisher":{"@id":"https:\/\/www.islabonitalovefestival.es\/#organization"},"alternateName":"Love Festival 2024","potentialAction":[{"@type":"SearchAction","target":{"@type":"EntryPoint","urlTemplate":"https:\/\/www.islabonitalovefestival.es\/?s={search_term_string}"},"query-input":{"@type":"PropertyValueSpecification","valueRequired":true,"valueName":"search_term_string"}}],"inLanguage":"de"},{"@type":"Organization","@id":"https:\/\/www.islabonitalovefestival.es\/#organization","name":"Isla Bonita Love Festival La Palma 2024","alternateName":"Love Festival","url":"https:\/\/www.islabonitalovefestival.es\/","logo":{"@type":"ImageObject","inLanguage":"de","@id":"https:\/\/www.islabonitalovefestival.es\/#\/schema\/logo\/image\/","url":"https:\/\/www.islabonitalovefestival.es\/wp-content\/uploads\/2024\/03\/LF24_entrada.png","contentUrl":"https:\/\/www.islabonitalovefestival.es\/wp-content\/uploads\/2024\/03\/LF24_entrada.png","width":800,"height":800,"caption":"Isla Bonita Love Festival La Palma 2024"},"image":{"@id":"https:\/\/www.islabonitalovefestival.es\/#\/schema\/logo\/image\/"},"sameAs":["https:\/\/www.facebook.com\/islabonitalovefestival\/","https:\/\/x.com\/IslaBonitaLoveF","https:\/\/www.instagram.com\/islabonitalovefest\/","https:\/\/www.youtube.com\/channel\/UCT7DqYugOSkmQ9lWVL9UTJw"],"description":"Sociedad de Promoci\u00f3n y Desarrollo econ\u00f3mico y Social de La Palma, empresa p\u00fablica dependiente del Cabildo de La Palma","email":"info@sodepal.es","telephone":"922417323","legalName":"Sociedad de Promoci\u00f3n y Desarrollo Econ\u00f3mico de la isla de La Palma S.A.U.","publishingPrinciples":"https:\/\/www.islabonitalovefestival.es\/aviso-legal\/","ownershipFundingInfo":"https:\/\/www.islabonitalovefestival.es\/aviso-legal\/","actionableFeedbackPolicy":"https:\/\/www.islabonitalovefestival.es\/aviso-legal\/","correctionsPolicy":"https:\/\/www.islabonitalovefestival.es\/aviso-legal\/","ethicsPolicy":"https:\/\/www.islabonitalovefestival.es\/aviso-legal\/","diversityPolicy":"https:\/\/www.islabonitalovefestival.es\/aviso-legal\/","diversityStaffingReport":"https:\/\/www.islabonitalovefestival.es\/aviso-legal\/"},{"@type":"Person","@id":"https:\/\/www.islabonitalovefestival.es\/#\/schema\/person\/e8c1725efa520a7107e2625e272fb763","name":"admin"}]}},"_links":{"self":[{"href":"https:\/\/www.islabonitalovefestival.es\/de\/wp-json\/wp\/v2\/posts\/18755","targetHints":{"allow":["GET"]}}],"collection":[{"href":"https:\/\/www.islabonitalovefestival.es\/de\/wp-json\/wp\/v2\/posts"}],"about":[{"href":"https:\/\/www.islabonitalovefestival.es\/de\/wp-json\/wp\/v2\/types\/post"}],"author":[{"embeddable":true,"href":"https:\/\/www.islabonitalovefestival.es\/de\/wp-json\/wp\/v2\/users\/1"}],"replies":[{"embeddable":true,"href":"https:\/\/www.islabonitalovefestival.es\/de\/wp-json\/wp\/v2\/comments?post=18755"}],"version-history":[{"count":6,"href":"https:\/\/www.islabonitalovefestival.es\/de\/wp-json\/wp\/v2\/posts\/18755\/revisions"}],"predecessor-version":[{"id":18775,"href":"https:\/\/www.islabonitalovefestival.es\/de\/wp-json\/wp\/v2\/posts\/18755\/revisions\/18775"}],"wp:featuredmedia":[{"embeddable":true,"href":"https:\/\/www.islabonitalovefestival.es\/de\/wp-json\/wp\/v2\/media\/18760"}],"wp:attachment":[{"href":"https:\/\/www.islabonitalovefestival.es\/de\/wp-json\/wp\/v2\/media?parent=18755"}],"wp:term":[{"taxonomy":"category","embeddable":true,"href":"https:\/\/www.islabonitalovefestival.es\/de\/wp-json\/wp\/v2\/categories?post=18755"},{"taxonomy":"post_tag","embeddable":true,"href":"https:\/\/www.islabonitalovefestival.es\/de\/wp-json\/wp\/v2\/tags?post=18755"}],"curies":[{"name":"wp","href":"https:\/\/api.w.org\/{rel}","templated":true}]}}