{"id":18780,"date":"2024-07-25T19:38:48","date_gmt":"2024-07-25T18:38:48","guid":{"rendered":"https:\/\/www.islabonitalovefestival.es\/?p=18780"},"modified":"2024-07-25T19:56:29","modified_gmt":"2024-07-25T18:56:29","slug":"bob-pop-ich-bin-stolz-auf-das-land-das-wir-aufgebaut-haben-trotz-der-reaktionaeren-horden","status":"publish","type":"post","link":"https:\/\/www.islabonitalovefestival.es\/de\/2024\/07\/25\/bob-pop-ich-bin-stolz-auf-das-land-das-wir-aufgebaut-haben-trotz-der-reaktionaeren-horden\/","title":{"rendered":"Bob Pop: \u201eIch bin stolz auf das Land, das wir aufgebaut haben, trotz der reaktion\u00e4ren Horden\u201c."},"content":{"rendered":"\t\t<div data-elementor-type=\"wp-post\" data-elementor-id=\"18780\" class=\"elementor elementor-18780\" data-elementor-post-type=\"post\">\n\t\t\t\t\t\t<section data-particle_enable=\"false\" data-particle-mobile-disabled=\"false\" class=\"elementor-section elementor-top-section elementor-element elementor-element-5d4592ee elementor-section-boxed elementor-section-height-default elementor-section-height-default\" data-id=\"5d4592ee\" data-element_type=\"section\" data-e-type=\"section\">\n\t\t\t\t\t\t<div class=\"elementor-container elementor-column-gap-default\">\n\t\t\t\t\t<div class=\"elementor-column elementor-col-100 elementor-top-column elementor-element elementor-element-329aa00\" data-id=\"329aa00\" data-element_type=\"column\" data-e-type=\"column\">\n\t\t\t<div class=\"elementor-widget-wrap elementor-element-populated\">\n\t\t\t\t\t\t<div class=\"elementor-element elementor-element-cf78c36 elementor-widget elementor-widget-text-editor\" data-id=\"cf78c36\" data-element_type=\"widget\" data-e-type=\"widget\" data-widget_type=\"text-editor.default\">\n\t\t\t\t<div class=\"elementor-widget-container\">\n\t\t\t\t\t\t\t\t\t<p>Bob Pop, Schriftsteller, Fernsehkritiker und eine der nationalen Referenzen in der Verteidigung der Rechte des LGTBIQ+ Kollektivs, berichtet vor den Kameras von LOVE TV in La Palma, wie sich der Kampf im Laufe der Jahre ver\u00e4ndert hat und wie er heute die Liebe sieht. Roberto Enr\u00edquez, so sein richtiger Name, analysiert einen der Momente, die sein Leben ver\u00e4nderten, als er seinen ersten Job als Praktikant antrat. Als er 19 Jahre alt war, nahm ihn der Direktor mit in sein B\u00fcro, um ihn zu feuern, weil er \u201eeinen Stift hatte und vor den Partnern nicht gut aussah\u201c. \u201eEr lie\u00df mich glauben, dass ich in dieser Welt keinen Platz haben k\u00f6nnte, weil ich zu sensibel sei. Damals kam mir das normal vor, ich dachte, ich sei derjenige, der nicht normal ist\u201c, sagt er.<\/p><p>Mit der Zeit verstand er jedoch, dass das Problem nicht bei ihm lag: \u201eIch musste einen Platz finden, an dem ich mich wohlf\u00fchlen konnte, und dieser Platz musste von allen geschaffen werden. Ich habe hart daran gearbeitet, traditionell geradlinige R\u00e4ume zu finden, in denen ich meine Arbeit entwickeln konnte\u201c. Es sei von grundlegender Bedeutung, diese R\u00e4ume und alle m\u00f6glichen R\u00e4ume zu besetzen, denn \u201eder einfachste Weg, miteinander zu leben, ist, sich kennen zu lernen\u201c.<\/p><p>\u00dcber die Art und Weise, wie er die Liebe lebt, sagt Bob Pop der Journalistin Micaela Garc\u00eda auf LOVE TV, dass er sie \u201emit viel Intensit\u00e4t\u201c und aus einem polyamoren Ansatz heraus lebt: \u201ePolyamorie f\u00fchrt uns zu der bescheidenen Annahme, dass wir nie alles f\u00fcr jemanden sein k\u00f6nnen. Ich glaube, das klingt kitschig, aber es ist die einzige Antwort auf viele Dinge\u201c.<\/p><p>In der Tat gibt er zu, dass alles, was ihn motiviert, \u201eein wenig mit Liebe zu tun hat, besonders bei jemandem, der so abh\u00e4ngig ist wie ich, habe ich das Gl\u00fcck, viel Liebe um mich herum zu haben, sie zu geben und zu empfangen\u201c.<\/p><p>Bob Pop erkl\u00e4rt in dem Interview, dass das Feiern der Pride bedeutet, zu zeigen, dass \u201ewir uns nicht sch\u00e4men\u201c. \u201eAls 52-j\u00e4hriger schwuler Mann bin ich stolz darauf, dass ich einen Weg gebahnt habe, den andere f\u00fcr uns geebnet haben. Ich bin stolz auf das Land, das wir aufgebaut haben, auf die Welt, die wir aufgebaut haben und die sich trotz der reaktion\u00e4ren Horden und der engstirnigen, h\u00f6hlenmenschlichen Reaktionen weiterentwickelt\u201c, f\u00fcgt er hinzu.<\/p>\t\t\t\t\t\t\t\t<\/div>\n\t\t\t\t<\/div>\n\t\t\t\t\t<\/div>\n\t\t<\/div>\n\t\t\t\t\t<\/div>\n\t\t<\/section>\n\t\t\t\t<\/div>\n\t\t","protected":false},"excerpt":{"rendered":"<p>Bob Pop, Schriftsteller, Fernsehkritiker und eine der nationalen Referenzen in der Verteidigung der Rechte des LGTBIQ+ Kollektivs, berichtet vor den Kameras von LOVE TV in La Palma, wie sich der Kampf im Laufe der Jahre ver\u00e4ndert hat und wie er heute die Liebe sieht. Roberto Enr\u00edquez, so sein richtiger Name, analysiert einen der Momente, die &#8230; <a title=\"Bob Pop: \u201eIch bin stolz auf das Land, das wir aufgebaut haben, trotz der reaktion\u00e4ren Horden\u201c.\" class=\"read-more\" href=\"https:\/\/www.islabonitalovefestival.es\/de\/2024\/07\/25\/bob-pop-ich-bin-stolz-auf-das-land-das-wir-aufgebaut-haben-trotz-der-reaktionaeren-horden\/\" aria-label=\"Mehr Informationen \u00fcber Bob Pop: \u201eIch bin stolz auf das Land, das wir aufgebaut haben, trotz der reaktion\u00e4ren Horden\u201c.\">Weiterlesen<\/a><\/p>\n","protected":false},"author":1,"featured_media":18785,"comment_status":"closed","ping_status":"closed","sticky":false,"template":"","format":"standard","meta":{"footnotes":""},"categories":[234],"tags":[],"class_list":["post-18780","post","type-post","status-publish","format-standard","has-post-thumbnail","hentry","category-nachrichten"],"yoast_head":"<!-- This site is optimized with the Yoast SEO Premium plugin v22.0 (Yoast SEO v27.0) - https:\/\/yoast.com\/product\/yoast-seo-premium-wordpress\/ -->\n<title>Bob Pop: \u201eIch bin stolz auf das Land, das wir aufgebaut haben, trotz der reaktion\u00e4ren Horden\u201c. - Isla Bonita Love Festival<\/title>\n<meta name=\"robots\" content=\"noindex, follow\" \/>\n<meta property=\"og:locale\" content=\"de_DE\" \/>\n<meta property=\"og:type\" content=\"article\" \/>\n<meta property=\"og:title\" content=\"Bob Pop: \u201eIch bin stolz auf das Land, das wir aufgebaut haben, trotz der reaktion\u00e4ren Horden\u201c.\" \/>\n<meta property=\"og:description\" content=\"Bob Pop, Schriftsteller, Fernsehkritiker und eine der nationalen Referenzen in der Verteidigung der Rechte des LGTBIQ+ Kollektivs, berichtet vor den Kameras von LOVE TV in La Palma, wie sich der Kampf im Laufe der Jahre ver\u00e4ndert hat und wie er heute die Liebe sieht. Roberto Enr\u00edquez, so sein richtiger Name, analysiert einen der Momente, die ... Weiterlesen\" \/>\n<meta property=\"og:url\" content=\"https:\/\/www.islabonitalovefestival.es\/de\/2024\/07\/25\/bob-pop-ich-bin-stolz-auf-das-land-das-wir-aufgebaut-haben-trotz-der-reaktionaeren-horden\/\" \/>\n<meta property=\"og:site_name\" content=\"Isla Bonita Love Festival\" \/>\n<meta property=\"article:publisher\" content=\"https:\/\/www.facebook.com\/islabonitalovefestival\/\" \/>\n<meta property=\"article:published_time\" content=\"2024-07-25T18:38:48+00:00\" \/>\n<meta property=\"article:modified_time\" content=\"2024-07-25T18:56:29+00:00\" \/>\n<meta property=\"og:image\" content=\"https:\/\/www.islabonitalovefestival.es\/wp-content\/uploads\/2024\/07\/Bob_Pop.jpg\" \/>\n\t<meta property=\"og:image:width\" content=\"2560\" \/>\n\t<meta property=\"og:image:height\" content=\"2012\" \/>\n\t<meta property=\"og:image:type\" content=\"image\/jpeg\" \/>\n<meta name=\"author\" content=\"admin\" \/>\n<meta name=\"twitter:card\" content=\"summary_large_image\" \/>\n<meta name=\"twitter:creator\" content=\"@IslaBonitaLoveF\" \/>\n<meta name=\"twitter:site\" content=\"@IslaBonitaLoveF\" \/>\n<script type=\"application\/ld+json\" class=\"yoast-schema-graph\">{\"@context\":\"https:\/\/schema.org\",\"@graph\":[{\"@type\":\"Article\",\"@id\":\"https:\/\/www.islabonitalovefestival.es\/de\/2024\/07\/25\/bob-pop-ich-bin-stolz-auf-das-land-das-wir-aufgebaut-haben-trotz-der-reaktionaeren-horden\/#article\",\"isPartOf\":{\"@id\":\"https:\/\/www.islabonitalovefestival.es\/de\/2024\/07\/25\/bob-pop-ich-bin-stolz-auf-das-land-das-wir-aufgebaut-haben-trotz-der-reaktionaeren-horden\/\"},\"author\":{\"name\":\"admin\",\"@id\":\"https:\/\/www.islabonitalovefestival.es\/#\/schema\/person\/e8c1725efa520a7107e2625e272fb763\"},\"headline\":\"Bob Pop: \u201eIch bin stolz auf das Land, das wir aufgebaut haben, trotz der reaktion\u00e4ren Horden\u201c.\",\"datePublished\":\"2024-07-25T18:38:48+00:00\",\"dateModified\":\"2024-07-25T18:56:29+00:00\",\"mainEntityOfPage\":{\"@id\":\"https:\/\/www.islabonitalovefestival.es\/de\/2024\/07\/25\/bob-pop-ich-bin-stolz-auf-das-land-das-wir-aufgebaut-haben-trotz-der-reaktionaeren-horden\/\"},\"wordCount\":423,\"publisher\":{\"@id\":\"https:\/\/www.islabonitalovefestival.es\/#organization\"},\"image\":{\"@id\":\"https:\/\/www.islabonitalovefestival.es\/de\/2024\/07\/25\/bob-pop-ich-bin-stolz-auf-das-land-das-wir-aufgebaut-haben-trotz-der-reaktionaeren-horden\/#primaryimage\"},\"thumbnailUrl\":\"https:\/\/www.islabonitalovefestival.es\/wp-content\/uploads\/2024\/07\/Bob_Pop.jpg\",\"articleSection\":[\"Nachrichten\"],\"inLanguage\":\"de\"},{\"@type\":\"WebPage\",\"@id\":\"https:\/\/www.islabonitalovefestival.es\/de\/2024\/07\/25\/bob-pop-ich-bin-stolz-auf-das-land-das-wir-aufgebaut-haben-trotz-der-reaktionaeren-horden\/\",\"url\":\"https:\/\/www.islabonitalovefestival.es\/de\/2024\/07\/25\/bob-pop-ich-bin-stolz-auf-das-land-das-wir-aufgebaut-haben-trotz-der-reaktionaeren-horden\/\",\"name\":\"Bob Pop: \u201eIch bin stolz auf das Land, das wir aufgebaut haben, trotz der reaktion\u00e4ren Horden\u201c. - Isla Bonita Love Festival\",\"isPartOf\":{\"@id\":\"https:\/\/www.islabonitalovefestival.es\/#website\"},\"primaryImageOfPage\":{\"@id\":\"https:\/\/www.islabonitalovefestival.es\/de\/2024\/07\/25\/bob-pop-ich-bin-stolz-auf-das-land-das-wir-aufgebaut-haben-trotz-der-reaktionaeren-horden\/#primaryimage\"},\"image\":{\"@id\":\"https:\/\/www.islabonitalovefestival.es\/de\/2024\/07\/25\/bob-pop-ich-bin-stolz-auf-das-land-das-wir-aufgebaut-haben-trotz-der-reaktionaeren-horden\/#primaryimage\"},\"thumbnailUrl\":\"https:\/\/www.islabonitalovefestival.es\/wp-content\/uploads\/2024\/07\/Bob_Pop.jpg\",\"datePublished\":\"2024-07-25T18:38:48+00:00\",\"dateModified\":\"2024-07-25T18:56:29+00:00\",\"breadcrumb\":{\"@id\":\"https:\/\/www.islabonitalovefestival.es\/de\/2024\/07\/25\/bob-pop-ich-bin-stolz-auf-das-land-das-wir-aufgebaut-haben-trotz-der-reaktionaeren-horden\/#breadcrumb\"},\"inLanguage\":\"de\",\"potentialAction\":[{\"@type\":\"ReadAction\",\"target\":[\"https:\/\/www.islabonitalovefestival.es\/de\/2024\/07\/25\/bob-pop-ich-bin-stolz-auf-das-land-das-wir-aufgebaut-haben-trotz-der-reaktionaeren-horden\/\"]}]},{\"@type\":\"ImageObject\",\"inLanguage\":\"de\",\"@id\":\"https:\/\/www.islabonitalovefestival.es\/de\/2024\/07\/25\/bob-pop-ich-bin-stolz-auf-das-land-das-wir-aufgebaut-haben-trotz-der-reaktionaeren-horden\/#primaryimage\",\"url\":\"https:\/\/www.islabonitalovefestival.es\/wp-content\/uploads\/2024\/07\/Bob_Pop.jpg\",\"contentUrl\":\"https:\/\/www.islabonitalovefestival.es\/wp-content\/uploads\/2024\/07\/Bob_Pop.jpg\",\"width\":2560,\"height\":2012},{\"@type\":\"BreadcrumbList\",\"@id\":\"https:\/\/www.islabonitalovefestival.es\/de\/2024\/07\/25\/bob-pop-ich-bin-stolz-auf-das-land-das-wir-aufgebaut-haben-trotz-der-reaktionaeren-horden\/#breadcrumb\",\"itemListElement\":[{\"@type\":\"ListItem\",\"position\":1,\"name\":\"Portada\",\"item\":\"https:\/\/www.islabonitalovefestival.es\/de\/\"},{\"@type\":\"ListItem\",\"position\":2,\"name\":\"Bob Pop: \u201eIch bin stolz auf das Land, das wir aufgebaut haben, trotz der reaktion\u00e4ren Horden\u201c.\"}]},{\"@type\":\"WebSite\",\"@id\":\"https:\/\/www.islabonitalovefestival.es\/#website\",\"url\":\"https:\/\/www.islabonitalovefestival.es\/\",\"name\":\"Isla Bonita Love Festival 2024\",\"description\":\"Festival de la multiculturalidad que se celebrar\u00e1 del 22 al 28 de julio de 2024 en La Palma\",\"publisher\":{\"@id\":\"https:\/\/www.islabonitalovefestival.es\/#organization\"},\"alternateName\":\"Love Festival 2024\",\"potentialAction\":[{\"@type\":\"SearchAction\",\"target\":{\"@type\":\"EntryPoint\",\"urlTemplate\":\"https:\/\/www.islabonitalovefestival.es\/?s={search_term_string}\"},\"query-input\":{\"@type\":\"PropertyValueSpecification\",\"valueRequired\":true,\"valueName\":\"search_term_string\"}}],\"inLanguage\":\"de\"},{\"@type\":\"Organization\",\"@id\":\"https:\/\/www.islabonitalovefestival.es\/#organization\",\"name\":\"Isla Bonita Love Festival La Palma 2024\",\"alternateName\":\"Love Festival\",\"url\":\"https:\/\/www.islabonitalovefestival.es\/\",\"logo\":{\"@type\":\"ImageObject\",\"inLanguage\":\"de\",\"@id\":\"https:\/\/www.islabonitalovefestival.es\/#\/schema\/logo\/image\/\",\"url\":\"https:\/\/www.islabonitalovefestival.es\/wp-content\/uploads\/2024\/03\/LF24_entrada.png\",\"contentUrl\":\"https:\/\/www.islabonitalovefestival.es\/wp-content\/uploads\/2024\/03\/LF24_entrada.png\",\"width\":800,\"height\":800,\"caption\":\"Isla Bonita Love Festival La Palma 2024\"},\"image\":{\"@id\":\"https:\/\/www.islabonitalovefestival.es\/#\/schema\/logo\/image\/\"},\"sameAs\":[\"https:\/\/www.facebook.com\/islabonitalovefestival\/\",\"https:\/\/x.com\/IslaBonitaLoveF\",\"https:\/\/www.instagram.com\/islabonitalovefest\/\",\"https:\/\/www.youtube.com\/channel\/UCT7DqYugOSkmQ9lWVL9UTJw\"],\"description\":\"Sociedad de Promoci\u00f3n y Desarrollo econ\u00f3mico y Social de La Palma, empresa p\u00fablica dependiente del Cabildo de La Palma\",\"email\":\"info@sodepal.es\",\"telephone\":\"922417323\",\"legalName\":\"Sociedad de Promoci\u00f3n y Desarrollo Econ\u00f3mico de la isla de La Palma S.A.U.\",\"publishingPrinciples\":\"https:\/\/www.islabonitalovefestival.es\/aviso-legal\/\",\"ownershipFundingInfo\":\"https:\/\/www.islabonitalovefestival.es\/aviso-legal\/\",\"actionableFeedbackPolicy\":\"https:\/\/www.islabonitalovefestival.es\/aviso-legal\/\",\"correctionsPolicy\":\"https:\/\/www.islabonitalovefestival.es\/aviso-legal\/\",\"ethicsPolicy\":\"https:\/\/www.islabonitalovefestival.es\/aviso-legal\/\",\"diversityPolicy\":\"https:\/\/www.islabonitalovefestival.es\/aviso-legal\/\",\"diversityStaffingReport\":\"https:\/\/www.islabonitalovefestival.es\/aviso-legal\/\"},{\"@type\":\"Person\",\"@id\":\"https:\/\/www.islabonitalovefestival.es\/#\/schema\/person\/e8c1725efa520a7107e2625e272fb763\",\"name\":\"admin\"}]}<\/script>\n<!-- \/ Yoast SEO Premium plugin. -->","yoast_head_json":{"title":"Bob Pop: \u201eIch bin stolz auf das Land, das wir aufgebaut haben, trotz der reaktion\u00e4ren Horden\u201c. - Isla Bonita Love Festival","robots":{"index":"noindex","follow":"follow"},"og_locale":"de_DE","og_type":"article","og_title":"Bob Pop: \u201eIch bin stolz auf das Land, das wir aufgebaut haben, trotz der reaktion\u00e4ren Horden\u201c.","og_description":"Bob Pop, Schriftsteller, Fernsehkritiker und eine der nationalen Referenzen in der Verteidigung der Rechte des LGTBIQ+ Kollektivs, berichtet vor den Kameras von LOVE TV in La Palma, wie sich der Kampf im Laufe der Jahre ver\u00e4ndert hat und wie er heute die Liebe sieht. Roberto Enr\u00edquez, so sein richtiger Name, analysiert einen der Momente, die ... Weiterlesen","og_url":"https:\/\/www.islabonitalovefestival.es\/de\/2024\/07\/25\/bob-pop-ich-bin-stolz-auf-das-land-das-wir-aufgebaut-haben-trotz-der-reaktionaeren-horden\/","og_site_name":"Isla Bonita Love Festival","article_publisher":"https:\/\/www.facebook.com\/islabonitalovefestival\/","article_published_time":"2024-07-25T18:38:48+00:00","article_modified_time":"2024-07-25T18:56:29+00:00","og_image":[{"width":2560,"height":2012,"url":"https:\/\/www.islabonitalovefestival.es\/wp-content\/uploads\/2024\/07\/Bob_Pop.jpg","type":"image\/jpeg"}],"author":"admin","twitter_card":"summary_large_image","twitter_creator":"@IslaBonitaLoveF","twitter_site":"@IslaBonitaLoveF","schema":{"@context":"https:\/\/schema.org","@graph":[{"@type":"Article","@id":"https:\/\/www.islabonitalovefestival.es\/de\/2024\/07\/25\/bob-pop-ich-bin-stolz-auf-das-land-das-wir-aufgebaut-haben-trotz-der-reaktionaeren-horden\/#article","isPartOf":{"@id":"https:\/\/www.islabonitalovefestival.es\/de\/2024\/07\/25\/bob-pop-ich-bin-stolz-auf-das-land-das-wir-aufgebaut-haben-trotz-der-reaktionaeren-horden\/"},"author":{"name":"admin","@id":"https:\/\/www.islabonitalovefestival.es\/#\/schema\/person\/e8c1725efa520a7107e2625e272fb763"},"headline":"Bob Pop: \u201eIch bin stolz auf das Land, das wir aufgebaut haben, trotz der reaktion\u00e4ren Horden\u201c.","datePublished":"2024-07-25T18:38:48+00:00","dateModified":"2024-07-25T18:56:29+00:00","mainEntityOfPage":{"@id":"https:\/\/www.islabonitalovefestival.es\/de\/2024\/07\/25\/bob-pop-ich-bin-stolz-auf-das-land-das-wir-aufgebaut-haben-trotz-der-reaktionaeren-horden\/"},"wordCount":423,"publisher":{"@id":"https:\/\/www.islabonitalovefestival.es\/#organization"},"image":{"@id":"https:\/\/www.islabonitalovefestival.es\/de\/2024\/07\/25\/bob-pop-ich-bin-stolz-auf-das-land-das-wir-aufgebaut-haben-trotz-der-reaktionaeren-horden\/#primaryimage"},"thumbnailUrl":"https:\/\/www.islabonitalovefestival.es\/wp-content\/uploads\/2024\/07\/Bob_Pop.jpg","articleSection":["Nachrichten"],"inLanguage":"de"},{"@type":"WebPage","@id":"https:\/\/www.islabonitalovefestival.es\/de\/2024\/07\/25\/bob-pop-ich-bin-stolz-auf-das-land-das-wir-aufgebaut-haben-trotz-der-reaktionaeren-horden\/","url":"https:\/\/www.islabonitalovefestival.es\/de\/2024\/07\/25\/bob-pop-ich-bin-stolz-auf-das-land-das-wir-aufgebaut-haben-trotz-der-reaktionaeren-horden\/","name":"Bob Pop: \u201eIch bin stolz auf das Land, das wir aufgebaut haben, trotz der reaktion\u00e4ren Horden\u201c. - Isla Bonita Love Festival","isPartOf":{"@id":"https:\/\/www.islabonitalovefestival.es\/#website"},"primaryImageOfPage":{"@id":"https:\/\/www.islabonitalovefestival.es\/de\/2024\/07\/25\/bob-pop-ich-bin-stolz-auf-das-land-das-wir-aufgebaut-haben-trotz-der-reaktionaeren-horden\/#primaryimage"},"image":{"@id":"https:\/\/www.islabonitalovefestival.es\/de\/2024\/07\/25\/bob-pop-ich-bin-stolz-auf-das-land-das-wir-aufgebaut-haben-trotz-der-reaktionaeren-horden\/#primaryimage"},"thumbnailUrl":"https:\/\/www.islabonitalovefestival.es\/wp-content\/uploads\/2024\/07\/Bob_Pop.jpg","datePublished":"2024-07-25T18:38:48+00:00","dateModified":"2024-07-25T18:56:29+00:00","breadcrumb":{"@id":"https:\/\/www.islabonitalovefestival.es\/de\/2024\/07\/25\/bob-pop-ich-bin-stolz-auf-das-land-das-wir-aufgebaut-haben-trotz-der-reaktionaeren-horden\/#breadcrumb"},"inLanguage":"de","potentialAction":[{"@type":"ReadAction","target":["https:\/\/www.islabonitalovefestival.es\/de\/2024\/07\/25\/bob-pop-ich-bin-stolz-auf-das-land-das-wir-aufgebaut-haben-trotz-der-reaktionaeren-horden\/"]}]},{"@type":"ImageObject","inLanguage":"de","@id":"https:\/\/www.islabonitalovefestival.es\/de\/2024\/07\/25\/bob-pop-ich-bin-stolz-auf-das-land-das-wir-aufgebaut-haben-trotz-der-reaktionaeren-horden\/#primaryimage","url":"https:\/\/www.islabonitalovefestival.es\/wp-content\/uploads\/2024\/07\/Bob_Pop.jpg","contentUrl":"https:\/\/www.islabonitalovefestival.es\/wp-content\/uploads\/2024\/07\/Bob_Pop.jpg","width":2560,"height":2012},{"@type":"BreadcrumbList","@id":"https:\/\/www.islabonitalovefestival.es\/de\/2024\/07\/25\/bob-pop-ich-bin-stolz-auf-das-land-das-wir-aufgebaut-haben-trotz-der-reaktionaeren-horden\/#breadcrumb","itemListElement":[{"@type":"ListItem","position":1,"name":"Portada","item":"https:\/\/www.islabonitalovefestival.es\/de\/"},{"@type":"ListItem","position":2,"name":"Bob Pop: \u201eIch bin stolz auf das Land, das wir aufgebaut haben, trotz der reaktion\u00e4ren Horden\u201c."}]},{"@type":"WebSite","@id":"https:\/\/www.islabonitalovefestival.es\/#website","url":"https:\/\/www.islabonitalovefestival.es\/","name":"Isla Bonita Love Festival 2024","description":"Festival de la multiculturalidad que se celebrar\u00e1 del 22 al 28 de julio de 2024 en La Palma","publisher":{"@id":"https:\/\/www.islabonitalovefestival.es\/#organization"},"alternateName":"Love Festival 2024","potentialAction":[{"@type":"SearchAction","target":{"@type":"EntryPoint","urlTemplate":"https:\/\/www.islabonitalovefestival.es\/?s={search_term_string}"},"query-input":{"@type":"PropertyValueSpecification","valueRequired":true,"valueName":"search_term_string"}}],"inLanguage":"de"},{"@type":"Organization","@id":"https:\/\/www.islabonitalovefestival.es\/#organization","name":"Isla Bonita Love Festival La Palma 2024","alternateName":"Love Festival","url":"https:\/\/www.islabonitalovefestival.es\/","logo":{"@type":"ImageObject","inLanguage":"de","@id":"https:\/\/www.islabonitalovefestival.es\/#\/schema\/logo\/image\/","url":"https:\/\/www.islabonitalovefestival.es\/wp-content\/uploads\/2024\/03\/LF24_entrada.png","contentUrl":"https:\/\/www.islabonitalovefestival.es\/wp-content\/uploads\/2024\/03\/LF24_entrada.png","width":800,"height":800,"caption":"Isla Bonita Love Festival La Palma 2024"},"image":{"@id":"https:\/\/www.islabonitalovefestival.es\/#\/schema\/logo\/image\/"},"sameAs":["https:\/\/www.facebook.com\/islabonitalovefestival\/","https:\/\/x.com\/IslaBonitaLoveF","https:\/\/www.instagram.com\/islabonitalovefest\/","https:\/\/www.youtube.com\/channel\/UCT7DqYugOSkmQ9lWVL9UTJw"],"description":"Sociedad de Promoci\u00f3n y Desarrollo econ\u00f3mico y Social de La Palma, empresa p\u00fablica dependiente del Cabildo de La Palma","email":"info@sodepal.es","telephone":"922417323","legalName":"Sociedad de Promoci\u00f3n y Desarrollo Econ\u00f3mico de la isla de La Palma S.A.U.","publishingPrinciples":"https:\/\/www.islabonitalovefestival.es\/aviso-legal\/","ownershipFundingInfo":"https:\/\/www.islabonitalovefestival.es\/aviso-legal\/","actionableFeedbackPolicy":"https:\/\/www.islabonitalovefestival.es\/aviso-legal\/","correctionsPolicy":"https:\/\/www.islabonitalovefestival.es\/aviso-legal\/","ethicsPolicy":"https:\/\/www.islabonitalovefestival.es\/aviso-legal\/","diversityPolicy":"https:\/\/www.islabonitalovefestival.es\/aviso-legal\/","diversityStaffingReport":"https:\/\/www.islabonitalovefestival.es\/aviso-legal\/"},{"@type":"Person","@id":"https:\/\/www.islabonitalovefestival.es\/#\/schema\/person\/e8c1725efa520a7107e2625e272fb763","name":"admin"}]}},"_links":{"self":[{"href":"https:\/\/www.islabonitalovefestival.es\/de\/wp-json\/wp\/v2\/posts\/18780","targetHints":{"allow":["GET"]}}],"collection":[{"href":"https:\/\/www.islabonitalovefestival.es\/de\/wp-json\/wp\/v2\/posts"}],"about":[{"href":"https:\/\/www.islabonitalovefestival.es\/de\/wp-json\/wp\/v2\/types\/post"}],"author":[{"embeddable":true,"href":"https:\/\/www.islabonitalovefestival.es\/de\/wp-json\/wp\/v2\/users\/1"}],"replies":[{"embeddable":true,"href":"https:\/\/www.islabonitalovefestival.es\/de\/wp-json\/wp\/v2\/comments?post=18780"}],"version-history":[{"count":6,"href":"https:\/\/www.islabonitalovefestival.es\/de\/wp-json\/wp\/v2\/posts\/18780\/revisions"}],"predecessor-version":[{"id":18831,"href":"https:\/\/www.islabonitalovefestival.es\/de\/wp-json\/wp\/v2\/posts\/18780\/revisions\/18831"}],"wp:featuredmedia":[{"embeddable":true,"href":"https:\/\/www.islabonitalovefestival.es\/de\/wp-json\/wp\/v2\/media\/18785"}],"wp:attachment":[{"href":"https:\/\/www.islabonitalovefestival.es\/de\/wp-json\/wp\/v2\/media?parent=18780"}],"wp:term":[{"taxonomy":"category","embeddable":true,"href":"https:\/\/www.islabonitalovefestival.es\/de\/wp-json\/wp\/v2\/categories?post=18780"},{"taxonomy":"post_tag","embeddable":true,"href":"https:\/\/www.islabonitalovefestival.es\/de\/wp-json\/wp\/v2\/tags?post=18780"}],"curies":[{"name":"wp","href":"https:\/\/api.w.org\/{rel}","templated":true}]}}