{"id":18792,"date":"2024-07-25T19:40:35","date_gmt":"2024-07-25T18:40:35","guid":{"rendered":"https:\/\/www.islabonitalovefestival.es\/?p=18792"},"modified":"2024-07-25T19:54:59","modified_gmt":"2024-07-25T18:54:59","slug":"topacio-fresh-und-the-cultural-magazine-beschliessen-die-soziale-woche-des-love-festivals","status":"publish","type":"post","link":"https:\/\/www.islabonitalovefestival.es\/de\/2024\/07\/25\/topacio-fresh-und-the-cultural-magazine-beschliessen-die-soziale-woche-des-love-festivals\/","title":{"rendered":"Topacio Fresh und The Cultural Magazine beschlie\u00dfen die soziale Woche des Love Festivals"},"content":{"rendered":"\t\t<div data-elementor-type=\"wp-post\" data-elementor-id=\"18792\" class=\"elementor elementor-18792\" data-elementor-post-type=\"post\">\n\t\t\t\t\t\t<section data-particle_enable=\"false\" data-particle-mobile-disabled=\"false\" class=\"elementor-section elementor-top-section elementor-element elementor-element-5d4592ee elementor-section-boxed elementor-section-height-default elementor-section-height-default\" data-id=\"5d4592ee\" data-element_type=\"section\" data-e-type=\"section\">\n\t\t\t\t\t\t<div class=\"elementor-container elementor-column-gap-default\">\n\t\t\t\t\t<div class=\"elementor-column elementor-col-100 elementor-top-column elementor-element elementor-element-329aa00\" data-id=\"329aa00\" data-element_type=\"column\" data-e-type=\"column\">\n\t\t\t<div class=\"elementor-widget-wrap elementor-element-populated\">\n\t\t\t\t\t\t<div class=\"elementor-element elementor-element-cf78c36 elementor-widget elementor-widget-text-editor\" data-id=\"cf78c36\" data-element_type=\"widget\" data-e-type=\"widget\" data-widget_type=\"text-editor.default\">\n\t\t\t\t<div class=\"elementor-widget-container\">\n\t\t\t\t\t\t\t\t\t<h4>Am Freitag, den 26. Juli, findet au\u00dferdem die \u201eJornadas jur\u00eddicas: Retos para la Justicia en Materia de Igualdad\u201c (Juristische Konferenz: Herausforderungen f\u00fcr die Gleichstellungsjustiz) statt.<\/h4><p>Das soziale Programm des Isla Bonita Love Festivals endet am Freitag, den 26. Juli, mit einem Treffen zwischen dem transsexuellen Aktivisten Topacio Fresh und der Zeitschrift und dem Podcast The Cultural Magazine in der Casa de la Cultura in Los Llanos de Aridane. Die Veranstaltung findet um 19:00 Uhr statt und ist eine Aktion, die dem LGTBIQ+-Kollektiv durch einen seiner historischen Vertreter weiterhin eine Stimme geben wird.<\/p><p>Die Gesch\u00e4ftsf\u00fchrerin von Sodepal, Miriam Perestelo, unterstreicht die Bedeutung der Anwesenheit und der Beteiligung von Topacio Fresh an der neuen Ausgabe des Love Festivals f\u00fcr die Insel, \u201eeine Veranstaltung, die weiterhin die Vielfalt und die Freiheit unterst\u00fctzt, damit die Menschen ohne Angst genie\u00dfen k\u00f6nnen, wer sie sind und wen sie lieben, und die Barrieren und Stereotypen \u00fcberwinden, die sie seit Jahrhunderten ertragen mussten\u201c, erkl\u00e4rt sie.<\/p><p>Das soziale Programm am Freitag, den 26. Juli, beginnt um 12.00 Uhr mit den Jornadas jur\u00eddicas: Retos para la Justicia en Materia de Igualdad, einer Veranstaltung, an der die Asociaci\u00f3n de Profesionales Jur\u00eddico, Laboral, Econ\u00f3mico y Social de la Isla de La Palma (Vereinigung der Rechts-, Arbeits-, Wirtschafts- und Sozialfachleute der Insel La Palma) mitwirkt und bei der dieses Thema eingehend behandelt wird.<\/p><p>Um 19:00 Uhr ist das Treffen zwischen der Galeristin Topacio Fresh und dem Kulturmagazin an der Reihe, wo sie \u00fcber ihre Anf\u00e4nge in der Kunstwelt von ihrer Heimatstadt Rosario bis zu ihrem Eintritt in die Madrider Kunstszene mit der Er\u00f6ffnung der Fresh Gallery im Jahr 2008 sprechen wird.<\/p><p>Es handelt sich um einen Kulturvortrag, bei dem sie auch einen Podcast mit dem Kulturmagazin aufnimmt, den ersten LGTBI-Kulturpodcast auf den Kanarischen Inseln.<\/p><p>Anschlie\u00dfend, um 20:00 Uhr, findet auf der Plaza de Espa\u00f1a der Gemeinde die Veranstaltung Gastro &amp; Love statt, an der die Firmen Isla Bonita Moda.Aridan teilnehmen.<\/p><h4>Topacio Fresh<\/h4><p>Die aus Argentinien stammende Topacio Fresh interessierte sich schon in jungen Jahren als Autodidaktin f\u00fcr zeitgen\u00f6ssische Kunst und besuchte Kurse und Seminare, die sich haupts\u00e4chlich auf Videokunst, Kunstkritik und Performance konzentrierten.<\/p><p>Ihre Beziehung zu Spanien begann 2002, als sie f\u00fcr die Teilnahme an einem argentinisch-spanischen Kulturaustausch ausgew\u00e4hlt wurde. Von diesem Zeitpunkt an begann ihre Zusammenarbeit mit der Gruppe Fangoria.<\/p><p>Im Jahr 2008 startete sie zusammen mit ihrem Ehemann Israel Cotes ihr neues Projekt: die Er\u00f6ffnung einer neuen Galerie in Madrid: La Fresh Gallery. In den letzten 12 Jahren hat sie mehr als hundert Ausstellungen von nationalen und internationalen, aufstrebenden und etablierten K\u00fcnstlern veranstaltet.<\/p><p>Zu den wichtigsten Auszeichnungen, die sie erhalten hat, geh\u00f6rt der Preis, der ihr 2018 von der Stadt Madrid f\u00fcr die herausragendste Frau im Bereich der Kultur verliehen wurde.<\/p><p>Gegenw\u00e4rtig widmet sie sich vor allem der kulturellen Kuratierung in Museen und Galerien sowie der Veranstaltung von Meisterkursen, wie dem im M\u00e4rz 2024 im Guggenheim-Museum in Bilbao.<\/p>\t\t\t\t\t\t\t\t<\/div>\n\t\t\t\t<\/div>\n\t\t\t\t<div class=\"elementor-element elementor-element-65fdf43 elementor-widget elementor-widget-image-gallery\" data-id=\"65fdf43\" data-element_type=\"widget\" data-e-type=\"widget\" data-widget_type=\"image-gallery.default\">\n\t\t\t\t<div class=\"elementor-widget-container\">\n\t\t\t\t\t\t\t<div class=\"elementor-image-gallery\">\n\t\t\t<div id='gallery-1' class='gallery galleryid-18792 gallery-columns-2 gallery-size-medium'><figure class='gallery-item'>\n\t\t\t<div class='gallery-icon landscape'>\n\t\t\t\t<a data-elementor-open-lightbox=\"yes\" data-elementor-lightbox-slideshow=\"65fdf43\" data-elementor-lightbox-title=\"Agenda_social_viernes_26_de_julio_1\" data-e-action-hash=\"#elementor-action%3Aaction%3Dlightbox%26settings%3DeyJpZCI6MTg4MDAsInVybCI6Imh0dHBzOlwvXC93d3cuaXNsYWJvbml0YWxvdmVmZXN0aXZhbC5lc1wvd3AtY29udGVudFwvdXBsb2Fkc1wvMjAyNFwvMDdcL0FnZW5kYV9zb2NpYWxfdmllcm5lc18yNl9kZV9qdWxpb18xLmpwZyIsInNsaWRlc2hvdyI6IjY1ZmRmNDMifQ%3D%3D\" href='https:\/\/www.islabonitalovefestival.es\/wp-content\/uploads\/2024\/07\/Agenda_social_viernes_26_de_julio_1.jpg'><img fetchpriority=\"high\" width=\"300\" height=\"300\" src=\"https:\/\/www.islabonitalovefestival.es\/wp-content\/uploads\/2024\/07\/Agenda_social_viernes_26_de_julio_1-300x300.jpg\" class=\"attachment-medium size-medium\" alt=\"\" decoding=\"async\" srcset=\"https:\/\/www.islabonitalovefestival.es\/wp-content\/uploads\/2024\/07\/Agenda_social_viernes_26_de_julio_1-300x300.jpg 300w, https:\/\/www.islabonitalovefestival.es\/wp-content\/uploads\/2024\/07\/Agenda_social_viernes_26_de_julio_1-1024x1024.jpg 1024w, https:\/\/www.islabonitalovefestival.es\/wp-content\/uploads\/2024\/07\/Agenda_social_viernes_26_de_julio_1-150x150.jpg 150w, https:\/\/www.islabonitalovefestival.es\/wp-content\/uploads\/2024\/07\/Agenda_social_viernes_26_de_julio_1-768x768.jpg 768w, https:\/\/www.islabonitalovefestival.es\/wp-content\/uploads\/2024\/07\/Agenda_social_viernes_26_de_julio_1.jpg 1440w\" sizes=\"(max-width: 300px) 100vw, 300px\" \/><\/a>\n\t\t\t<\/div><\/figure><figure class='gallery-item'>\n\t\t\t<div class='gallery-icon landscape'>\n\t\t\t\t<a data-elementor-open-lightbox=\"yes\" data-elementor-lightbox-slideshow=\"65fdf43\" data-elementor-lightbox-title=\"Agenda_social_viernes_26_de_julio_2\" data-e-action-hash=\"#elementor-action%3Aaction%3Dlightbox%26settings%3DeyJpZCI6MTg3OTcsInVybCI6Imh0dHBzOlwvXC93d3cuaXNsYWJvbml0YWxvdmVmZXN0aXZhbC5lc1wvd3AtY29udGVudFwvdXBsb2Fkc1wvMjAyNFwvMDdcL0FnZW5kYV9zb2NpYWxfdmllcm5lc18yNl9kZV9qdWxpb18yLmpwZyIsInNsaWRlc2hvdyI6IjY1ZmRmNDMifQ%3D%3D\" href='https:\/\/www.islabonitalovefestival.es\/wp-content\/uploads\/2024\/07\/Agenda_social_viernes_26_de_julio_2.jpg'><img width=\"300\" height=\"300\" src=\"https:\/\/www.islabonitalovefestival.es\/wp-content\/uploads\/2024\/07\/Agenda_social_viernes_26_de_julio_2-300x300.jpg\" class=\"attachment-medium size-medium\" alt=\"\" decoding=\"async\" srcset=\"https:\/\/www.islabonitalovefestival.es\/wp-content\/uploads\/2024\/07\/Agenda_social_viernes_26_de_julio_2-300x300.jpg 300w, https:\/\/www.islabonitalovefestival.es\/wp-content\/uploads\/2024\/07\/Agenda_social_viernes_26_de_julio_2-1024x1024.jpg 1024w, https:\/\/www.islabonitalovefestival.es\/wp-content\/uploads\/2024\/07\/Agenda_social_viernes_26_de_julio_2-150x150.jpg 150w, https:\/\/www.islabonitalovefestival.es\/wp-content\/uploads\/2024\/07\/Agenda_social_viernes_26_de_julio_2-768x768.jpg 768w, https:\/\/www.islabonitalovefestival.es\/wp-content\/uploads\/2024\/07\/Agenda_social_viernes_26_de_julio_2.jpg 1440w\" sizes=\"(max-width: 300px) 100vw, 300px\" \/><\/a>\n\t\t\t<\/div><\/figure>\n\t\t<\/div>\n\t\t<\/div>\n\t\t\t\t\t\t<\/div>\n\t\t\t\t<\/div>\n\t\t\t\t\t<\/div>\n\t\t<\/div>\n\t\t\t\t\t<\/div>\n\t\t<\/section>\n\t\t\t\t<\/div>\n\t\t","protected":false},"excerpt":{"rendered":"<p>Am Freitag, den 26. Juli, findet au\u00dferdem die \u201eJornadas jur\u00eddicas: Retos para la Justicia en Materia de Igualdad\u201c (Juristische Konferenz: Herausforderungen f\u00fcr die Gleichstellungsjustiz) statt. Das soziale Programm des Isla Bonita Love Festivals endet am Freitag, den 26. Juli, mit einem Treffen zwischen dem transsexuellen Aktivisten Topacio Fresh und der Zeitschrift und dem Podcast The &#8230; <a title=\"Topacio Fresh und The Cultural Magazine beschlie\u00dfen die soziale Woche des Love Festivals\" class=\"read-more\" href=\"https:\/\/www.islabonitalovefestival.es\/de\/2024\/07\/25\/topacio-fresh-und-the-cultural-magazine-beschliessen-die-soziale-woche-des-love-festivals\/\" aria-label=\"Mehr Informationen \u00fcber Topacio Fresh und The Cultural Magazine beschlie\u00dfen die soziale Woche des Love Festivals\">Weiterlesen<\/a><\/p>\n","protected":false},"author":1,"featured_media":18816,"comment_status":"closed","ping_status":"closed","sticky":false,"template":"","format":"standard","meta":{"footnotes":""},"categories":[234],"tags":[],"class_list":["post-18792","post","type-post","status-publish","format-standard","has-post-thumbnail","hentry","category-nachrichten"],"yoast_head":"<!-- This site is optimized with the Yoast SEO Premium plugin v22.0 (Yoast SEO v27.0) - https:\/\/yoast.com\/product\/yoast-seo-premium-wordpress\/ -->\n<title>Topacio Fresh und The Cultural Magazine beschlie\u00dfen die soziale Woche des Love Festivals - Isla Bonita Love Festival<\/title>\n<meta name=\"robots\" content=\"noindex, follow\" \/>\n<meta property=\"og:locale\" content=\"de_DE\" \/>\n<meta property=\"og:type\" content=\"article\" \/>\n<meta property=\"og:title\" content=\"Topacio Fresh und The Cultural Magazine beschlie\u00dfen die soziale Woche des Love Festivals\" \/>\n<meta property=\"og:description\" content=\"Am Freitag, den 26. Juli, findet au\u00dferdem die \u201eJornadas jur\u00eddicas: Retos para la Justicia en Materia de Igualdad\u201c (Juristische Konferenz: Herausforderungen f\u00fcr die Gleichstellungsjustiz) statt. Das soziale Programm des Isla Bonita Love Festivals endet am Freitag, den 26. Juli, mit einem Treffen zwischen dem transsexuellen Aktivisten Topacio Fresh und der Zeitschrift und dem Podcast The ... Weiterlesen\" \/>\n<meta property=\"og:url\" content=\"https:\/\/www.islabonitalovefestival.es\/de\/2024\/07\/25\/topacio-fresh-und-the-cultural-magazine-beschliessen-die-soziale-woche-des-love-festivals\/\" \/>\n<meta property=\"og:site_name\" content=\"Isla Bonita Love Festival\" \/>\n<meta property=\"article:publisher\" content=\"https:\/\/www.facebook.com\/islabonitalovefestival\/\" \/>\n<meta property=\"article:published_time\" content=\"2024-07-25T18:40:35+00:00\" \/>\n<meta property=\"article:modified_time\" content=\"2024-07-25T18:54:59+00:00\" \/>\n<meta property=\"og:image\" content=\"https:\/\/www.islabonitalovefestival.es\/wp-content\/uploads\/2024\/07\/Agenda_Social_26_julio.jpg\" \/>\n\t<meta property=\"og:image:width\" content=\"1440\" \/>\n\t<meta property=\"og:image:height\" content=\"1440\" \/>\n\t<meta property=\"og:image:type\" content=\"image\/jpeg\" \/>\n<meta name=\"author\" content=\"admin\" \/>\n<meta name=\"twitter:card\" content=\"summary_large_image\" \/>\n<meta name=\"twitter:creator\" content=\"@IslaBonitaLoveF\" \/>\n<meta name=\"twitter:site\" content=\"@IslaBonitaLoveF\" \/>\n<script type=\"application\/ld+json\" class=\"yoast-schema-graph\">{\"@context\":\"https:\/\/schema.org\",\"@graph\":[{\"@type\":\"Article\",\"@id\":\"https:\/\/www.islabonitalovefestival.es\/de\/2024\/07\/25\/topacio-fresh-und-the-cultural-magazine-beschliessen-die-soziale-woche-des-love-festivals\/#article\",\"isPartOf\":{\"@id\":\"https:\/\/www.islabonitalovefestival.es\/de\/2024\/07\/25\/topacio-fresh-und-the-cultural-magazine-beschliessen-die-soziale-woche-des-love-festivals\/\"},\"author\":{\"name\":\"admin\",\"@id\":\"https:\/\/www.islabonitalovefestival.es\/#\/schema\/person\/e8c1725efa520a7107e2625e272fb763\"},\"headline\":\"Topacio Fresh und The Cultural Magazine beschlie\u00dfen die soziale Woche des Love Festivals\",\"datePublished\":\"2024-07-25T18:40:35+00:00\",\"dateModified\":\"2024-07-25T18:54:59+00:00\",\"mainEntityOfPage\":{\"@id\":\"https:\/\/www.islabonitalovefestival.es\/de\/2024\/07\/25\/topacio-fresh-und-the-cultural-magazine-beschliessen-die-soziale-woche-des-love-festivals\/\"},\"wordCount\":509,\"publisher\":{\"@id\":\"https:\/\/www.islabonitalovefestival.es\/#organization\"},\"image\":{\"@id\":\"https:\/\/www.islabonitalovefestival.es\/de\/2024\/07\/25\/topacio-fresh-und-the-cultural-magazine-beschliessen-die-soziale-woche-des-love-festivals\/#primaryimage\"},\"thumbnailUrl\":\"https:\/\/www.islabonitalovefestival.es\/wp-content\/uploads\/2024\/07\/Agenda_Social_26_julio.jpg\",\"articleSection\":[\"Nachrichten\"],\"inLanguage\":\"de\"},{\"@type\":\"WebPage\",\"@id\":\"https:\/\/www.islabonitalovefestival.es\/de\/2024\/07\/25\/topacio-fresh-und-the-cultural-magazine-beschliessen-die-soziale-woche-des-love-festivals\/\",\"url\":\"https:\/\/www.islabonitalovefestival.es\/de\/2024\/07\/25\/topacio-fresh-und-the-cultural-magazine-beschliessen-die-soziale-woche-des-love-festivals\/\",\"name\":\"Topacio Fresh und The Cultural Magazine beschlie\u00dfen die soziale Woche des Love Festivals - Isla Bonita Love Festival\",\"isPartOf\":{\"@id\":\"https:\/\/www.islabonitalovefestival.es\/#website\"},\"primaryImageOfPage\":{\"@id\":\"https:\/\/www.islabonitalovefestival.es\/de\/2024\/07\/25\/topacio-fresh-und-the-cultural-magazine-beschliessen-die-soziale-woche-des-love-festivals\/#primaryimage\"},\"image\":{\"@id\":\"https:\/\/www.islabonitalovefestival.es\/de\/2024\/07\/25\/topacio-fresh-und-the-cultural-magazine-beschliessen-die-soziale-woche-des-love-festivals\/#primaryimage\"},\"thumbnailUrl\":\"https:\/\/www.islabonitalovefestival.es\/wp-content\/uploads\/2024\/07\/Agenda_Social_26_julio.jpg\",\"datePublished\":\"2024-07-25T18:40:35+00:00\",\"dateModified\":\"2024-07-25T18:54:59+00:00\",\"breadcrumb\":{\"@id\":\"https:\/\/www.islabonitalovefestival.es\/de\/2024\/07\/25\/topacio-fresh-und-the-cultural-magazine-beschliessen-die-soziale-woche-des-love-festivals\/#breadcrumb\"},\"inLanguage\":\"de\",\"potentialAction\":[{\"@type\":\"ReadAction\",\"target\":[\"https:\/\/www.islabonitalovefestival.es\/de\/2024\/07\/25\/topacio-fresh-und-the-cultural-magazine-beschliessen-die-soziale-woche-des-love-festivals\/\"]}]},{\"@type\":\"ImageObject\",\"inLanguage\":\"de\",\"@id\":\"https:\/\/www.islabonitalovefestival.es\/de\/2024\/07\/25\/topacio-fresh-und-the-cultural-magazine-beschliessen-die-soziale-woche-des-love-festivals\/#primaryimage\",\"url\":\"https:\/\/www.islabonitalovefestival.es\/wp-content\/uploads\/2024\/07\/Agenda_Social_26_julio.jpg\",\"contentUrl\":\"https:\/\/www.islabonitalovefestival.es\/wp-content\/uploads\/2024\/07\/Agenda_Social_26_julio.jpg\",\"width\":1440,\"height\":1440},{\"@type\":\"BreadcrumbList\",\"@id\":\"https:\/\/www.islabonitalovefestival.es\/de\/2024\/07\/25\/topacio-fresh-und-the-cultural-magazine-beschliessen-die-soziale-woche-des-love-festivals\/#breadcrumb\",\"itemListElement\":[{\"@type\":\"ListItem\",\"position\":1,\"name\":\"Portada\",\"item\":\"https:\/\/www.islabonitalovefestival.es\/de\/\"},{\"@type\":\"ListItem\",\"position\":2,\"name\":\"Topacio Fresh und The Cultural Magazine beschlie\u00dfen die soziale Woche des Love Festivals\"}]},{\"@type\":\"WebSite\",\"@id\":\"https:\/\/www.islabonitalovefestival.es\/#website\",\"url\":\"https:\/\/www.islabonitalovefestival.es\/\",\"name\":\"Isla Bonita Love Festival 2024\",\"description\":\"Festival de la multiculturalidad que se celebrar\u00e1 del 22 al 28 de julio de 2024 en La Palma\",\"publisher\":{\"@id\":\"https:\/\/www.islabonitalovefestival.es\/#organization\"},\"alternateName\":\"Love Festival 2024\",\"potentialAction\":[{\"@type\":\"SearchAction\",\"target\":{\"@type\":\"EntryPoint\",\"urlTemplate\":\"https:\/\/www.islabonitalovefestival.es\/?s={search_term_string}\"},\"query-input\":{\"@type\":\"PropertyValueSpecification\",\"valueRequired\":true,\"valueName\":\"search_term_string\"}}],\"inLanguage\":\"de\"},{\"@type\":\"Organization\",\"@id\":\"https:\/\/www.islabonitalovefestival.es\/#organization\",\"name\":\"Isla Bonita Love Festival La Palma 2024\",\"alternateName\":\"Love Festival\",\"url\":\"https:\/\/www.islabonitalovefestival.es\/\",\"logo\":{\"@type\":\"ImageObject\",\"inLanguage\":\"de\",\"@id\":\"https:\/\/www.islabonitalovefestival.es\/#\/schema\/logo\/image\/\",\"url\":\"https:\/\/www.islabonitalovefestival.es\/wp-content\/uploads\/2024\/03\/LF24_entrada.png\",\"contentUrl\":\"https:\/\/www.islabonitalovefestival.es\/wp-content\/uploads\/2024\/03\/LF24_entrada.png\",\"width\":800,\"height\":800,\"caption\":\"Isla Bonita Love Festival La Palma 2024\"},\"image\":{\"@id\":\"https:\/\/www.islabonitalovefestival.es\/#\/schema\/logo\/image\/\"},\"sameAs\":[\"https:\/\/www.facebook.com\/islabonitalovefestival\/\",\"https:\/\/x.com\/IslaBonitaLoveF\",\"https:\/\/www.instagram.com\/islabonitalovefest\/\",\"https:\/\/www.youtube.com\/channel\/UCT7DqYugOSkmQ9lWVL9UTJw\"],\"description\":\"Sociedad de Promoci\u00f3n y Desarrollo econ\u00f3mico y Social de La Palma, empresa p\u00fablica dependiente del Cabildo de La Palma\",\"email\":\"info@sodepal.es\",\"telephone\":\"922417323\",\"legalName\":\"Sociedad de Promoci\u00f3n y Desarrollo Econ\u00f3mico de la isla de La Palma S.A.U.\",\"publishingPrinciples\":\"https:\/\/www.islabonitalovefestival.es\/aviso-legal\/\",\"ownershipFundingInfo\":\"https:\/\/www.islabonitalovefestival.es\/aviso-legal\/\",\"actionableFeedbackPolicy\":\"https:\/\/www.islabonitalovefestival.es\/aviso-legal\/\",\"correctionsPolicy\":\"https:\/\/www.islabonitalovefestival.es\/aviso-legal\/\",\"ethicsPolicy\":\"https:\/\/www.islabonitalovefestival.es\/aviso-legal\/\",\"diversityPolicy\":\"https:\/\/www.islabonitalovefestival.es\/aviso-legal\/\",\"diversityStaffingReport\":\"https:\/\/www.islabonitalovefestival.es\/aviso-legal\/\"},{\"@type\":\"Person\",\"@id\":\"https:\/\/www.islabonitalovefestival.es\/#\/schema\/person\/e8c1725efa520a7107e2625e272fb763\",\"name\":\"admin\"}]}<\/script>\n<!-- \/ Yoast SEO Premium plugin. -->","yoast_head_json":{"title":"Topacio Fresh und The Cultural Magazine beschlie\u00dfen die soziale Woche des Love Festivals - Isla Bonita Love Festival","robots":{"index":"noindex","follow":"follow"},"og_locale":"de_DE","og_type":"article","og_title":"Topacio Fresh und The Cultural Magazine beschlie\u00dfen die soziale Woche des Love Festivals","og_description":"Am Freitag, den 26. Juli, findet au\u00dferdem die \u201eJornadas jur\u00eddicas: Retos para la Justicia en Materia de Igualdad\u201c (Juristische Konferenz: Herausforderungen f\u00fcr die Gleichstellungsjustiz) statt. Das soziale Programm des Isla Bonita Love Festivals endet am Freitag, den 26. Juli, mit einem Treffen zwischen dem transsexuellen Aktivisten Topacio Fresh und der Zeitschrift und dem Podcast The ... Weiterlesen","og_url":"https:\/\/www.islabonitalovefestival.es\/de\/2024\/07\/25\/topacio-fresh-und-the-cultural-magazine-beschliessen-die-soziale-woche-des-love-festivals\/","og_site_name":"Isla Bonita Love Festival","article_publisher":"https:\/\/www.facebook.com\/islabonitalovefestival\/","article_published_time":"2024-07-25T18:40:35+00:00","article_modified_time":"2024-07-25T18:54:59+00:00","og_image":[{"width":1440,"height":1440,"url":"https:\/\/www.islabonitalovefestival.es\/wp-content\/uploads\/2024\/07\/Agenda_Social_26_julio.jpg","type":"image\/jpeg"}],"author":"admin","twitter_card":"summary_large_image","twitter_creator":"@IslaBonitaLoveF","twitter_site":"@IslaBonitaLoveF","schema":{"@context":"https:\/\/schema.org","@graph":[{"@type":"Article","@id":"https:\/\/www.islabonitalovefestival.es\/de\/2024\/07\/25\/topacio-fresh-und-the-cultural-magazine-beschliessen-die-soziale-woche-des-love-festivals\/#article","isPartOf":{"@id":"https:\/\/www.islabonitalovefestival.es\/de\/2024\/07\/25\/topacio-fresh-und-the-cultural-magazine-beschliessen-die-soziale-woche-des-love-festivals\/"},"author":{"name":"admin","@id":"https:\/\/www.islabonitalovefestival.es\/#\/schema\/person\/e8c1725efa520a7107e2625e272fb763"},"headline":"Topacio Fresh und The Cultural Magazine beschlie\u00dfen die soziale Woche des Love Festivals","datePublished":"2024-07-25T18:40:35+00:00","dateModified":"2024-07-25T18:54:59+00:00","mainEntityOfPage":{"@id":"https:\/\/www.islabonitalovefestival.es\/de\/2024\/07\/25\/topacio-fresh-und-the-cultural-magazine-beschliessen-die-soziale-woche-des-love-festivals\/"},"wordCount":509,"publisher":{"@id":"https:\/\/www.islabonitalovefestival.es\/#organization"},"image":{"@id":"https:\/\/www.islabonitalovefestival.es\/de\/2024\/07\/25\/topacio-fresh-und-the-cultural-magazine-beschliessen-die-soziale-woche-des-love-festivals\/#primaryimage"},"thumbnailUrl":"https:\/\/www.islabonitalovefestival.es\/wp-content\/uploads\/2024\/07\/Agenda_Social_26_julio.jpg","articleSection":["Nachrichten"],"inLanguage":"de"},{"@type":"WebPage","@id":"https:\/\/www.islabonitalovefestival.es\/de\/2024\/07\/25\/topacio-fresh-und-the-cultural-magazine-beschliessen-die-soziale-woche-des-love-festivals\/","url":"https:\/\/www.islabonitalovefestival.es\/de\/2024\/07\/25\/topacio-fresh-und-the-cultural-magazine-beschliessen-die-soziale-woche-des-love-festivals\/","name":"Topacio Fresh und The Cultural Magazine beschlie\u00dfen die soziale Woche des Love Festivals - Isla Bonita Love Festival","isPartOf":{"@id":"https:\/\/www.islabonitalovefestival.es\/#website"},"primaryImageOfPage":{"@id":"https:\/\/www.islabonitalovefestival.es\/de\/2024\/07\/25\/topacio-fresh-und-the-cultural-magazine-beschliessen-die-soziale-woche-des-love-festivals\/#primaryimage"},"image":{"@id":"https:\/\/www.islabonitalovefestival.es\/de\/2024\/07\/25\/topacio-fresh-und-the-cultural-magazine-beschliessen-die-soziale-woche-des-love-festivals\/#primaryimage"},"thumbnailUrl":"https:\/\/www.islabonitalovefestival.es\/wp-content\/uploads\/2024\/07\/Agenda_Social_26_julio.jpg","datePublished":"2024-07-25T18:40:35+00:00","dateModified":"2024-07-25T18:54:59+00:00","breadcrumb":{"@id":"https:\/\/www.islabonitalovefestival.es\/de\/2024\/07\/25\/topacio-fresh-und-the-cultural-magazine-beschliessen-die-soziale-woche-des-love-festivals\/#breadcrumb"},"inLanguage":"de","potentialAction":[{"@type":"ReadAction","target":["https:\/\/www.islabonitalovefestival.es\/de\/2024\/07\/25\/topacio-fresh-und-the-cultural-magazine-beschliessen-die-soziale-woche-des-love-festivals\/"]}]},{"@type":"ImageObject","inLanguage":"de","@id":"https:\/\/www.islabonitalovefestival.es\/de\/2024\/07\/25\/topacio-fresh-und-the-cultural-magazine-beschliessen-die-soziale-woche-des-love-festivals\/#primaryimage","url":"https:\/\/www.islabonitalovefestival.es\/wp-content\/uploads\/2024\/07\/Agenda_Social_26_julio.jpg","contentUrl":"https:\/\/www.islabonitalovefestival.es\/wp-content\/uploads\/2024\/07\/Agenda_Social_26_julio.jpg","width":1440,"height":1440},{"@type":"BreadcrumbList","@id":"https:\/\/www.islabonitalovefestival.es\/de\/2024\/07\/25\/topacio-fresh-und-the-cultural-magazine-beschliessen-die-soziale-woche-des-love-festivals\/#breadcrumb","itemListElement":[{"@type":"ListItem","position":1,"name":"Portada","item":"https:\/\/www.islabonitalovefestival.es\/de\/"},{"@type":"ListItem","position":2,"name":"Topacio Fresh und The Cultural Magazine beschlie\u00dfen die soziale Woche des Love Festivals"}]},{"@type":"WebSite","@id":"https:\/\/www.islabonitalovefestival.es\/#website","url":"https:\/\/www.islabonitalovefestival.es\/","name":"Isla Bonita Love Festival 2024","description":"Festival de la multiculturalidad que se celebrar\u00e1 del 22 al 28 de julio de 2024 en La Palma","publisher":{"@id":"https:\/\/www.islabonitalovefestival.es\/#organization"},"alternateName":"Love Festival 2024","potentialAction":[{"@type":"SearchAction","target":{"@type":"EntryPoint","urlTemplate":"https:\/\/www.islabonitalovefestival.es\/?s={search_term_string}"},"query-input":{"@type":"PropertyValueSpecification","valueRequired":true,"valueName":"search_term_string"}}],"inLanguage":"de"},{"@type":"Organization","@id":"https:\/\/www.islabonitalovefestival.es\/#organization","name":"Isla Bonita Love Festival La Palma 2024","alternateName":"Love Festival","url":"https:\/\/www.islabonitalovefestival.es\/","logo":{"@type":"ImageObject","inLanguage":"de","@id":"https:\/\/www.islabonitalovefestival.es\/#\/schema\/logo\/image\/","url":"https:\/\/www.islabonitalovefestival.es\/wp-content\/uploads\/2024\/03\/LF24_entrada.png","contentUrl":"https:\/\/www.islabonitalovefestival.es\/wp-content\/uploads\/2024\/03\/LF24_entrada.png","width":800,"height":800,"caption":"Isla Bonita Love Festival La Palma 2024"},"image":{"@id":"https:\/\/www.islabonitalovefestival.es\/#\/schema\/logo\/image\/"},"sameAs":["https:\/\/www.facebook.com\/islabonitalovefestival\/","https:\/\/x.com\/IslaBonitaLoveF","https:\/\/www.instagram.com\/islabonitalovefest\/","https:\/\/www.youtube.com\/channel\/UCT7DqYugOSkmQ9lWVL9UTJw"],"description":"Sociedad de Promoci\u00f3n y Desarrollo econ\u00f3mico y Social de La Palma, empresa p\u00fablica dependiente del Cabildo de La Palma","email":"info@sodepal.es","telephone":"922417323","legalName":"Sociedad de Promoci\u00f3n y Desarrollo Econ\u00f3mico de la isla de La Palma S.A.U.","publishingPrinciples":"https:\/\/www.islabonitalovefestival.es\/aviso-legal\/","ownershipFundingInfo":"https:\/\/www.islabonitalovefestival.es\/aviso-legal\/","actionableFeedbackPolicy":"https:\/\/www.islabonitalovefestival.es\/aviso-legal\/","correctionsPolicy":"https:\/\/www.islabonitalovefestival.es\/aviso-legal\/","ethicsPolicy":"https:\/\/www.islabonitalovefestival.es\/aviso-legal\/","diversityPolicy":"https:\/\/www.islabonitalovefestival.es\/aviso-legal\/","diversityStaffingReport":"https:\/\/www.islabonitalovefestival.es\/aviso-legal\/"},{"@type":"Person","@id":"https:\/\/www.islabonitalovefestival.es\/#\/schema\/person\/e8c1725efa520a7107e2625e272fb763","name":"admin"}]}},"_links":{"self":[{"href":"https:\/\/www.islabonitalovefestival.es\/de\/wp-json\/wp\/v2\/posts\/18792","targetHints":{"allow":["GET"]}}],"collection":[{"href":"https:\/\/www.islabonitalovefestival.es\/de\/wp-json\/wp\/v2\/posts"}],"about":[{"href":"https:\/\/www.islabonitalovefestival.es\/de\/wp-json\/wp\/v2\/types\/post"}],"author":[{"embeddable":true,"href":"https:\/\/www.islabonitalovefestival.es\/de\/wp-json\/wp\/v2\/users\/1"}],"replies":[{"embeddable":true,"href":"https:\/\/www.islabonitalovefestival.es\/de\/wp-json\/wp\/v2\/comments?post=18792"}],"version-history":[{"count":6,"href":"https:\/\/www.islabonitalovefestival.es\/de\/wp-json\/wp\/v2\/posts\/18792\/revisions"}],"predecessor-version":[{"id":18827,"href":"https:\/\/www.islabonitalovefestival.es\/de\/wp-json\/wp\/v2\/posts\/18792\/revisions\/18827"}],"wp:featuredmedia":[{"embeddable":true,"href":"https:\/\/www.islabonitalovefestival.es\/de\/wp-json\/wp\/v2\/media\/18816"}],"wp:attachment":[{"href":"https:\/\/www.islabonitalovefestival.es\/de\/wp-json\/wp\/v2\/media?parent=18792"}],"wp:term":[{"taxonomy":"category","embeddable":true,"href":"https:\/\/www.islabonitalovefestival.es\/de\/wp-json\/wp\/v2\/categories?post=18792"},{"taxonomy":"post_tag","embeddable":true,"href":"https:\/\/www.islabonitalovefestival.es\/de\/wp-json\/wp\/v2\/tags?post=18792"}],"curies":[{"name":"wp","href":"https:\/\/api.w.org\/{rel}","templated":true}]}}