{"id":18832,"date":"2024-07-26T12:11:23","date_gmt":"2024-07-26T11:11:23","guid":{"rendered":"https:\/\/www.islabonitalovefestival.es\/?p=18832"},"modified":"2024-07-26T12:21:29","modified_gmt":"2024-07-26T11:21:29","slug":"das-isla-bonita-love-festival-erobert-mit-stolz-den-francisca-gazmira-platz","status":"publish","type":"post","link":"https:\/\/www.islabonitalovefestival.es\/de\/2024\/07\/26\/das-isla-bonita-love-festival-erobert-mit-stolz-den-francisca-gazmira-platz\/","title":{"rendered":"Das Isla Bonita Love Festival \u201eerobert\u201c mit Stolz den Francisca Gazmira Platz"},"content":{"rendered":"\t\t<div data-elementor-type=\"wp-post\" data-elementor-id=\"18832\" class=\"elementor elementor-18832\" data-elementor-post-type=\"post\">\n\t\t\t\t\t\t<section data-particle_enable=\"false\" data-particle-mobile-disabled=\"false\" class=\"elementor-section elementor-top-section elementor-element elementor-element-5d4592ee elementor-section-boxed elementor-section-height-default elementor-section-height-default\" data-id=\"5d4592ee\" data-element_type=\"section\" data-e-type=\"section\">\n\t\t\t\t\t\t<div class=\"elementor-container elementor-column-gap-default\">\n\t\t\t\t\t<div class=\"elementor-column elementor-col-100 elementor-top-column elementor-element elementor-element-329aa00\" data-id=\"329aa00\" data-element_type=\"column\" data-e-type=\"column\">\n\t\t\t<div class=\"elementor-widget-wrap elementor-element-populated\">\n\t\t\t\t\t\t<div class=\"elementor-element elementor-element-cf78c36 elementor-widget elementor-widget-text-editor\" data-id=\"cf78c36\" data-element_type=\"widget\" data-e-type=\"widget\" data-widget_type=\"text-editor.default\">\n\t\t\t\t<div class=\"elementor-widget-container\">\n\t\t\t\t\t\t\t\t\t<div class=\"field field--name-field-noticias-entradilla field--type-text-long field--label-hidden field--item\"><h4>Der Pr\u00e4sident des Cabildo de La Palma, Sergio Rodr\u00edguez, betont, wie wichtig diese Art von Aktion ist, um die LGTBIQ+-Gemeinschaft sichtbar zu machen und weiterhin f\u00fcr eine freie und vielf\u00e4ltige Gesellschaft zu k\u00e4mpfen.<\/h4><p>Das Isla Bonita Love Festival \u201eerobert\u201c stolz den Francisca Gazmira Platz in der Gemeinde El Paso. Der Pr\u00e4sident des Cabildo de La Palma, Sergio Rodr\u00edguez, weihte am vergangenen Donnerstag, den 25. Juli, gemeinsam mit der Gesch\u00e4ftsf\u00fchrerin von Sodepal, Miriam Perestelo, und dem B\u00fcrgermeister von El Paso, Eloy Mart\u00edn, den Plaza del Orgullo in der Gemeinde ein.<\/p><p>Sergio Rodr\u00edguez hob die Bedeutung dieser Art von Aktion hervor, die Teil der sozialen Agenda des Love Festivals ist und die darauf abzielt, den \u00f6ffentlichen Raum als Symbol des Fortschritts f\u00fcr die historisch unterdr\u00fcckte LGTBIQ+-Gemeinschaft zu besetzen.<\/p><p>In diesem Sinne unterstreicht der Pr\u00e4sident, dass dies dem Kollektiv erm\u00f6glicht, sichtbar zu werden und weiterhin f\u00fcr eine freie und vielf\u00e4ltige Gesellschaft zu k\u00e4mpfen, in der die Menschen keine Angst haben, sich auszudr\u00fccken und zu lieben.<\/p><p>Die Gesch\u00e4ftsf\u00fchrerin von Sodepal, Miriam Perestelo, betonte, wie wichtig es sei, die verschiedenen Aktivit\u00e4ten weiterzuentwickeln, die jedes Jahr die soziale Agenda des Isla Bonita Love Festivals ausmachen, einer Veranstaltung, die sich auf regionaler und nationaler Ebene f\u00fcr ihren Kampf und die Verteidigung von Werten positioniert hat, die f\u00fcr den Fortschritt einer Gesellschaft entscheidend sind.<\/p><p>Der B\u00fcrgermeister von El Paso, Eloy Mart\u00edn, bedankte sich seinerseits bei der Inselgesellschaft daf\u00fcr, dass der Platz des Stolzes in diesem Jahr anl\u00e4sslich der dreij\u00e4hrlichen Feierlichkeiten der Gemeinde in das Zentrum von El Paso verlegt wurde, einer Gemeinde, die sich stark f\u00fcr Gleichheit und Vielfalt einsetzt.<\/p><p>Bei der Einweihung des Plaza del Orgullo traten dieses Jahr Az\u00facar Moreno und der bekannte kanarische K\u00fcnstler Drag Sethlas auf.<\/p><\/div>\t\t\t\t\t\t\t\t<\/div>\n\t\t\t\t<\/div>\n\t\t\t\t\t<\/div>\n\t\t<\/div>\n\t\t\t\t\t<\/div>\n\t\t<\/section>\n\t\t\t\t<\/div>\n\t\t","protected":false},"excerpt":{"rendered":"<p>Der Pr\u00e4sident des Cabildo de La Palma, Sergio Rodr\u00edguez, betont, wie wichtig diese Art von Aktion ist, um die LGTBIQ+-Gemeinschaft sichtbar zu machen und weiterhin f\u00fcr eine freie und vielf\u00e4ltige Gesellschaft zu k\u00e4mpfen. Das Isla Bonita Love Festival \u201eerobert\u201c stolz den Francisca Gazmira Platz in der Gemeinde El Paso. Der Pr\u00e4sident des Cabildo de La &#8230; <a title=\"Das Isla Bonita Love Festival \u201eerobert\u201c mit Stolz den Francisca Gazmira Platz\" class=\"read-more\" href=\"https:\/\/www.islabonitalovefestival.es\/de\/2024\/07\/26\/das-isla-bonita-love-festival-erobert-mit-stolz-den-francisca-gazmira-platz\/\" aria-label=\"Mehr Informationen \u00fcber Das Isla Bonita Love Festival \u201eerobert\u201c mit Stolz den Francisca Gazmira Platz\">Weiterlesen<\/a><\/p>\n","protected":false},"author":1,"featured_media":18836,"comment_status":"closed","ping_status":"closed","sticky":false,"template":"","format":"standard","meta":{"footnotes":""},"categories":[234],"tags":[],"class_list":["post-18832","post","type-post","status-publish","format-standard","has-post-thumbnail","hentry","category-nachrichten"],"yoast_head":"<!-- This site is optimized with the Yoast SEO Premium plugin v22.0 (Yoast SEO v27.0) - https:\/\/yoast.com\/product\/yoast-seo-premium-wordpress\/ -->\n<title>Das Isla Bonita Love Festival \u201eerobert\u201c mit Stolz den Francisca Gazmira Platz - Isla Bonita Love Festival<\/title>\n<meta name=\"robots\" content=\"noindex, follow\" \/>\n<meta property=\"og:locale\" content=\"de_DE\" \/>\n<meta property=\"og:type\" content=\"article\" \/>\n<meta property=\"og:title\" content=\"Das Isla Bonita Love Festival \u201eerobert\u201c mit Stolz den Francisca Gazmira Platz\" \/>\n<meta property=\"og:description\" content=\"Der Pr\u00e4sident des Cabildo de La Palma, Sergio Rodr\u00edguez, betont, wie wichtig diese Art von Aktion ist, um die LGTBIQ+-Gemeinschaft sichtbar zu machen und weiterhin f\u00fcr eine freie und vielf\u00e4ltige Gesellschaft zu k\u00e4mpfen. Das Isla Bonita Love Festival \u201eerobert\u201c stolz den Francisca Gazmira Platz in der Gemeinde El Paso. Der Pr\u00e4sident des Cabildo de La ... Weiterlesen\" \/>\n<meta property=\"og:url\" content=\"https:\/\/www.islabonitalovefestival.es\/de\/2024\/07\/26\/das-isla-bonita-love-festival-erobert-mit-stolz-den-francisca-gazmira-platz\/\" \/>\n<meta property=\"og:site_name\" content=\"Isla Bonita Love Festival\" \/>\n<meta property=\"article:publisher\" content=\"https:\/\/www.facebook.com\/islabonitalovefestival\/\" \/>\n<meta property=\"article:published_time\" content=\"2024-07-26T11:11:23+00:00\" \/>\n<meta property=\"article:modified_time\" content=\"2024-07-26T11:21:29+00:00\" \/>\n<meta property=\"og:image\" content=\"https:\/\/www.islabonitalovefestival.es\/wp-content\/uploads\/2024\/07\/plaza_francisca_gazmira.jpg\" \/>\n\t<meta property=\"og:image:width\" content=\"1571\" \/>\n\t<meta property=\"og:image:height\" content=\"1040\" \/>\n\t<meta property=\"og:image:type\" content=\"image\/jpeg\" \/>\n<meta name=\"author\" content=\"admin\" \/>\n<meta name=\"twitter:card\" content=\"summary_large_image\" \/>\n<meta name=\"twitter:creator\" content=\"@IslaBonitaLoveF\" \/>\n<meta name=\"twitter:site\" content=\"@IslaBonitaLoveF\" \/>\n<script type=\"application\/ld+json\" class=\"yoast-schema-graph\">{\"@context\":\"https:\/\/schema.org\",\"@graph\":[{\"@type\":\"Article\",\"@id\":\"https:\/\/www.islabonitalovefestival.es\/de\/2024\/07\/26\/das-isla-bonita-love-festival-erobert-mit-stolz-den-francisca-gazmira-platz\/#article\",\"isPartOf\":{\"@id\":\"https:\/\/www.islabonitalovefestival.es\/de\/2024\/07\/26\/das-isla-bonita-love-festival-erobert-mit-stolz-den-francisca-gazmira-platz\/\"},\"author\":{\"name\":\"admin\",\"@id\":\"https:\/\/www.islabonitalovefestival.es\/#\/schema\/person\/e8c1725efa520a7107e2625e272fb763\"},\"headline\":\"Das Isla Bonita Love Festival \u201eerobert\u201c mit Stolz den Francisca Gazmira Platz\",\"datePublished\":\"2024-07-26T11:11:23+00:00\",\"dateModified\":\"2024-07-26T11:21:29+00:00\",\"mainEntityOfPage\":{\"@id\":\"https:\/\/www.islabonitalovefestival.es\/de\/2024\/07\/26\/das-isla-bonita-love-festival-erobert-mit-stolz-den-francisca-gazmira-platz\/\"},\"wordCount\":328,\"publisher\":{\"@id\":\"https:\/\/www.islabonitalovefestival.es\/#organization\"},\"image\":{\"@id\":\"https:\/\/www.islabonitalovefestival.es\/de\/2024\/07\/26\/das-isla-bonita-love-festival-erobert-mit-stolz-den-francisca-gazmira-platz\/#primaryimage\"},\"thumbnailUrl\":\"https:\/\/www.islabonitalovefestival.es\/wp-content\/uploads\/2024\/07\/plaza_francisca_gazmira.jpg\",\"articleSection\":[\"Nachrichten\"],\"inLanguage\":\"de\"},{\"@type\":\"WebPage\",\"@id\":\"https:\/\/www.islabonitalovefestival.es\/de\/2024\/07\/26\/das-isla-bonita-love-festival-erobert-mit-stolz-den-francisca-gazmira-platz\/\",\"url\":\"https:\/\/www.islabonitalovefestival.es\/de\/2024\/07\/26\/das-isla-bonita-love-festival-erobert-mit-stolz-den-francisca-gazmira-platz\/\",\"name\":\"Das Isla Bonita Love Festival \u201eerobert\u201c mit Stolz den Francisca Gazmira Platz - Isla Bonita Love Festival\",\"isPartOf\":{\"@id\":\"https:\/\/www.islabonitalovefestival.es\/#website\"},\"primaryImageOfPage\":{\"@id\":\"https:\/\/www.islabonitalovefestival.es\/de\/2024\/07\/26\/das-isla-bonita-love-festival-erobert-mit-stolz-den-francisca-gazmira-platz\/#primaryimage\"},\"image\":{\"@id\":\"https:\/\/www.islabonitalovefestival.es\/de\/2024\/07\/26\/das-isla-bonita-love-festival-erobert-mit-stolz-den-francisca-gazmira-platz\/#primaryimage\"},\"thumbnailUrl\":\"https:\/\/www.islabonitalovefestival.es\/wp-content\/uploads\/2024\/07\/plaza_francisca_gazmira.jpg\",\"datePublished\":\"2024-07-26T11:11:23+00:00\",\"dateModified\":\"2024-07-26T11:21:29+00:00\",\"breadcrumb\":{\"@id\":\"https:\/\/www.islabonitalovefestival.es\/de\/2024\/07\/26\/das-isla-bonita-love-festival-erobert-mit-stolz-den-francisca-gazmira-platz\/#breadcrumb\"},\"inLanguage\":\"de\",\"potentialAction\":[{\"@type\":\"ReadAction\",\"target\":[\"https:\/\/www.islabonitalovefestival.es\/de\/2024\/07\/26\/das-isla-bonita-love-festival-erobert-mit-stolz-den-francisca-gazmira-platz\/\"]}]},{\"@type\":\"ImageObject\",\"inLanguage\":\"de\",\"@id\":\"https:\/\/www.islabonitalovefestival.es\/de\/2024\/07\/26\/das-isla-bonita-love-festival-erobert-mit-stolz-den-francisca-gazmira-platz\/#primaryimage\",\"url\":\"https:\/\/www.islabonitalovefestival.es\/wp-content\/uploads\/2024\/07\/plaza_francisca_gazmira.jpg\",\"contentUrl\":\"https:\/\/www.islabonitalovefestival.es\/wp-content\/uploads\/2024\/07\/plaza_francisca_gazmira.jpg\",\"width\":1571,\"height\":1040},{\"@type\":\"BreadcrumbList\",\"@id\":\"https:\/\/www.islabonitalovefestival.es\/de\/2024\/07\/26\/das-isla-bonita-love-festival-erobert-mit-stolz-den-francisca-gazmira-platz\/#breadcrumb\",\"itemListElement\":[{\"@type\":\"ListItem\",\"position\":1,\"name\":\"Portada\",\"item\":\"https:\/\/www.islabonitalovefestival.es\/de\/\"},{\"@type\":\"ListItem\",\"position\":2,\"name\":\"Das Isla Bonita Love Festival \u201eerobert\u201c mit Stolz den Francisca Gazmira Platz\"}]},{\"@type\":\"WebSite\",\"@id\":\"https:\/\/www.islabonitalovefestival.es\/#website\",\"url\":\"https:\/\/www.islabonitalovefestival.es\/\",\"name\":\"Isla Bonita Love Festival 2024\",\"description\":\"Festival de la multiculturalidad que se celebrar\u00e1 del 22 al 28 de julio de 2024 en La Palma\",\"publisher\":{\"@id\":\"https:\/\/www.islabonitalovefestival.es\/#organization\"},\"alternateName\":\"Love Festival 2024\",\"potentialAction\":[{\"@type\":\"SearchAction\",\"target\":{\"@type\":\"EntryPoint\",\"urlTemplate\":\"https:\/\/www.islabonitalovefestival.es\/?s={search_term_string}\"},\"query-input\":{\"@type\":\"PropertyValueSpecification\",\"valueRequired\":true,\"valueName\":\"search_term_string\"}}],\"inLanguage\":\"de\"},{\"@type\":\"Organization\",\"@id\":\"https:\/\/www.islabonitalovefestival.es\/#organization\",\"name\":\"Isla Bonita Love Festival La Palma 2024\",\"alternateName\":\"Love Festival\",\"url\":\"https:\/\/www.islabonitalovefestival.es\/\",\"logo\":{\"@type\":\"ImageObject\",\"inLanguage\":\"de\",\"@id\":\"https:\/\/www.islabonitalovefestival.es\/#\/schema\/logo\/image\/\",\"url\":\"https:\/\/www.islabonitalovefestival.es\/wp-content\/uploads\/2024\/03\/LF24_entrada.png\",\"contentUrl\":\"https:\/\/www.islabonitalovefestival.es\/wp-content\/uploads\/2024\/03\/LF24_entrada.png\",\"width\":800,\"height\":800,\"caption\":\"Isla Bonita Love Festival La Palma 2024\"},\"image\":{\"@id\":\"https:\/\/www.islabonitalovefestival.es\/#\/schema\/logo\/image\/\"},\"sameAs\":[\"https:\/\/www.facebook.com\/islabonitalovefestival\/\",\"https:\/\/x.com\/IslaBonitaLoveF\",\"https:\/\/www.instagram.com\/islabonitalovefest\/\",\"https:\/\/www.youtube.com\/channel\/UCT7DqYugOSkmQ9lWVL9UTJw\"],\"description\":\"Sociedad de Promoci\u00f3n y Desarrollo econ\u00f3mico y Social de La Palma, empresa p\u00fablica dependiente del Cabildo de La Palma\",\"email\":\"info@sodepal.es\",\"telephone\":\"922417323\",\"legalName\":\"Sociedad de Promoci\u00f3n y Desarrollo Econ\u00f3mico de la isla de La Palma S.A.U.\",\"publishingPrinciples\":\"https:\/\/www.islabonitalovefestival.es\/aviso-legal\/\",\"ownershipFundingInfo\":\"https:\/\/www.islabonitalovefestival.es\/aviso-legal\/\",\"actionableFeedbackPolicy\":\"https:\/\/www.islabonitalovefestival.es\/aviso-legal\/\",\"correctionsPolicy\":\"https:\/\/www.islabonitalovefestival.es\/aviso-legal\/\",\"ethicsPolicy\":\"https:\/\/www.islabonitalovefestival.es\/aviso-legal\/\",\"diversityPolicy\":\"https:\/\/www.islabonitalovefestival.es\/aviso-legal\/\",\"diversityStaffingReport\":\"https:\/\/www.islabonitalovefestival.es\/aviso-legal\/\"},{\"@type\":\"Person\",\"@id\":\"https:\/\/www.islabonitalovefestival.es\/#\/schema\/person\/e8c1725efa520a7107e2625e272fb763\",\"name\":\"admin\"}]}<\/script>\n<!-- \/ Yoast SEO Premium plugin. -->","yoast_head_json":{"title":"Das Isla Bonita Love Festival \u201eerobert\u201c mit Stolz den Francisca Gazmira Platz - Isla Bonita Love Festival","robots":{"index":"noindex","follow":"follow"},"og_locale":"de_DE","og_type":"article","og_title":"Das Isla Bonita Love Festival \u201eerobert\u201c mit Stolz den Francisca Gazmira Platz","og_description":"Der Pr\u00e4sident des Cabildo de La Palma, Sergio Rodr\u00edguez, betont, wie wichtig diese Art von Aktion ist, um die LGTBIQ+-Gemeinschaft sichtbar zu machen und weiterhin f\u00fcr eine freie und vielf\u00e4ltige Gesellschaft zu k\u00e4mpfen. Das Isla Bonita Love Festival \u201eerobert\u201c stolz den Francisca Gazmira Platz in der Gemeinde El Paso. Der Pr\u00e4sident des Cabildo de La ... Weiterlesen","og_url":"https:\/\/www.islabonitalovefestival.es\/de\/2024\/07\/26\/das-isla-bonita-love-festival-erobert-mit-stolz-den-francisca-gazmira-platz\/","og_site_name":"Isla Bonita Love Festival","article_publisher":"https:\/\/www.facebook.com\/islabonitalovefestival\/","article_published_time":"2024-07-26T11:11:23+00:00","article_modified_time":"2024-07-26T11:21:29+00:00","og_image":[{"width":1571,"height":1040,"url":"https:\/\/www.islabonitalovefestival.es\/wp-content\/uploads\/2024\/07\/plaza_francisca_gazmira.jpg","type":"image\/jpeg"}],"author":"admin","twitter_card":"summary_large_image","twitter_creator":"@IslaBonitaLoveF","twitter_site":"@IslaBonitaLoveF","schema":{"@context":"https:\/\/schema.org","@graph":[{"@type":"Article","@id":"https:\/\/www.islabonitalovefestival.es\/de\/2024\/07\/26\/das-isla-bonita-love-festival-erobert-mit-stolz-den-francisca-gazmira-platz\/#article","isPartOf":{"@id":"https:\/\/www.islabonitalovefestival.es\/de\/2024\/07\/26\/das-isla-bonita-love-festival-erobert-mit-stolz-den-francisca-gazmira-platz\/"},"author":{"name":"admin","@id":"https:\/\/www.islabonitalovefestival.es\/#\/schema\/person\/e8c1725efa520a7107e2625e272fb763"},"headline":"Das Isla Bonita Love Festival \u201eerobert\u201c mit Stolz den Francisca Gazmira Platz","datePublished":"2024-07-26T11:11:23+00:00","dateModified":"2024-07-26T11:21:29+00:00","mainEntityOfPage":{"@id":"https:\/\/www.islabonitalovefestival.es\/de\/2024\/07\/26\/das-isla-bonita-love-festival-erobert-mit-stolz-den-francisca-gazmira-platz\/"},"wordCount":328,"publisher":{"@id":"https:\/\/www.islabonitalovefestival.es\/#organization"},"image":{"@id":"https:\/\/www.islabonitalovefestival.es\/de\/2024\/07\/26\/das-isla-bonita-love-festival-erobert-mit-stolz-den-francisca-gazmira-platz\/#primaryimage"},"thumbnailUrl":"https:\/\/www.islabonitalovefestival.es\/wp-content\/uploads\/2024\/07\/plaza_francisca_gazmira.jpg","articleSection":["Nachrichten"],"inLanguage":"de"},{"@type":"WebPage","@id":"https:\/\/www.islabonitalovefestival.es\/de\/2024\/07\/26\/das-isla-bonita-love-festival-erobert-mit-stolz-den-francisca-gazmira-platz\/","url":"https:\/\/www.islabonitalovefestival.es\/de\/2024\/07\/26\/das-isla-bonita-love-festival-erobert-mit-stolz-den-francisca-gazmira-platz\/","name":"Das Isla Bonita Love Festival \u201eerobert\u201c mit Stolz den Francisca Gazmira Platz - Isla Bonita Love Festival","isPartOf":{"@id":"https:\/\/www.islabonitalovefestival.es\/#website"},"primaryImageOfPage":{"@id":"https:\/\/www.islabonitalovefestival.es\/de\/2024\/07\/26\/das-isla-bonita-love-festival-erobert-mit-stolz-den-francisca-gazmira-platz\/#primaryimage"},"image":{"@id":"https:\/\/www.islabonitalovefestival.es\/de\/2024\/07\/26\/das-isla-bonita-love-festival-erobert-mit-stolz-den-francisca-gazmira-platz\/#primaryimage"},"thumbnailUrl":"https:\/\/www.islabonitalovefestival.es\/wp-content\/uploads\/2024\/07\/plaza_francisca_gazmira.jpg","datePublished":"2024-07-26T11:11:23+00:00","dateModified":"2024-07-26T11:21:29+00:00","breadcrumb":{"@id":"https:\/\/www.islabonitalovefestival.es\/de\/2024\/07\/26\/das-isla-bonita-love-festival-erobert-mit-stolz-den-francisca-gazmira-platz\/#breadcrumb"},"inLanguage":"de","potentialAction":[{"@type":"ReadAction","target":["https:\/\/www.islabonitalovefestival.es\/de\/2024\/07\/26\/das-isla-bonita-love-festival-erobert-mit-stolz-den-francisca-gazmira-platz\/"]}]},{"@type":"ImageObject","inLanguage":"de","@id":"https:\/\/www.islabonitalovefestival.es\/de\/2024\/07\/26\/das-isla-bonita-love-festival-erobert-mit-stolz-den-francisca-gazmira-platz\/#primaryimage","url":"https:\/\/www.islabonitalovefestival.es\/wp-content\/uploads\/2024\/07\/plaza_francisca_gazmira.jpg","contentUrl":"https:\/\/www.islabonitalovefestival.es\/wp-content\/uploads\/2024\/07\/plaza_francisca_gazmira.jpg","width":1571,"height":1040},{"@type":"BreadcrumbList","@id":"https:\/\/www.islabonitalovefestival.es\/de\/2024\/07\/26\/das-isla-bonita-love-festival-erobert-mit-stolz-den-francisca-gazmira-platz\/#breadcrumb","itemListElement":[{"@type":"ListItem","position":1,"name":"Portada","item":"https:\/\/www.islabonitalovefestival.es\/de\/"},{"@type":"ListItem","position":2,"name":"Das Isla Bonita Love Festival \u201eerobert\u201c mit Stolz den Francisca Gazmira Platz"}]},{"@type":"WebSite","@id":"https:\/\/www.islabonitalovefestival.es\/#website","url":"https:\/\/www.islabonitalovefestival.es\/","name":"Isla Bonita Love Festival 2024","description":"Festival de la multiculturalidad que se celebrar\u00e1 del 22 al 28 de julio de 2024 en La Palma","publisher":{"@id":"https:\/\/www.islabonitalovefestival.es\/#organization"},"alternateName":"Love Festival 2024","potentialAction":[{"@type":"SearchAction","target":{"@type":"EntryPoint","urlTemplate":"https:\/\/www.islabonitalovefestival.es\/?s={search_term_string}"},"query-input":{"@type":"PropertyValueSpecification","valueRequired":true,"valueName":"search_term_string"}}],"inLanguage":"de"},{"@type":"Organization","@id":"https:\/\/www.islabonitalovefestival.es\/#organization","name":"Isla Bonita Love Festival La Palma 2024","alternateName":"Love Festival","url":"https:\/\/www.islabonitalovefestival.es\/","logo":{"@type":"ImageObject","inLanguage":"de","@id":"https:\/\/www.islabonitalovefestival.es\/#\/schema\/logo\/image\/","url":"https:\/\/www.islabonitalovefestival.es\/wp-content\/uploads\/2024\/03\/LF24_entrada.png","contentUrl":"https:\/\/www.islabonitalovefestival.es\/wp-content\/uploads\/2024\/03\/LF24_entrada.png","width":800,"height":800,"caption":"Isla Bonita Love Festival La Palma 2024"},"image":{"@id":"https:\/\/www.islabonitalovefestival.es\/#\/schema\/logo\/image\/"},"sameAs":["https:\/\/www.facebook.com\/islabonitalovefestival\/","https:\/\/x.com\/IslaBonitaLoveF","https:\/\/www.instagram.com\/islabonitalovefest\/","https:\/\/www.youtube.com\/channel\/UCT7DqYugOSkmQ9lWVL9UTJw"],"description":"Sociedad de Promoci\u00f3n y Desarrollo econ\u00f3mico y Social de La Palma, empresa p\u00fablica dependiente del Cabildo de La Palma","email":"info@sodepal.es","telephone":"922417323","legalName":"Sociedad de Promoci\u00f3n y Desarrollo Econ\u00f3mico de la isla de La Palma S.A.U.","publishingPrinciples":"https:\/\/www.islabonitalovefestival.es\/aviso-legal\/","ownershipFundingInfo":"https:\/\/www.islabonitalovefestival.es\/aviso-legal\/","actionableFeedbackPolicy":"https:\/\/www.islabonitalovefestival.es\/aviso-legal\/","correctionsPolicy":"https:\/\/www.islabonitalovefestival.es\/aviso-legal\/","ethicsPolicy":"https:\/\/www.islabonitalovefestival.es\/aviso-legal\/","diversityPolicy":"https:\/\/www.islabonitalovefestival.es\/aviso-legal\/","diversityStaffingReport":"https:\/\/www.islabonitalovefestival.es\/aviso-legal\/"},{"@type":"Person","@id":"https:\/\/www.islabonitalovefestival.es\/#\/schema\/person\/e8c1725efa520a7107e2625e272fb763","name":"admin"}]}},"_links":{"self":[{"href":"https:\/\/www.islabonitalovefestival.es\/de\/wp-json\/wp\/v2\/posts\/18832","targetHints":{"allow":["GET"]}}],"collection":[{"href":"https:\/\/www.islabonitalovefestival.es\/de\/wp-json\/wp\/v2\/posts"}],"about":[{"href":"https:\/\/www.islabonitalovefestival.es\/de\/wp-json\/wp\/v2\/types\/post"}],"author":[{"embeddable":true,"href":"https:\/\/www.islabonitalovefestival.es\/de\/wp-json\/wp\/v2\/users\/1"}],"replies":[{"embeddable":true,"href":"https:\/\/www.islabonitalovefestival.es\/de\/wp-json\/wp\/v2\/comments?post=18832"}],"version-history":[{"count":8,"href":"https:\/\/www.islabonitalovefestival.es\/de\/wp-json\/wp\/v2\/posts\/18832\/revisions"}],"predecessor-version":[{"id":18859,"href":"https:\/\/www.islabonitalovefestival.es\/de\/wp-json\/wp\/v2\/posts\/18832\/revisions\/18859"}],"wp:featuredmedia":[{"embeddable":true,"href":"https:\/\/www.islabonitalovefestival.es\/de\/wp-json\/wp\/v2\/media\/18836"}],"wp:attachment":[{"href":"https:\/\/www.islabonitalovefestival.es\/de\/wp-json\/wp\/v2\/media?parent=18832"}],"wp:term":[{"taxonomy":"category","embeddable":true,"href":"https:\/\/www.islabonitalovefestival.es\/de\/wp-json\/wp\/v2\/categories?post=18832"},{"taxonomy":"post_tag","embeddable":true,"href":"https:\/\/www.islabonitalovefestival.es\/de\/wp-json\/wp\/v2\/tags?post=18832"}],"curies":[{"name":"wp","href":"https:\/\/api.w.org\/{rel}","templated":true}]}}