{"id":18861,"date":"2024-07-26T08:48:35","date_gmt":"2024-07-26T07:48:35","guid":{"rendered":"https:\/\/www.islabonitalovefestival.es\/?p=18861"},"modified":"2024-07-26T14:57:48","modified_gmt":"2024-07-26T13:57:48","slug":"influencerin-tazarte-halte-nicht-an-der-angst-fest-halte-an-der-freiheit-fest","status":"publish","type":"post","link":"https:\/\/www.islabonitalovefestival.es\/de\/2024\/07\/26\/influencerin-tazarte-halte-nicht-an-der-angst-fest-halte-an-der-freiheit-fest\/","title":{"rendered":"Influencerin Tazarte: \u201eHalte nicht an der Angst fest, halte an der Freiheit fest\u201c."},"content":{"rendered":"\t\t<div data-elementor-type=\"wp-post\" data-elementor-id=\"18861\" class=\"elementor elementor-18861\" data-elementor-post-type=\"post\">\n\t\t\t\t\t\t<section data-particle_enable=\"false\" data-particle-mobile-disabled=\"false\" class=\"elementor-section elementor-top-section elementor-element elementor-element-5d4592ee elementor-section-boxed elementor-section-height-default elementor-section-height-default\" data-id=\"5d4592ee\" data-element_type=\"section\" data-e-type=\"section\">\n\t\t\t\t\t\t<div class=\"elementor-container elementor-column-gap-default\">\n\t\t\t\t\t<div class=\"elementor-column elementor-col-100 elementor-top-column elementor-element elementor-element-329aa00\" data-id=\"329aa00\" data-element_type=\"column\" data-e-type=\"column\">\n\t\t\t<div class=\"elementor-widget-wrap elementor-element-populated\">\n\t\t\t\t\t\t<div class=\"elementor-element elementor-element-cf78c36 elementor-widget elementor-widget-text-editor\" data-id=\"cf78c36\" data-element_type=\"widget\" data-e-type=\"widget\" data-widget_type=\"text-editor.default\">\n\t\t\t\t<div class=\"elementor-widget-container\">\n\t\t\t\t\t\t\t\t\t<p>Der Influencer, S\u00e4nger und T\u00e4nzer Tazarte hat am Set von LOVE TV, dem exklusiven Content-Kanal des Isla Bonita Love Festivals, vorbeigeschaut, um zu erz\u00e4hlen, wie sich sein Leben ver\u00e4ndert hat, nachdem er sich auf die Fersen geheftet und sein Image genutzt hat, um sich auszudr\u00fccken: \u201eAuch wenn ich mehr negative Kommentare als je zuvor erhalten habe, habe ich mich besser gef\u00fchlt, und deshalb war kein Kommentar so wichtig. Wenn man es wei\u00df, ist alles andere unwichtig.<\/p><p>In Bezug auf Kritik r\u00e4umt der Influencer ein, dass \u201eich immer daran festhalte, dass hinter allem, was jemanden so sehr ver\u00e4rgert, dass er anderen schadet, wirklich ein f\u00fcrsorglicher Mensch steht\u201c. Tats\u00e4chlich betrachtet er diese Menschen nicht als Feinde, sondern als \u201eFeinde ihrer selbst\u201c. Das macht mich viel sicherer, wenn ich auf die Stra\u00dfe gehe\u201c.<\/p><p>Tazarte ist ger\u00fchrt, wenn er dar\u00fcber nachdenkt, welches der Schl\u00fcsselmoment war, der ihn auf die Suche nach seinem Stil und seinen Ausdrucksformen brachte: \u201eEs war viel einfacher f\u00fcr mich, damit anzufangen, als ich merkte, dass ich in guter Gesellschaft war, als ich merkte, dass ich eine Person an meiner Seite hatte, die mich bedingungslos unterst\u00fctzte\u201c.<\/p><p>Der K\u00fcnstler betont, wie wichtig es f\u00fcr junge Menschen ist, Vorbilder in ihrem Umfeld zu haben, und erz\u00e4hlt eine Anekdote, in der er sich daran erinnert, dass es in seinem Dorf einen schwulen Jungen gab. \u201eEr war der schwule Junge im Dorf und ging immer mit erhobenem Haupt. Ich habe ihm das nie gesagt, und er wei\u00df wahrscheinlich nicht einmal, dass er f\u00fcr einen Jungen wie mich ein Vorbild war\u201c, sagt er.<\/p><p>Deshalb gibt er all jenen, die sich mit ihm identifizieren k\u00f6nnen, den Rat, sich nicht an die Angst zu klammern\u201e, sondern an die Liebe, die Freiheit und die sch\u00f6nen Dinge um sie herum\u201c.<\/p>\t\t\t\t\t\t\t\t<\/div>\n\t\t\t\t<\/div>\n\t\t\t\t\t<\/div>\n\t\t<\/div>\n\t\t\t\t\t<\/div>\n\t\t<\/section>\n\t\t\t\t<\/div>\n\t\t","protected":false},"excerpt":{"rendered":"<p>Der Influencer, S\u00e4nger und T\u00e4nzer Tazarte hat am Set von LOVE TV, dem exklusiven Content-Kanal des Isla Bonita Love Festivals, vorbeigeschaut, um zu erz\u00e4hlen, wie sich sein Leben ver\u00e4ndert hat, nachdem er sich auf die Fersen geheftet und sein Image genutzt hat, um sich auszudr\u00fccken: \u201eAuch wenn ich mehr negative Kommentare als je zuvor erhalten &#8230; <a title=\"Influencerin Tazarte: \u201eHalte nicht an der Angst fest, halte an der Freiheit fest\u201c.\" class=\"read-more\" href=\"https:\/\/www.islabonitalovefestival.es\/de\/2024\/07\/26\/influencerin-tazarte-halte-nicht-an-der-angst-fest-halte-an-der-freiheit-fest\/\" aria-label=\"Mehr Informationen \u00fcber Influencerin Tazarte: \u201eHalte nicht an der Angst fest, halte an der Freiheit fest\u201c.\">Weiterlesen<\/a><\/p>\n","protected":false},"author":1,"featured_media":18866,"comment_status":"closed","ping_status":"closed","sticky":false,"template":"","format":"standard","meta":{"footnotes":""},"categories":[234],"tags":[],"class_list":["post-18861","post","type-post","status-publish","format-standard","has-post-thumbnail","hentry","category-nachrichten"],"yoast_head":"<!-- This site is optimized with the Yoast SEO Premium plugin v22.0 (Yoast SEO v27.0) - https:\/\/yoast.com\/product\/yoast-seo-premium-wordpress\/ -->\n<title>Influencerin Tazarte: \u201eHalte nicht an der Angst fest, halte an der Freiheit fest\u201c. - Isla Bonita Love Festival<\/title>\n<meta name=\"robots\" content=\"noindex, follow\" \/>\n<meta property=\"og:locale\" content=\"de_DE\" \/>\n<meta property=\"og:type\" content=\"article\" \/>\n<meta property=\"og:title\" content=\"Influencerin Tazarte: \u201eHalte nicht an der Angst fest, halte an der Freiheit fest\u201c.\" \/>\n<meta property=\"og:description\" content=\"Der Influencer, S\u00e4nger und T\u00e4nzer Tazarte hat am Set von LOVE TV, dem exklusiven Content-Kanal des Isla Bonita Love Festivals, vorbeigeschaut, um zu erz\u00e4hlen, wie sich sein Leben ver\u00e4ndert hat, nachdem er sich auf die Fersen geheftet und sein Image genutzt hat, um sich auszudr\u00fccken: \u201eAuch wenn ich mehr negative Kommentare als je zuvor erhalten ... Weiterlesen\" \/>\n<meta property=\"og:url\" content=\"https:\/\/www.islabonitalovefestival.es\/de\/2024\/07\/26\/influencerin-tazarte-halte-nicht-an-der-angst-fest-halte-an-der-freiheit-fest\/\" \/>\n<meta property=\"og:site_name\" content=\"Isla Bonita Love Festival\" \/>\n<meta property=\"article:publisher\" content=\"https:\/\/www.facebook.com\/islabonitalovefestival\/\" \/>\n<meta property=\"article:published_time\" content=\"2024-07-26T07:48:35+00:00\" \/>\n<meta property=\"article:modified_time\" content=\"2024-07-26T13:57:48+00:00\" \/>\n<meta property=\"og:image\" content=\"https:\/\/www.islabonitalovefestival.es\/wp-content\/uploads\/2024\/07\/Tazarte.jpg\" \/>\n\t<meta property=\"og:image:width\" content=\"1600\" \/>\n\t<meta property=\"og:image:height\" content=\"1200\" \/>\n\t<meta property=\"og:image:type\" content=\"image\/jpeg\" \/>\n<meta name=\"author\" content=\"admin\" \/>\n<meta name=\"twitter:card\" content=\"summary_large_image\" \/>\n<meta name=\"twitter:creator\" content=\"@IslaBonitaLoveF\" \/>\n<meta name=\"twitter:site\" content=\"@IslaBonitaLoveF\" \/>\n<script type=\"application\/ld+json\" class=\"yoast-schema-graph\">{\"@context\":\"https:\/\/schema.org\",\"@graph\":[{\"@type\":\"Article\",\"@id\":\"https:\/\/www.islabonitalovefestival.es\/de\/2024\/07\/26\/influencerin-tazarte-halte-nicht-an-der-angst-fest-halte-an-der-freiheit-fest\/#article\",\"isPartOf\":{\"@id\":\"https:\/\/www.islabonitalovefestival.es\/de\/2024\/07\/26\/influencerin-tazarte-halte-nicht-an-der-angst-fest-halte-an-der-freiheit-fest\/\"},\"author\":{\"name\":\"admin\",\"@id\":\"https:\/\/www.islabonitalovefestival.es\/#\/schema\/person\/e8c1725efa520a7107e2625e272fb763\"},\"headline\":\"Influencerin Tazarte: \u201eHalte nicht an der Angst fest, halte an der Freiheit fest\u201c.\",\"datePublished\":\"2024-07-26T07:48:35+00:00\",\"dateModified\":\"2024-07-26T13:57:48+00:00\",\"mainEntityOfPage\":{\"@id\":\"https:\/\/www.islabonitalovefestival.es\/de\/2024\/07\/26\/influencerin-tazarte-halte-nicht-an-der-angst-fest-halte-an-der-freiheit-fest\/\"},\"wordCount\":325,\"publisher\":{\"@id\":\"https:\/\/www.islabonitalovefestival.es\/#organization\"},\"image\":{\"@id\":\"https:\/\/www.islabonitalovefestival.es\/de\/2024\/07\/26\/influencerin-tazarte-halte-nicht-an-der-angst-fest-halte-an-der-freiheit-fest\/#primaryimage\"},\"thumbnailUrl\":\"https:\/\/www.islabonitalovefestival.es\/wp-content\/uploads\/2024\/07\/Tazarte.jpg\",\"articleSection\":[\"Nachrichten\"],\"inLanguage\":\"de\"},{\"@type\":\"WebPage\",\"@id\":\"https:\/\/www.islabonitalovefestival.es\/de\/2024\/07\/26\/influencerin-tazarte-halte-nicht-an-der-angst-fest-halte-an-der-freiheit-fest\/\",\"url\":\"https:\/\/www.islabonitalovefestival.es\/de\/2024\/07\/26\/influencerin-tazarte-halte-nicht-an-der-angst-fest-halte-an-der-freiheit-fest\/\",\"name\":\"Influencerin Tazarte: \u201eHalte nicht an der Angst fest, halte an der Freiheit fest\u201c. - Isla Bonita Love Festival\",\"isPartOf\":{\"@id\":\"https:\/\/www.islabonitalovefestival.es\/#website\"},\"primaryImageOfPage\":{\"@id\":\"https:\/\/www.islabonitalovefestival.es\/de\/2024\/07\/26\/influencerin-tazarte-halte-nicht-an-der-angst-fest-halte-an-der-freiheit-fest\/#primaryimage\"},\"image\":{\"@id\":\"https:\/\/www.islabonitalovefestival.es\/de\/2024\/07\/26\/influencerin-tazarte-halte-nicht-an-der-angst-fest-halte-an-der-freiheit-fest\/#primaryimage\"},\"thumbnailUrl\":\"https:\/\/www.islabonitalovefestival.es\/wp-content\/uploads\/2024\/07\/Tazarte.jpg\",\"datePublished\":\"2024-07-26T07:48:35+00:00\",\"dateModified\":\"2024-07-26T13:57:48+00:00\",\"breadcrumb\":{\"@id\":\"https:\/\/www.islabonitalovefestival.es\/de\/2024\/07\/26\/influencerin-tazarte-halte-nicht-an-der-angst-fest-halte-an-der-freiheit-fest\/#breadcrumb\"},\"inLanguage\":\"de\",\"potentialAction\":[{\"@type\":\"ReadAction\",\"target\":[\"https:\/\/www.islabonitalovefestival.es\/de\/2024\/07\/26\/influencerin-tazarte-halte-nicht-an-der-angst-fest-halte-an-der-freiheit-fest\/\"]}]},{\"@type\":\"ImageObject\",\"inLanguage\":\"de\",\"@id\":\"https:\/\/www.islabonitalovefestival.es\/de\/2024\/07\/26\/influencerin-tazarte-halte-nicht-an-der-angst-fest-halte-an-der-freiheit-fest\/#primaryimage\",\"url\":\"https:\/\/www.islabonitalovefestival.es\/wp-content\/uploads\/2024\/07\/Tazarte.jpg\",\"contentUrl\":\"https:\/\/www.islabonitalovefestival.es\/wp-content\/uploads\/2024\/07\/Tazarte.jpg\",\"width\":1600,\"height\":1200},{\"@type\":\"BreadcrumbList\",\"@id\":\"https:\/\/www.islabonitalovefestival.es\/de\/2024\/07\/26\/influencerin-tazarte-halte-nicht-an-der-angst-fest-halte-an-der-freiheit-fest\/#breadcrumb\",\"itemListElement\":[{\"@type\":\"ListItem\",\"position\":1,\"name\":\"Portada\",\"item\":\"https:\/\/www.islabonitalovefestival.es\/de\/\"},{\"@type\":\"ListItem\",\"position\":2,\"name\":\"Influencerin Tazarte: \u201eHalte nicht an der Angst fest, halte an der Freiheit fest\u201c.\"}]},{\"@type\":\"WebSite\",\"@id\":\"https:\/\/www.islabonitalovefestival.es\/#website\",\"url\":\"https:\/\/www.islabonitalovefestival.es\/\",\"name\":\"Isla Bonita Love Festival 2024\",\"description\":\"Festival de la multiculturalidad que se celebrar\u00e1 del 22 al 28 de julio de 2024 en La Palma\",\"publisher\":{\"@id\":\"https:\/\/www.islabonitalovefestival.es\/#organization\"},\"alternateName\":\"Love Festival 2024\",\"potentialAction\":[{\"@type\":\"SearchAction\",\"target\":{\"@type\":\"EntryPoint\",\"urlTemplate\":\"https:\/\/www.islabonitalovefestival.es\/?s={search_term_string}\"},\"query-input\":{\"@type\":\"PropertyValueSpecification\",\"valueRequired\":true,\"valueName\":\"search_term_string\"}}],\"inLanguage\":\"de\"},{\"@type\":\"Organization\",\"@id\":\"https:\/\/www.islabonitalovefestival.es\/#organization\",\"name\":\"Isla Bonita Love Festival La Palma 2024\",\"alternateName\":\"Love Festival\",\"url\":\"https:\/\/www.islabonitalovefestival.es\/\",\"logo\":{\"@type\":\"ImageObject\",\"inLanguage\":\"de\",\"@id\":\"https:\/\/www.islabonitalovefestival.es\/#\/schema\/logo\/image\/\",\"url\":\"https:\/\/www.islabonitalovefestival.es\/wp-content\/uploads\/2024\/03\/LF24_entrada.png\",\"contentUrl\":\"https:\/\/www.islabonitalovefestival.es\/wp-content\/uploads\/2024\/03\/LF24_entrada.png\",\"width\":800,\"height\":800,\"caption\":\"Isla Bonita Love Festival La Palma 2024\"},\"image\":{\"@id\":\"https:\/\/www.islabonitalovefestival.es\/#\/schema\/logo\/image\/\"},\"sameAs\":[\"https:\/\/www.facebook.com\/islabonitalovefestival\/\",\"https:\/\/x.com\/IslaBonitaLoveF\",\"https:\/\/www.instagram.com\/islabonitalovefest\/\",\"https:\/\/www.youtube.com\/channel\/UCT7DqYugOSkmQ9lWVL9UTJw\"],\"description\":\"Sociedad de Promoci\u00f3n y Desarrollo econ\u00f3mico y Social de La Palma, empresa p\u00fablica dependiente del Cabildo de La Palma\",\"email\":\"info@sodepal.es\",\"telephone\":\"922417323\",\"legalName\":\"Sociedad de Promoci\u00f3n y Desarrollo Econ\u00f3mico de la isla de La Palma S.A.U.\",\"publishingPrinciples\":\"https:\/\/www.islabonitalovefestival.es\/aviso-legal\/\",\"ownershipFundingInfo\":\"https:\/\/www.islabonitalovefestival.es\/aviso-legal\/\",\"actionableFeedbackPolicy\":\"https:\/\/www.islabonitalovefestival.es\/aviso-legal\/\",\"correctionsPolicy\":\"https:\/\/www.islabonitalovefestival.es\/aviso-legal\/\",\"ethicsPolicy\":\"https:\/\/www.islabonitalovefestival.es\/aviso-legal\/\",\"diversityPolicy\":\"https:\/\/www.islabonitalovefestival.es\/aviso-legal\/\",\"diversityStaffingReport\":\"https:\/\/www.islabonitalovefestival.es\/aviso-legal\/\"},{\"@type\":\"Person\",\"@id\":\"https:\/\/www.islabonitalovefestival.es\/#\/schema\/person\/e8c1725efa520a7107e2625e272fb763\",\"name\":\"admin\"}]}<\/script>\n<!-- \/ Yoast SEO Premium plugin. -->","yoast_head_json":{"title":"Influencerin Tazarte: \u201eHalte nicht an der Angst fest, halte an der Freiheit fest\u201c. - Isla Bonita Love Festival","robots":{"index":"noindex","follow":"follow"},"og_locale":"de_DE","og_type":"article","og_title":"Influencerin Tazarte: \u201eHalte nicht an der Angst fest, halte an der Freiheit fest\u201c.","og_description":"Der Influencer, S\u00e4nger und T\u00e4nzer Tazarte hat am Set von LOVE TV, dem exklusiven Content-Kanal des Isla Bonita Love Festivals, vorbeigeschaut, um zu erz\u00e4hlen, wie sich sein Leben ver\u00e4ndert hat, nachdem er sich auf die Fersen geheftet und sein Image genutzt hat, um sich auszudr\u00fccken: \u201eAuch wenn ich mehr negative Kommentare als je zuvor erhalten ... Weiterlesen","og_url":"https:\/\/www.islabonitalovefestival.es\/de\/2024\/07\/26\/influencerin-tazarte-halte-nicht-an-der-angst-fest-halte-an-der-freiheit-fest\/","og_site_name":"Isla Bonita Love Festival","article_publisher":"https:\/\/www.facebook.com\/islabonitalovefestival\/","article_published_time":"2024-07-26T07:48:35+00:00","article_modified_time":"2024-07-26T13:57:48+00:00","og_image":[{"width":1600,"height":1200,"url":"https:\/\/www.islabonitalovefestival.es\/wp-content\/uploads\/2024\/07\/Tazarte.jpg","type":"image\/jpeg"}],"author":"admin","twitter_card":"summary_large_image","twitter_creator":"@IslaBonitaLoveF","twitter_site":"@IslaBonitaLoveF","schema":{"@context":"https:\/\/schema.org","@graph":[{"@type":"Article","@id":"https:\/\/www.islabonitalovefestival.es\/de\/2024\/07\/26\/influencerin-tazarte-halte-nicht-an-der-angst-fest-halte-an-der-freiheit-fest\/#article","isPartOf":{"@id":"https:\/\/www.islabonitalovefestival.es\/de\/2024\/07\/26\/influencerin-tazarte-halte-nicht-an-der-angst-fest-halte-an-der-freiheit-fest\/"},"author":{"name":"admin","@id":"https:\/\/www.islabonitalovefestival.es\/#\/schema\/person\/e8c1725efa520a7107e2625e272fb763"},"headline":"Influencerin Tazarte: \u201eHalte nicht an der Angst fest, halte an der Freiheit fest\u201c.","datePublished":"2024-07-26T07:48:35+00:00","dateModified":"2024-07-26T13:57:48+00:00","mainEntityOfPage":{"@id":"https:\/\/www.islabonitalovefestival.es\/de\/2024\/07\/26\/influencerin-tazarte-halte-nicht-an-der-angst-fest-halte-an-der-freiheit-fest\/"},"wordCount":325,"publisher":{"@id":"https:\/\/www.islabonitalovefestival.es\/#organization"},"image":{"@id":"https:\/\/www.islabonitalovefestival.es\/de\/2024\/07\/26\/influencerin-tazarte-halte-nicht-an-der-angst-fest-halte-an-der-freiheit-fest\/#primaryimage"},"thumbnailUrl":"https:\/\/www.islabonitalovefestival.es\/wp-content\/uploads\/2024\/07\/Tazarte.jpg","articleSection":["Nachrichten"],"inLanguage":"de"},{"@type":"WebPage","@id":"https:\/\/www.islabonitalovefestival.es\/de\/2024\/07\/26\/influencerin-tazarte-halte-nicht-an-der-angst-fest-halte-an-der-freiheit-fest\/","url":"https:\/\/www.islabonitalovefestival.es\/de\/2024\/07\/26\/influencerin-tazarte-halte-nicht-an-der-angst-fest-halte-an-der-freiheit-fest\/","name":"Influencerin Tazarte: \u201eHalte nicht an der Angst fest, halte an der Freiheit fest\u201c. - Isla Bonita Love Festival","isPartOf":{"@id":"https:\/\/www.islabonitalovefestival.es\/#website"},"primaryImageOfPage":{"@id":"https:\/\/www.islabonitalovefestival.es\/de\/2024\/07\/26\/influencerin-tazarte-halte-nicht-an-der-angst-fest-halte-an-der-freiheit-fest\/#primaryimage"},"image":{"@id":"https:\/\/www.islabonitalovefestival.es\/de\/2024\/07\/26\/influencerin-tazarte-halte-nicht-an-der-angst-fest-halte-an-der-freiheit-fest\/#primaryimage"},"thumbnailUrl":"https:\/\/www.islabonitalovefestival.es\/wp-content\/uploads\/2024\/07\/Tazarte.jpg","datePublished":"2024-07-26T07:48:35+00:00","dateModified":"2024-07-26T13:57:48+00:00","breadcrumb":{"@id":"https:\/\/www.islabonitalovefestival.es\/de\/2024\/07\/26\/influencerin-tazarte-halte-nicht-an-der-angst-fest-halte-an-der-freiheit-fest\/#breadcrumb"},"inLanguage":"de","potentialAction":[{"@type":"ReadAction","target":["https:\/\/www.islabonitalovefestival.es\/de\/2024\/07\/26\/influencerin-tazarte-halte-nicht-an-der-angst-fest-halte-an-der-freiheit-fest\/"]}]},{"@type":"ImageObject","inLanguage":"de","@id":"https:\/\/www.islabonitalovefestival.es\/de\/2024\/07\/26\/influencerin-tazarte-halte-nicht-an-der-angst-fest-halte-an-der-freiheit-fest\/#primaryimage","url":"https:\/\/www.islabonitalovefestival.es\/wp-content\/uploads\/2024\/07\/Tazarte.jpg","contentUrl":"https:\/\/www.islabonitalovefestival.es\/wp-content\/uploads\/2024\/07\/Tazarte.jpg","width":1600,"height":1200},{"@type":"BreadcrumbList","@id":"https:\/\/www.islabonitalovefestival.es\/de\/2024\/07\/26\/influencerin-tazarte-halte-nicht-an-der-angst-fest-halte-an-der-freiheit-fest\/#breadcrumb","itemListElement":[{"@type":"ListItem","position":1,"name":"Portada","item":"https:\/\/www.islabonitalovefestival.es\/de\/"},{"@type":"ListItem","position":2,"name":"Influencerin Tazarte: \u201eHalte nicht an der Angst fest, halte an der Freiheit fest\u201c."}]},{"@type":"WebSite","@id":"https:\/\/www.islabonitalovefestival.es\/#website","url":"https:\/\/www.islabonitalovefestival.es\/","name":"Isla Bonita Love Festival 2024","description":"Festival de la multiculturalidad que se celebrar\u00e1 del 22 al 28 de julio de 2024 en La Palma","publisher":{"@id":"https:\/\/www.islabonitalovefestival.es\/#organization"},"alternateName":"Love Festival 2024","potentialAction":[{"@type":"SearchAction","target":{"@type":"EntryPoint","urlTemplate":"https:\/\/www.islabonitalovefestival.es\/?s={search_term_string}"},"query-input":{"@type":"PropertyValueSpecification","valueRequired":true,"valueName":"search_term_string"}}],"inLanguage":"de"},{"@type":"Organization","@id":"https:\/\/www.islabonitalovefestival.es\/#organization","name":"Isla Bonita Love Festival La Palma 2024","alternateName":"Love Festival","url":"https:\/\/www.islabonitalovefestival.es\/","logo":{"@type":"ImageObject","inLanguage":"de","@id":"https:\/\/www.islabonitalovefestival.es\/#\/schema\/logo\/image\/","url":"https:\/\/www.islabonitalovefestival.es\/wp-content\/uploads\/2024\/03\/LF24_entrada.png","contentUrl":"https:\/\/www.islabonitalovefestival.es\/wp-content\/uploads\/2024\/03\/LF24_entrada.png","width":800,"height":800,"caption":"Isla Bonita Love Festival La Palma 2024"},"image":{"@id":"https:\/\/www.islabonitalovefestival.es\/#\/schema\/logo\/image\/"},"sameAs":["https:\/\/www.facebook.com\/islabonitalovefestival\/","https:\/\/x.com\/IslaBonitaLoveF","https:\/\/www.instagram.com\/islabonitalovefest\/","https:\/\/www.youtube.com\/channel\/UCT7DqYugOSkmQ9lWVL9UTJw"],"description":"Sociedad de Promoci\u00f3n y Desarrollo econ\u00f3mico y Social de La Palma, empresa p\u00fablica dependiente del Cabildo de La Palma","email":"info@sodepal.es","telephone":"922417323","legalName":"Sociedad de Promoci\u00f3n y Desarrollo Econ\u00f3mico de la isla de La Palma S.A.U.","publishingPrinciples":"https:\/\/www.islabonitalovefestival.es\/aviso-legal\/","ownershipFundingInfo":"https:\/\/www.islabonitalovefestival.es\/aviso-legal\/","actionableFeedbackPolicy":"https:\/\/www.islabonitalovefestival.es\/aviso-legal\/","correctionsPolicy":"https:\/\/www.islabonitalovefestival.es\/aviso-legal\/","ethicsPolicy":"https:\/\/www.islabonitalovefestival.es\/aviso-legal\/","diversityPolicy":"https:\/\/www.islabonitalovefestival.es\/aviso-legal\/","diversityStaffingReport":"https:\/\/www.islabonitalovefestival.es\/aviso-legal\/"},{"@type":"Person","@id":"https:\/\/www.islabonitalovefestival.es\/#\/schema\/person\/e8c1725efa520a7107e2625e272fb763","name":"admin"}]}},"_links":{"self":[{"href":"https:\/\/www.islabonitalovefestival.es\/de\/wp-json\/wp\/v2\/posts\/18861","targetHints":{"allow":["GET"]}}],"collection":[{"href":"https:\/\/www.islabonitalovefestival.es\/de\/wp-json\/wp\/v2\/posts"}],"about":[{"href":"https:\/\/www.islabonitalovefestival.es\/de\/wp-json\/wp\/v2\/types\/post"}],"author":[{"embeddable":true,"href":"https:\/\/www.islabonitalovefestival.es\/de\/wp-json\/wp\/v2\/users\/1"}],"replies":[{"embeddable":true,"href":"https:\/\/www.islabonitalovefestival.es\/de\/wp-json\/wp\/v2\/comments?post=18861"}],"version-history":[{"count":5,"href":"https:\/\/www.islabonitalovefestival.es\/de\/wp-json\/wp\/v2\/posts\/18861\/revisions"}],"predecessor-version":[{"id":18880,"href":"https:\/\/www.islabonitalovefestival.es\/de\/wp-json\/wp\/v2\/posts\/18861\/revisions\/18880"}],"wp:featuredmedia":[{"embeddable":true,"href":"https:\/\/www.islabonitalovefestival.es\/de\/wp-json\/wp\/v2\/media\/18866"}],"wp:attachment":[{"href":"https:\/\/www.islabonitalovefestival.es\/de\/wp-json\/wp\/v2\/media?parent=18861"}],"wp:term":[{"taxonomy":"category","embeddable":true,"href":"https:\/\/www.islabonitalovefestival.es\/de\/wp-json\/wp\/v2\/categories?post=18861"},{"taxonomy":"post_tag","embeddable":true,"href":"https:\/\/www.islabonitalovefestival.es\/de\/wp-json\/wp\/v2\/tags?post=18861"}],"curies":[{"name":"wp","href":"https:\/\/api.w.org\/{rel}","templated":true}]}}