{"id":18882,"date":"2024-07-26T23:25:55","date_gmt":"2024-07-26T22:25:55","guid":{"rendered":"https:\/\/www.islabonitalovefestival.es\/?p=18882"},"modified":"2024-07-26T23:29:20","modified_gmt":"2024-07-26T22:29:20","slug":"das-isla-bonita-love-festival-findet-diese-woche-seinen-hoehepunkt-mit-einem-konzert-mit-vielen-stars","status":"publish","type":"post","link":"https:\/\/www.islabonitalovefestival.es\/de\/2024\/07\/26\/das-isla-bonita-love-festival-findet-diese-woche-seinen-hoehepunkt-mit-einem-konzert-mit-vielen-stars\/","title":{"rendered":"Das Isla Bonita Love Festival findet diese Woche seinen H\u00f6hepunkt mit einem Konzert mit vielen Stars"},"content":{"rendered":"\t\t<div data-elementor-type=\"wp-post\" data-elementor-id=\"18882\" class=\"elementor elementor-18882\" data-elementor-post-type=\"post\">\n\t\t\t\t\t\t<section data-particle_enable=\"false\" data-particle-mobile-disabled=\"false\" class=\"elementor-section elementor-top-section elementor-element elementor-element-5d4592ee elementor-section-boxed elementor-section-height-default elementor-section-height-default\" data-id=\"5d4592ee\" data-element_type=\"section\" data-e-type=\"section\">\n\t\t\t\t\t\t<div class=\"elementor-container elementor-column-gap-default\">\n\t\t\t\t\t<div class=\"elementor-column elementor-col-100 elementor-top-column elementor-element elementor-element-329aa00\" data-id=\"329aa00\" data-element_type=\"column\" data-e-type=\"column\">\n\t\t\t<div class=\"elementor-widget-wrap elementor-element-populated\">\n\t\t\t\t\t\t<div class=\"elementor-element elementor-element-cf78c36 elementor-widget elementor-widget-text-editor\" data-id=\"cf78c36\" data-element_type=\"widget\" data-e-type=\"widget\" data-widget_type=\"text-editor.default\">\n\t\t\t\t<div class=\"elementor-widget-container\">\n\t\t\t\t\t\t\t\t\t<div class=\"field field--name-field-noticias-entradilla field--type-text-long field--label-hidden field--item\"><p>Das vom Cabildo de La Palma \u00fcber das \u00f6ffentliche Unternehmen Sodepal organisierte Isla Bonita Love Festival n\u00e4hert sich seinem Finale, das am kommenden Samstag, den 27. Juli, im Hafen von Tazacorte mit einem Konzert stattfindet, bei dem die besten K\u00fcnstler der internationalen und nationalen Musikszene sowie S\u00e4nger von den Kanarischen Inseln auftreten werden.<\/p><p>Der Pr\u00e4sident der Insel, Sergio Rodr\u00edguez, zusammen mit der Gesch\u00e4ftsf\u00fchrerin von Sodepal, Miriam Perestelo, dem zweiten stellvertretenden B\u00fcrgermeister von Tazacorte, David Ru\u00edz, und einem Teil der Stars, die das Programm der neuen Ausgabe bilden, Chanel, Ptazeta und Kingdom, haben dieses musikalische Ereignis hervorgehoben, das den Abschluss des diesj\u00e4hrigen Isla Bonita Love Festivals bildet, das seit Dienstag, dem 23. Juli, mit verschiedenen Aktivit\u00e4ten zur F\u00f6rderung von Werten wie Freiheit und Vielfalt l\u00e4uft.<\/p><p>Sergio Rodr\u00edguez hob die Bedeutung hervor, die das Isla Bonita Love Festival erlangt hat, eine Veranstaltung, die auch dank der Unterst\u00fctzung privater Einrichtungen gr\u00f6\u00dfer ist, um die Insel als Ma\u00dfstab f\u00fcr Vielfalt zu positionieren, \u201eein Engagement, das wir das ganze Jahr \u00fcber in allen Bereichen des Cabildo entwickeln und das seinen maximalen Ausdruck in der Sozialen Woche des Isla Bonita Love Festivals findet, deren Abschluss immer wieder \u00fcberrascht, indem er K\u00fcnstler nach La Palma bringt, wie die, die heute bei uns sind, und andere bekannte Pers\u00f6nlichkeiten, wie Ricky Martin, Martin Garrix, St Pedro und Orribo\u201c, sagte er.<\/p><p>Die Gesch\u00e4ftsf\u00fchrerin von Sodepal, Miriam Perestelo, betonte ihrerseits, wie wichtig es ist, diese Art von Veranstaltung zu nutzen, die eine wichtige Projektion f\u00fcr diejenigen ist, die auf der B\u00fchne stehen, um aufstrebenden K\u00fcnstlern die M\u00f6glichkeit zu geben, den Raum mit K\u00fcnstlern mit herausragenden Karrieren zu teilen, etwas, das durch den Talentwettbewerb getan wurde und das Ferchos und Macaca Radiata auf dem Festival positionieren wird.<br \/>Die S\u00e4ngerin Chanel betonte, wie wichtig es sei, \u201emeinen Beitrag f\u00fcr diese K\u00e4mpfe zu leisten\u201c, und lud alle ein, das morgige Konzert zu genie\u00dfen.<\/p><p>Das Isla Bonita Love Festival, f\u00fcr das die Karten f\u00fcr die Hauptb\u00fchne bereits ausverkauft sind, verabschiedet sich am Samstag, den 27. Juli, ab 18.00 Uhr in Puerto de Tazacorte mit einem Musikspektakel, das Generationen und Liebhaber verschiedener Musikgenres zu einem festen Bestandteil der kanarischen Kulturszene zusammenf\u00fchrt.<\/p><\/div>\t\t\t\t\t\t\t\t<\/div>\n\t\t\t\t<\/div>\n\t\t\t\t\t<\/div>\n\t\t<\/div>\n\t\t\t\t\t<\/div>\n\t\t<\/section>\n\t\t\t\t<\/div>\n\t\t","protected":false},"excerpt":{"rendered":"<p>Das vom Cabildo de La Palma \u00fcber das \u00f6ffentliche Unternehmen Sodepal organisierte Isla Bonita Love Festival n\u00e4hert sich seinem Finale, das am kommenden Samstag, den 27. Juli, im Hafen von Tazacorte mit einem Konzert stattfindet, bei dem die besten K\u00fcnstler der internationalen und nationalen Musikszene sowie S\u00e4nger von den Kanarischen Inseln auftreten werden. Der Pr\u00e4sident &#8230; <a title=\"Das Isla Bonita Love Festival findet diese Woche seinen H\u00f6hepunkt mit einem Konzert mit vielen Stars\" class=\"read-more\" href=\"https:\/\/www.islabonitalovefestival.es\/de\/2024\/07\/26\/das-isla-bonita-love-festival-findet-diese-woche-seinen-hoehepunkt-mit-einem-konzert-mit-vielen-stars\/\" aria-label=\"Mehr Informationen \u00fcber Das Isla Bonita Love Festival findet diese Woche seinen H\u00f6hepunkt mit einem Konzert mit vielen Stars\">Weiterlesen<\/a><\/p>\n","protected":false},"author":1,"featured_media":18887,"comment_status":"closed","ping_status":"closed","sticky":false,"template":"","format":"standard","meta":{"footnotes":""},"categories":[234],"tags":[],"class_list":["post-18882","post","type-post","status-publish","format-standard","has-post-thumbnail","hentry","category-nachrichten"],"yoast_head":"<!-- This site is optimized with the Yoast SEO Premium plugin v22.0 (Yoast SEO v27.0) - https:\/\/yoast.com\/product\/yoast-seo-premium-wordpress\/ -->\n<title>Das Isla Bonita Love Festival findet diese Woche seinen H\u00f6hepunkt mit einem Konzert mit vielen Stars - Isla Bonita Love Festival<\/title>\n<meta name=\"robots\" content=\"noindex, follow\" \/>\n<meta property=\"og:locale\" content=\"de_DE\" \/>\n<meta property=\"og:type\" content=\"article\" \/>\n<meta property=\"og:title\" content=\"Das Isla Bonita Love Festival findet diese Woche seinen H\u00f6hepunkt mit einem Konzert mit vielen Stars\" \/>\n<meta property=\"og:description\" content=\"Das vom Cabildo de La Palma \u00fcber das \u00f6ffentliche Unternehmen Sodepal organisierte Isla Bonita Love Festival n\u00e4hert sich seinem Finale, das am kommenden Samstag, den 27. Juli, im Hafen von Tazacorte mit einem Konzert stattfindet, bei dem die besten K\u00fcnstler der internationalen und nationalen Musikszene sowie S\u00e4nger von den Kanarischen Inseln auftreten werden. Der Pr\u00e4sident ... Weiterlesen\" \/>\n<meta property=\"og:url\" content=\"https:\/\/www.islabonitalovefestival.es\/de\/2024\/07\/26\/das-isla-bonita-love-festival-findet-diese-woche-seinen-hoehepunkt-mit-einem-konzert-mit-vielen-stars\/\" \/>\n<meta property=\"og:site_name\" content=\"Isla Bonita Love Festival\" \/>\n<meta property=\"article:publisher\" content=\"https:\/\/www.facebook.com\/islabonitalovefestival\/\" \/>\n<meta property=\"article:published_time\" content=\"2024-07-26T22:25:55+00:00\" \/>\n<meta property=\"article:modified_time\" content=\"2024-07-26T22:29:20+00:00\" \/>\n<meta property=\"og:image\" content=\"https:\/\/www.islabonitalovefestival.es\/wp-content\/uploads\/2024\/07\/presentacion_love_2024.jpg\" \/>\n\t<meta property=\"og:image:width\" content=\"999\" \/>\n\t<meta property=\"og:image:height\" content=\"666\" \/>\n\t<meta property=\"og:image:type\" content=\"image\/jpeg\" \/>\n<meta name=\"author\" content=\"admin\" \/>\n<meta name=\"twitter:card\" content=\"summary_large_image\" \/>\n<meta name=\"twitter:creator\" content=\"@IslaBonitaLoveF\" \/>\n<meta name=\"twitter:site\" content=\"@IslaBonitaLoveF\" \/>\n<script type=\"application\/ld+json\" class=\"yoast-schema-graph\">{\"@context\":\"https:\/\/schema.org\",\"@graph\":[{\"@type\":\"Article\",\"@id\":\"https:\/\/www.islabonitalovefestival.es\/de\/2024\/07\/26\/das-isla-bonita-love-festival-findet-diese-woche-seinen-hoehepunkt-mit-einem-konzert-mit-vielen-stars\/#article\",\"isPartOf\":{\"@id\":\"https:\/\/www.islabonitalovefestival.es\/de\/2024\/07\/26\/das-isla-bonita-love-festival-findet-diese-woche-seinen-hoehepunkt-mit-einem-konzert-mit-vielen-stars\/\"},\"author\":{\"name\":\"admin\",\"@id\":\"https:\/\/www.islabonitalovefestival.es\/#\/schema\/person\/e8c1725efa520a7107e2625e272fb763\"},\"headline\":\"Das Isla Bonita Love Festival findet diese Woche seinen H\u00f6hepunkt mit einem Konzert mit vielen Stars\",\"datePublished\":\"2024-07-26T22:25:55+00:00\",\"dateModified\":\"2024-07-26T22:29:20+00:00\",\"mainEntityOfPage\":{\"@id\":\"https:\/\/www.islabonitalovefestival.es\/de\/2024\/07\/26\/das-isla-bonita-love-festival-findet-diese-woche-seinen-hoehepunkt-mit-einem-konzert-mit-vielen-stars\/\"},\"wordCount\":403,\"publisher\":{\"@id\":\"https:\/\/www.islabonitalovefestival.es\/#organization\"},\"image\":{\"@id\":\"https:\/\/www.islabonitalovefestival.es\/de\/2024\/07\/26\/das-isla-bonita-love-festival-findet-diese-woche-seinen-hoehepunkt-mit-einem-konzert-mit-vielen-stars\/#primaryimage\"},\"thumbnailUrl\":\"https:\/\/www.islabonitalovefestival.es\/wp-content\/uploads\/2024\/07\/presentacion_love_2024.jpg\",\"articleSection\":[\"Nachrichten\"],\"inLanguage\":\"de\"},{\"@type\":\"WebPage\",\"@id\":\"https:\/\/www.islabonitalovefestival.es\/de\/2024\/07\/26\/das-isla-bonita-love-festival-findet-diese-woche-seinen-hoehepunkt-mit-einem-konzert-mit-vielen-stars\/\",\"url\":\"https:\/\/www.islabonitalovefestival.es\/de\/2024\/07\/26\/das-isla-bonita-love-festival-findet-diese-woche-seinen-hoehepunkt-mit-einem-konzert-mit-vielen-stars\/\",\"name\":\"Das Isla Bonita Love Festival findet diese Woche seinen H\u00f6hepunkt mit einem Konzert mit vielen Stars - Isla Bonita Love Festival\",\"isPartOf\":{\"@id\":\"https:\/\/www.islabonitalovefestival.es\/#website\"},\"primaryImageOfPage\":{\"@id\":\"https:\/\/www.islabonitalovefestival.es\/de\/2024\/07\/26\/das-isla-bonita-love-festival-findet-diese-woche-seinen-hoehepunkt-mit-einem-konzert-mit-vielen-stars\/#primaryimage\"},\"image\":{\"@id\":\"https:\/\/www.islabonitalovefestival.es\/de\/2024\/07\/26\/das-isla-bonita-love-festival-findet-diese-woche-seinen-hoehepunkt-mit-einem-konzert-mit-vielen-stars\/#primaryimage\"},\"thumbnailUrl\":\"https:\/\/www.islabonitalovefestival.es\/wp-content\/uploads\/2024\/07\/presentacion_love_2024.jpg\",\"datePublished\":\"2024-07-26T22:25:55+00:00\",\"dateModified\":\"2024-07-26T22:29:20+00:00\",\"breadcrumb\":{\"@id\":\"https:\/\/www.islabonitalovefestival.es\/de\/2024\/07\/26\/das-isla-bonita-love-festival-findet-diese-woche-seinen-hoehepunkt-mit-einem-konzert-mit-vielen-stars\/#breadcrumb\"},\"inLanguage\":\"de\",\"potentialAction\":[{\"@type\":\"ReadAction\",\"target\":[\"https:\/\/www.islabonitalovefestival.es\/de\/2024\/07\/26\/das-isla-bonita-love-festival-findet-diese-woche-seinen-hoehepunkt-mit-einem-konzert-mit-vielen-stars\/\"]}]},{\"@type\":\"ImageObject\",\"inLanguage\":\"de\",\"@id\":\"https:\/\/www.islabonitalovefestival.es\/de\/2024\/07\/26\/das-isla-bonita-love-festival-findet-diese-woche-seinen-hoehepunkt-mit-einem-konzert-mit-vielen-stars\/#primaryimage\",\"url\":\"https:\/\/www.islabonitalovefestival.es\/wp-content\/uploads\/2024\/07\/presentacion_love_2024.jpg\",\"contentUrl\":\"https:\/\/www.islabonitalovefestival.es\/wp-content\/uploads\/2024\/07\/presentacion_love_2024.jpg\",\"width\":999,\"height\":666},{\"@type\":\"BreadcrumbList\",\"@id\":\"https:\/\/www.islabonitalovefestival.es\/de\/2024\/07\/26\/das-isla-bonita-love-festival-findet-diese-woche-seinen-hoehepunkt-mit-einem-konzert-mit-vielen-stars\/#breadcrumb\",\"itemListElement\":[{\"@type\":\"ListItem\",\"position\":1,\"name\":\"Portada\",\"item\":\"https:\/\/www.islabonitalovefestival.es\/de\/\"},{\"@type\":\"ListItem\",\"position\":2,\"name\":\"Das Isla Bonita Love Festival findet diese Woche seinen H\u00f6hepunkt mit einem Konzert mit vielen Stars\"}]},{\"@type\":\"WebSite\",\"@id\":\"https:\/\/www.islabonitalovefestival.es\/#website\",\"url\":\"https:\/\/www.islabonitalovefestival.es\/\",\"name\":\"Isla Bonita Love Festival 2024\",\"description\":\"Festival de la multiculturalidad que se celebrar\u00e1 del 22 al 28 de julio de 2024 en La Palma\",\"publisher\":{\"@id\":\"https:\/\/www.islabonitalovefestival.es\/#organization\"},\"alternateName\":\"Love Festival 2024\",\"potentialAction\":[{\"@type\":\"SearchAction\",\"target\":{\"@type\":\"EntryPoint\",\"urlTemplate\":\"https:\/\/www.islabonitalovefestival.es\/?s={search_term_string}\"},\"query-input\":{\"@type\":\"PropertyValueSpecification\",\"valueRequired\":true,\"valueName\":\"search_term_string\"}}],\"inLanguage\":\"de\"},{\"@type\":\"Organization\",\"@id\":\"https:\/\/www.islabonitalovefestival.es\/#organization\",\"name\":\"Isla Bonita Love Festival La Palma 2024\",\"alternateName\":\"Love Festival\",\"url\":\"https:\/\/www.islabonitalovefestival.es\/\",\"logo\":{\"@type\":\"ImageObject\",\"inLanguage\":\"de\",\"@id\":\"https:\/\/www.islabonitalovefestival.es\/#\/schema\/logo\/image\/\",\"url\":\"https:\/\/www.islabonitalovefestival.es\/wp-content\/uploads\/2024\/03\/LF24_entrada.png\",\"contentUrl\":\"https:\/\/www.islabonitalovefestival.es\/wp-content\/uploads\/2024\/03\/LF24_entrada.png\",\"width\":800,\"height\":800,\"caption\":\"Isla Bonita Love Festival La Palma 2024\"},\"image\":{\"@id\":\"https:\/\/www.islabonitalovefestival.es\/#\/schema\/logo\/image\/\"},\"sameAs\":[\"https:\/\/www.facebook.com\/islabonitalovefestival\/\",\"https:\/\/x.com\/IslaBonitaLoveF\",\"https:\/\/www.instagram.com\/islabonitalovefest\/\",\"https:\/\/www.youtube.com\/channel\/UCT7DqYugOSkmQ9lWVL9UTJw\"],\"description\":\"Sociedad de Promoci\u00f3n y Desarrollo econ\u00f3mico y Social de La Palma, empresa p\u00fablica dependiente del Cabildo de La Palma\",\"email\":\"info@sodepal.es\",\"telephone\":\"922417323\",\"legalName\":\"Sociedad de Promoci\u00f3n y Desarrollo Econ\u00f3mico de la isla de La Palma S.A.U.\",\"publishingPrinciples\":\"https:\/\/www.islabonitalovefestival.es\/aviso-legal\/\",\"ownershipFundingInfo\":\"https:\/\/www.islabonitalovefestival.es\/aviso-legal\/\",\"actionableFeedbackPolicy\":\"https:\/\/www.islabonitalovefestival.es\/aviso-legal\/\",\"correctionsPolicy\":\"https:\/\/www.islabonitalovefestival.es\/aviso-legal\/\",\"ethicsPolicy\":\"https:\/\/www.islabonitalovefestival.es\/aviso-legal\/\",\"diversityPolicy\":\"https:\/\/www.islabonitalovefestival.es\/aviso-legal\/\",\"diversityStaffingReport\":\"https:\/\/www.islabonitalovefestival.es\/aviso-legal\/\"},{\"@type\":\"Person\",\"@id\":\"https:\/\/www.islabonitalovefestival.es\/#\/schema\/person\/e8c1725efa520a7107e2625e272fb763\",\"name\":\"admin\"}]}<\/script>\n<!-- \/ Yoast SEO Premium plugin. -->","yoast_head_json":{"title":"Das Isla Bonita Love Festival findet diese Woche seinen H\u00f6hepunkt mit einem Konzert mit vielen Stars - Isla Bonita Love Festival","robots":{"index":"noindex","follow":"follow"},"og_locale":"de_DE","og_type":"article","og_title":"Das Isla Bonita Love Festival findet diese Woche seinen H\u00f6hepunkt mit einem Konzert mit vielen Stars","og_description":"Das vom Cabildo de La Palma \u00fcber das \u00f6ffentliche Unternehmen Sodepal organisierte Isla Bonita Love Festival n\u00e4hert sich seinem Finale, das am kommenden Samstag, den 27. Juli, im Hafen von Tazacorte mit einem Konzert stattfindet, bei dem die besten K\u00fcnstler der internationalen und nationalen Musikszene sowie S\u00e4nger von den Kanarischen Inseln auftreten werden. Der Pr\u00e4sident ... Weiterlesen","og_url":"https:\/\/www.islabonitalovefestival.es\/de\/2024\/07\/26\/das-isla-bonita-love-festival-findet-diese-woche-seinen-hoehepunkt-mit-einem-konzert-mit-vielen-stars\/","og_site_name":"Isla Bonita Love Festival","article_publisher":"https:\/\/www.facebook.com\/islabonitalovefestival\/","article_published_time":"2024-07-26T22:25:55+00:00","article_modified_time":"2024-07-26T22:29:20+00:00","og_image":[{"width":999,"height":666,"url":"https:\/\/www.islabonitalovefestival.es\/wp-content\/uploads\/2024\/07\/presentacion_love_2024.jpg","type":"image\/jpeg"}],"author":"admin","twitter_card":"summary_large_image","twitter_creator":"@IslaBonitaLoveF","twitter_site":"@IslaBonitaLoveF","schema":{"@context":"https:\/\/schema.org","@graph":[{"@type":"Article","@id":"https:\/\/www.islabonitalovefestival.es\/de\/2024\/07\/26\/das-isla-bonita-love-festival-findet-diese-woche-seinen-hoehepunkt-mit-einem-konzert-mit-vielen-stars\/#article","isPartOf":{"@id":"https:\/\/www.islabonitalovefestival.es\/de\/2024\/07\/26\/das-isla-bonita-love-festival-findet-diese-woche-seinen-hoehepunkt-mit-einem-konzert-mit-vielen-stars\/"},"author":{"name":"admin","@id":"https:\/\/www.islabonitalovefestival.es\/#\/schema\/person\/e8c1725efa520a7107e2625e272fb763"},"headline":"Das Isla Bonita Love Festival findet diese Woche seinen H\u00f6hepunkt mit einem Konzert mit vielen Stars","datePublished":"2024-07-26T22:25:55+00:00","dateModified":"2024-07-26T22:29:20+00:00","mainEntityOfPage":{"@id":"https:\/\/www.islabonitalovefestival.es\/de\/2024\/07\/26\/das-isla-bonita-love-festival-findet-diese-woche-seinen-hoehepunkt-mit-einem-konzert-mit-vielen-stars\/"},"wordCount":403,"publisher":{"@id":"https:\/\/www.islabonitalovefestival.es\/#organization"},"image":{"@id":"https:\/\/www.islabonitalovefestival.es\/de\/2024\/07\/26\/das-isla-bonita-love-festival-findet-diese-woche-seinen-hoehepunkt-mit-einem-konzert-mit-vielen-stars\/#primaryimage"},"thumbnailUrl":"https:\/\/www.islabonitalovefestival.es\/wp-content\/uploads\/2024\/07\/presentacion_love_2024.jpg","articleSection":["Nachrichten"],"inLanguage":"de"},{"@type":"WebPage","@id":"https:\/\/www.islabonitalovefestival.es\/de\/2024\/07\/26\/das-isla-bonita-love-festival-findet-diese-woche-seinen-hoehepunkt-mit-einem-konzert-mit-vielen-stars\/","url":"https:\/\/www.islabonitalovefestival.es\/de\/2024\/07\/26\/das-isla-bonita-love-festival-findet-diese-woche-seinen-hoehepunkt-mit-einem-konzert-mit-vielen-stars\/","name":"Das Isla Bonita Love Festival findet diese Woche seinen H\u00f6hepunkt mit einem Konzert mit vielen Stars - Isla Bonita Love Festival","isPartOf":{"@id":"https:\/\/www.islabonitalovefestival.es\/#website"},"primaryImageOfPage":{"@id":"https:\/\/www.islabonitalovefestival.es\/de\/2024\/07\/26\/das-isla-bonita-love-festival-findet-diese-woche-seinen-hoehepunkt-mit-einem-konzert-mit-vielen-stars\/#primaryimage"},"image":{"@id":"https:\/\/www.islabonitalovefestival.es\/de\/2024\/07\/26\/das-isla-bonita-love-festival-findet-diese-woche-seinen-hoehepunkt-mit-einem-konzert-mit-vielen-stars\/#primaryimage"},"thumbnailUrl":"https:\/\/www.islabonitalovefestival.es\/wp-content\/uploads\/2024\/07\/presentacion_love_2024.jpg","datePublished":"2024-07-26T22:25:55+00:00","dateModified":"2024-07-26T22:29:20+00:00","breadcrumb":{"@id":"https:\/\/www.islabonitalovefestival.es\/de\/2024\/07\/26\/das-isla-bonita-love-festival-findet-diese-woche-seinen-hoehepunkt-mit-einem-konzert-mit-vielen-stars\/#breadcrumb"},"inLanguage":"de","potentialAction":[{"@type":"ReadAction","target":["https:\/\/www.islabonitalovefestival.es\/de\/2024\/07\/26\/das-isla-bonita-love-festival-findet-diese-woche-seinen-hoehepunkt-mit-einem-konzert-mit-vielen-stars\/"]}]},{"@type":"ImageObject","inLanguage":"de","@id":"https:\/\/www.islabonitalovefestival.es\/de\/2024\/07\/26\/das-isla-bonita-love-festival-findet-diese-woche-seinen-hoehepunkt-mit-einem-konzert-mit-vielen-stars\/#primaryimage","url":"https:\/\/www.islabonitalovefestival.es\/wp-content\/uploads\/2024\/07\/presentacion_love_2024.jpg","contentUrl":"https:\/\/www.islabonitalovefestival.es\/wp-content\/uploads\/2024\/07\/presentacion_love_2024.jpg","width":999,"height":666},{"@type":"BreadcrumbList","@id":"https:\/\/www.islabonitalovefestival.es\/de\/2024\/07\/26\/das-isla-bonita-love-festival-findet-diese-woche-seinen-hoehepunkt-mit-einem-konzert-mit-vielen-stars\/#breadcrumb","itemListElement":[{"@type":"ListItem","position":1,"name":"Portada","item":"https:\/\/www.islabonitalovefestival.es\/de\/"},{"@type":"ListItem","position":2,"name":"Das Isla Bonita Love Festival findet diese Woche seinen H\u00f6hepunkt mit einem Konzert mit vielen Stars"}]},{"@type":"WebSite","@id":"https:\/\/www.islabonitalovefestival.es\/#website","url":"https:\/\/www.islabonitalovefestival.es\/","name":"Isla Bonita Love Festival 2024","description":"Festival de la multiculturalidad que se celebrar\u00e1 del 22 al 28 de julio de 2024 en La Palma","publisher":{"@id":"https:\/\/www.islabonitalovefestival.es\/#organization"},"alternateName":"Love Festival 2024","potentialAction":[{"@type":"SearchAction","target":{"@type":"EntryPoint","urlTemplate":"https:\/\/www.islabonitalovefestival.es\/?s={search_term_string}"},"query-input":{"@type":"PropertyValueSpecification","valueRequired":true,"valueName":"search_term_string"}}],"inLanguage":"de"},{"@type":"Organization","@id":"https:\/\/www.islabonitalovefestival.es\/#organization","name":"Isla Bonita Love Festival La Palma 2024","alternateName":"Love Festival","url":"https:\/\/www.islabonitalovefestival.es\/","logo":{"@type":"ImageObject","inLanguage":"de","@id":"https:\/\/www.islabonitalovefestival.es\/#\/schema\/logo\/image\/","url":"https:\/\/www.islabonitalovefestival.es\/wp-content\/uploads\/2024\/03\/LF24_entrada.png","contentUrl":"https:\/\/www.islabonitalovefestival.es\/wp-content\/uploads\/2024\/03\/LF24_entrada.png","width":800,"height":800,"caption":"Isla Bonita Love Festival La Palma 2024"},"image":{"@id":"https:\/\/www.islabonitalovefestival.es\/#\/schema\/logo\/image\/"},"sameAs":["https:\/\/www.facebook.com\/islabonitalovefestival\/","https:\/\/x.com\/IslaBonitaLoveF","https:\/\/www.instagram.com\/islabonitalovefest\/","https:\/\/www.youtube.com\/channel\/UCT7DqYugOSkmQ9lWVL9UTJw"],"description":"Sociedad de Promoci\u00f3n y Desarrollo econ\u00f3mico y Social de La Palma, empresa p\u00fablica dependiente del Cabildo de La Palma","email":"info@sodepal.es","telephone":"922417323","legalName":"Sociedad de Promoci\u00f3n y Desarrollo Econ\u00f3mico de la isla de La Palma S.A.U.","publishingPrinciples":"https:\/\/www.islabonitalovefestival.es\/aviso-legal\/","ownershipFundingInfo":"https:\/\/www.islabonitalovefestival.es\/aviso-legal\/","actionableFeedbackPolicy":"https:\/\/www.islabonitalovefestival.es\/aviso-legal\/","correctionsPolicy":"https:\/\/www.islabonitalovefestival.es\/aviso-legal\/","ethicsPolicy":"https:\/\/www.islabonitalovefestival.es\/aviso-legal\/","diversityPolicy":"https:\/\/www.islabonitalovefestival.es\/aviso-legal\/","diversityStaffingReport":"https:\/\/www.islabonitalovefestival.es\/aviso-legal\/"},{"@type":"Person","@id":"https:\/\/www.islabonitalovefestival.es\/#\/schema\/person\/e8c1725efa520a7107e2625e272fb763","name":"admin"}]}},"_links":{"self":[{"href":"https:\/\/www.islabonitalovefestival.es\/de\/wp-json\/wp\/v2\/posts\/18882","targetHints":{"allow":["GET"]}}],"collection":[{"href":"https:\/\/www.islabonitalovefestival.es\/de\/wp-json\/wp\/v2\/posts"}],"about":[{"href":"https:\/\/www.islabonitalovefestival.es\/de\/wp-json\/wp\/v2\/types\/post"}],"author":[{"embeddable":true,"href":"https:\/\/www.islabonitalovefestival.es\/de\/wp-json\/wp\/v2\/users\/1"}],"replies":[{"embeddable":true,"href":"https:\/\/www.islabonitalovefestival.es\/de\/wp-json\/wp\/v2\/comments?post=18882"}],"version-history":[{"count":6,"href":"https:\/\/www.islabonitalovefestival.es\/de\/wp-json\/wp\/v2\/posts\/18882\/revisions"}],"predecessor-version":[{"id":18901,"href":"https:\/\/www.islabonitalovefestival.es\/de\/wp-json\/wp\/v2\/posts\/18882\/revisions\/18901"}],"wp:featuredmedia":[{"embeddable":true,"href":"https:\/\/www.islabonitalovefestival.es\/de\/wp-json\/wp\/v2\/media\/18887"}],"wp:attachment":[{"href":"https:\/\/www.islabonitalovefestival.es\/de\/wp-json\/wp\/v2\/media?parent=18882"}],"wp:term":[{"taxonomy":"category","embeddable":true,"href":"https:\/\/www.islabonitalovefestival.es\/de\/wp-json\/wp\/v2\/categories?post=18882"},{"taxonomy":"post_tag","embeddable":true,"href":"https:\/\/www.islabonitalovefestival.es\/de\/wp-json\/wp\/v2\/tags?post=18882"}],"curies":[{"name":"wp","href":"https:\/\/api.w.org\/{rel}","templated":true}]}}