{"id":18938,"date":"2024-07-29T11:51:47","date_gmt":"2024-07-29T10:51:47","guid":{"rendered":"https:\/\/www.islabonitalovefestival.es\/?p=18938"},"modified":"2024-07-31T12:07:33","modified_gmt":"2024-07-31T11:07:33","slug":"monica-cruz-ehrengast-des-labels-isla-bonita-moda-auf-dem-isla-bonita-love-festival","status":"publish","type":"post","link":"https:\/\/www.islabonitalovefestival.es\/de\/2024\/07\/29\/monica-cruz-ehrengast-des-labels-isla-bonita-moda-auf-dem-isla-bonita-love-festival\/","title":{"rendered":"M\u00f3nica Cruz, Ehrengast des Labels Isla Bonita Moda auf dem Isla Bonita Love Festival"},"content":{"rendered":"\t\t<div data-elementor-type=\"wp-post\" data-elementor-id=\"18938\" class=\"elementor elementor-18938\" data-elementor-post-type=\"post\">\n\t\t\t\t\t\t<section data-particle_enable=\"false\" data-particle-mobile-disabled=\"false\" class=\"elementor-section elementor-top-section elementor-element elementor-element-5d4592ee elementor-section-boxed elementor-section-height-default elementor-section-height-default\" data-id=\"5d4592ee\" data-element_type=\"section\" data-e-type=\"section\">\n\t\t\t\t\t\t<div class=\"elementor-container elementor-column-gap-default\">\n\t\t\t\t\t<div class=\"elementor-column elementor-col-100 elementor-top-column elementor-element elementor-element-329aa00\" data-id=\"329aa00\" data-element_type=\"column\" data-e-type=\"column\">\n\t\t\t<div class=\"elementor-widget-wrap elementor-element-populated\">\n\t\t\t\t\t\t<div class=\"elementor-element elementor-element-cf78c36 elementor-widget elementor-widget-text-editor\" data-id=\"cf78c36\" data-element_type=\"widget\" data-e-type=\"widget\" data-widget_type=\"text-editor.default\">\n\t\t\t\t<div class=\"elementor-widget-container\">\n\t\t\t\t\t\t\t\t\t<h4>Das Label Isla Bonita Moda beteiligt sich an den Feierlichkeiten zum Isla Bonita Love Festival mit einer dreifachen Aktion, bei der die Arbeit der Sch\u00f6pfer, die zur Markenfamilie geh\u00f6ren, hervorgehoben und gef\u00f6rdert wird.<\/h4><p>Im Rahmen des Programms des Isla Bonita Love Festivals nahmen am vergangenen Freitag, den 26. Juli, insgesamt acht Unternehmen des Programms Isla Bonita Moda, das von der Inselregierung von La Palma \u00fcber Sodepal gef\u00f6rdert wird, an der Veranstaltung Gastro &amp; Love auf der Plaza de Espa\u00f1a in Los Llanos de Aridane teil. Sie beteiligten sich an einer kommerziellen Aktion, bei der die Arbeiten der Designer allen Anwesenden vorgestellt wurden, von denen viele spezielle Kapseln und St\u00fccke f\u00fcr diesen Anlass kreierten, die von der Vielfalt und der freien Liebe inspiriert waren. Auch La Palma Artesan\u00eda nahm an der Veranstaltung teil.<\/p><p>Um die Sichtbarkeit, die Positionierung und die Reichweite der Marken des Labels zu st\u00e4rken, koordinierte Isla Bonita Moda die Lieferung von exklusiven St\u00fccken aller Marken des Labels und der Kunsthandwerker von La Palma Artesan\u00eda, die f\u00fcr internationale K\u00fcnstler wie Ricky Martin, Martin Garrix, Chanel Terrero, Ptazeta, St. Pedro und Orribo, die am Samstagabend, den 27. Juli, auf der Hauptb\u00fchne des Isla Bonita Love Festivals auftraten, einzigartig, individuell und pers\u00f6nlich gestaltet wurden. Einige von ihnen haben nicht gez\u00f6gert, viele dieser St\u00fccke auf der B\u00fchne zu tragen.<\/p><p>Schlie\u00dflich und als kr\u00f6nender Abschluss der Teilnahme von Isla Bonita Moda am Isla Bonita Love Festival z\u00e4hlte das G\u00fctesiegel der Qualit\u00e4tsgarantie auf die bekannte Schauspielerin und T\u00e4nzerin M\u00f3nica Cruz als au\u00dfergew\u00f6hnlichen Gast, die bei ihrem ersten Besuch auf der Insel La Palma die verschiedenen Konzerte in der Kleidung der Palmaer Designerin Waleska Mor\u00edn und mit Schmuck der Firma Atelier El Tesoro genie\u00dfen konnte. Beide Firmen geh\u00f6ren zum Kollektiv Isla Bonita Moda.<\/p><p>Nach den Worten von Miriam Perestelo, der Gesch\u00e4ftsf\u00fchrerin von Sodepal, st\u00e4rkt dieses dreifache Engagement nicht nur den lokalen Handel und hilft den Unternehmen, ihre Pr\u00e4senz auf dem Inselmarkt zu erh\u00f6hen, sondern zielt auch darauf ab, ihre Position auf der Insel zu st\u00e4rken, indem sie den Wert unserer Talente hervorheben, Sie stellen ihre Arbeiten weltweit bekannten Pers\u00f6nlichkeiten vor, die von ihrem Besuch auf La Palma zweifellos ein St\u00fcck unserer \u00fcbersprudelnden Kreativit\u00e4t in den Bereichen Mode und Handwerk mitnehmen werden, die heute mehr denn je Hand in Hand gehen\u201c.<\/p>\t\t\t\t\t\t\t\t<\/div>\n\t\t\t\t<\/div>\n\t\t\t\t<div class=\"elementor-element elementor-element-f4c740a elementor-widget elementor-widget-image-gallery\" data-id=\"f4c740a\" data-element_type=\"widget\" data-e-type=\"widget\" data-widget_type=\"image-gallery.default\">\n\t\t\t\t<div class=\"elementor-widget-container\">\n\t\t\t\t\t\t\t<div class=\"elementor-image-gallery\">\n\t\t\t<div id='gallery-1' class='gallery galleryid-18938 gallery-columns-3 gallery-size-medium'><figure class='gallery-item'>\n\t\t\t<div class='gallery-icon portrait'>\n\t\t\t\t<a data-elementor-open-lightbox=\"yes\" data-elementor-lightbox-slideshow=\"f4c740a\" data-elementor-lightbox-title=\"monica_cruz3\" data-e-action-hash=\"#elementor-action%3Aaction%3Dlightbox%26settings%3DeyJpZCI6MTg5NTIsInVybCI6Imh0dHBzOlwvXC93d3cuaXNsYWJvbml0YWxvdmVmZXN0aXZhbC5lc1wvd3AtY29udGVudFwvdXBsb2Fkc1wvMjAyNFwvMDdcL21vbmljYV9jcnV6My5qcGciLCJzbGlkZXNob3ciOiJmNGM3NDBhIn0%3D\" href='https:\/\/www.islabonitalovefestival.es\/wp-content\/uploads\/2024\/07\/monica_cruz3.jpg'><img fetchpriority=\"high\" width=\"169\" height=\"300\" src=\"https:\/\/www.islabonitalovefestival.es\/wp-content\/uploads\/2024\/07\/monica_cruz3-169x300.jpg\" class=\"attachment-medium size-medium\" alt=\"\" decoding=\"async\" srcset=\"https:\/\/www.islabonitalovefestival.es\/wp-content\/uploads\/2024\/07\/monica_cruz3-169x300.jpg 169w, https:\/\/www.islabonitalovefestival.es\/wp-content\/uploads\/2024\/07\/monica_cruz3-576x1024.jpg 576w, https:\/\/www.islabonitalovefestival.es\/wp-content\/uploads\/2024\/07\/monica_cruz3.jpg 720w\" sizes=\"(max-width: 169px) 100vw, 169px\" \/><\/a>\n\t\t\t<\/div><\/figure><figure class='gallery-item'>\n\t\t\t<div class='gallery-icon portrait'>\n\t\t\t\t<a data-elementor-open-lightbox=\"yes\" data-elementor-lightbox-slideshow=\"f4c740a\" data-elementor-lightbox-title=\"monica_cruz2\" data-e-action-hash=\"#elementor-action%3Aaction%3Dlightbox%26settings%3DeyJpZCI6MTg5NDksInVybCI6Imh0dHBzOlwvXC93d3cuaXNsYWJvbml0YWxvdmVmZXN0aXZhbC5lc1wvd3AtY29udGVudFwvdXBsb2Fkc1wvMjAyNFwvMDdcL21vbmljYV9jcnV6Mi5qcGciLCJzbGlkZXNob3ciOiJmNGM3NDBhIn0%3D\" href='https:\/\/www.islabonitalovefestival.es\/wp-content\/uploads\/2024\/07\/monica_cruz2.jpg'><img width=\"225\" height=\"300\" src=\"https:\/\/www.islabonitalovefestival.es\/wp-content\/uploads\/2024\/07\/monica_cruz2-225x300.jpg\" class=\"attachment-medium size-medium\" alt=\"\" decoding=\"async\" srcset=\"https:\/\/www.islabonitalovefestival.es\/wp-content\/uploads\/2024\/07\/monica_cruz2-225x300.jpg 225w, https:\/\/www.islabonitalovefestival.es\/wp-content\/uploads\/2024\/07\/monica_cruz2-768x1024.jpg 768w, https:\/\/www.islabonitalovefestival.es\/wp-content\/uploads\/2024\/07\/monica_cruz2.jpg 960w\" sizes=\"(max-width: 225px) 100vw, 225px\" \/><\/a>\n\t\t\t<\/div><\/figure><figure class='gallery-item'>\n\t\t\t<div class='gallery-icon portrait'>\n\t\t\t\t<a data-elementor-open-lightbox=\"yes\" data-elementor-lightbox-slideshow=\"f4c740a\" data-elementor-lightbox-title=\"monica_cruz4\" data-e-action-hash=\"#elementor-action%3Aaction%3Dlightbox%26settings%3DeyJpZCI6MTg5NDMsInVybCI6Imh0dHBzOlwvXC93d3cuaXNsYWJvbml0YWxvdmVmZXN0aXZhbC5lc1wvd3AtY29udGVudFwvdXBsb2Fkc1wvMjAyNFwvMDdcL21vbmljYV9jcnV6NC5qcGciLCJzbGlkZXNob3ciOiJmNGM3NDBhIn0%3D\" href='https:\/\/www.islabonitalovefestival.es\/wp-content\/uploads\/2024\/07\/monica_cruz4.jpg'><img width=\"185\" height=\"300\" src=\"https:\/\/www.islabonitalovefestival.es\/wp-content\/uploads\/2024\/07\/monica_cruz4-185x300.jpg\" class=\"attachment-medium size-medium\" alt=\"\" decoding=\"async\" srcset=\"https:\/\/www.islabonitalovefestival.es\/wp-content\/uploads\/2024\/07\/monica_cruz4-185x300.jpg 185w, https:\/\/www.islabonitalovefestival.es\/wp-content\/uploads\/2024\/07\/monica_cruz4-632x1024.jpg 632w, https:\/\/www.islabonitalovefestival.es\/wp-content\/uploads\/2024\/07\/monica_cruz4-768x1244.jpg 768w, https:\/\/www.islabonitalovefestival.es\/wp-content\/uploads\/2024\/07\/monica_cruz4.jpg 790w\" sizes=\"(max-width: 185px) 100vw, 185px\" \/><\/a>\n\t\t\t<\/div><\/figure>\n\t\t<\/div>\n\t\t<\/div>\n\t\t\t\t\t\t<\/div>\n\t\t\t\t<\/div>\n\t\t\t\t\t<\/div>\n\t\t<\/div>\n\t\t\t\t\t<\/div>\n\t\t<\/section>\n\t\t\t\t<\/div>\n\t\t","protected":false},"excerpt":{"rendered":"<p>Das Label Isla Bonita Moda beteiligt sich an den Feierlichkeiten zum Isla Bonita Love Festival mit einer dreifachen Aktion, bei der die Arbeit der Sch\u00f6pfer, die zur Markenfamilie geh\u00f6ren, hervorgehoben und gef\u00f6rdert wird. Im Rahmen des Programms des Isla Bonita Love Festivals nahmen am vergangenen Freitag, den 26. Juli, insgesamt acht Unternehmen des Programms Isla &#8230; <a title=\"M\u00f3nica Cruz, Ehrengast des Labels Isla Bonita Moda auf dem Isla Bonita Love Festival\" class=\"read-more\" href=\"https:\/\/www.islabonitalovefestival.es\/de\/2024\/07\/29\/monica-cruz-ehrengast-des-labels-isla-bonita-moda-auf-dem-isla-bonita-love-festival\/\" aria-label=\"Mehr Informationen \u00fcber M\u00f3nica Cruz, Ehrengast des Labels Isla Bonita Moda auf dem Isla Bonita Love Festival\">Weiterlesen<\/a><\/p>\n","protected":false},"author":1,"featured_media":18946,"comment_status":"closed","ping_status":"closed","sticky":false,"template":"","format":"standard","meta":{"footnotes":""},"categories":[234],"tags":[],"class_list":["post-18938","post","type-post","status-publish","format-standard","has-post-thumbnail","hentry","category-nachrichten"],"yoast_head":"<!-- This site is optimized with the Yoast SEO Premium plugin v22.0 (Yoast SEO v27.0) - https:\/\/yoast.com\/product\/yoast-seo-premium-wordpress\/ -->\n<title>M\u00f3nica Cruz, Ehrengast des Labels Isla Bonita Moda auf dem Isla Bonita Love Festival - Isla Bonita Love Festival<\/title>\n<meta name=\"robots\" content=\"noindex, follow\" \/>\n<meta property=\"og:locale\" content=\"de_DE\" \/>\n<meta property=\"og:type\" content=\"article\" \/>\n<meta property=\"og:title\" content=\"M\u00f3nica Cruz, Ehrengast des Labels Isla Bonita Moda auf dem Isla Bonita Love Festival\" \/>\n<meta property=\"og:description\" content=\"Das Label Isla Bonita Moda beteiligt sich an den Feierlichkeiten zum Isla Bonita Love Festival mit einer dreifachen Aktion, bei der die Arbeit der Sch\u00f6pfer, die zur Markenfamilie geh\u00f6ren, hervorgehoben und gef\u00f6rdert wird. Im Rahmen des Programms des Isla Bonita Love Festivals nahmen am vergangenen Freitag, den 26. Juli, insgesamt acht Unternehmen des Programms Isla ... Weiterlesen\" \/>\n<meta property=\"og:url\" content=\"https:\/\/www.islabonitalovefestival.es\/de\/2024\/07\/29\/monica-cruz-ehrengast-des-labels-isla-bonita-moda-auf-dem-isla-bonita-love-festival\/\" \/>\n<meta property=\"og:site_name\" content=\"Isla Bonita Love Festival\" \/>\n<meta property=\"article:publisher\" content=\"https:\/\/www.facebook.com\/islabonitalovefestival\/\" \/>\n<meta property=\"article:published_time\" content=\"2024-07-29T10:51:47+00:00\" \/>\n<meta property=\"article:modified_time\" content=\"2024-07-31T11:07:33+00:00\" \/>\n<meta property=\"og:image\" content=\"https:\/\/www.islabonitalovefestival.es\/wp-content\/uploads\/2024\/07\/monica_cruz.jpg\" \/>\n\t<meta property=\"og:image:width\" content=\"853\" \/>\n\t<meta property=\"og:image:height\" content=\"1280\" \/>\n\t<meta property=\"og:image:type\" content=\"image\/jpeg\" \/>\n<meta name=\"author\" content=\"admin\" \/>\n<meta name=\"twitter:card\" content=\"summary_large_image\" \/>\n<meta name=\"twitter:creator\" content=\"@IslaBonitaLoveF\" \/>\n<meta name=\"twitter:site\" content=\"@IslaBonitaLoveF\" \/>\n<script type=\"application\/ld+json\" class=\"yoast-schema-graph\">{\"@context\":\"https:\/\/schema.org\",\"@graph\":[{\"@type\":\"Article\",\"@id\":\"https:\/\/www.islabonitalovefestival.es\/de\/2024\/07\/29\/monica-cruz-ehrengast-des-labels-isla-bonita-moda-auf-dem-isla-bonita-love-festival\/#article\",\"isPartOf\":{\"@id\":\"https:\/\/www.islabonitalovefestival.es\/de\/2024\/07\/29\/monica-cruz-ehrengast-des-labels-isla-bonita-moda-auf-dem-isla-bonita-love-festival\/\"},\"author\":{\"name\":\"admin\",\"@id\":\"https:\/\/www.islabonitalovefestival.es\/#\/schema\/person\/e8c1725efa520a7107e2625e272fb763\"},\"headline\":\"M\u00f3nica Cruz, Ehrengast des Labels Isla Bonita Moda auf dem Isla Bonita Love Festival\",\"datePublished\":\"2024-07-29T10:51:47+00:00\",\"dateModified\":\"2024-07-31T11:07:33+00:00\",\"mainEntityOfPage\":{\"@id\":\"https:\/\/www.islabonitalovefestival.es\/de\/2024\/07\/29\/monica-cruz-ehrengast-des-labels-isla-bonita-moda-auf-dem-isla-bonita-love-festival\/\"},\"wordCount\":427,\"publisher\":{\"@id\":\"https:\/\/www.islabonitalovefestival.es\/#organization\"},\"image\":{\"@id\":\"https:\/\/www.islabonitalovefestival.es\/de\/2024\/07\/29\/monica-cruz-ehrengast-des-labels-isla-bonita-moda-auf-dem-isla-bonita-love-festival\/#primaryimage\"},\"thumbnailUrl\":\"https:\/\/www.islabonitalovefestival.es\/wp-content\/uploads\/2024\/07\/monica_cruz.jpg\",\"articleSection\":[\"Nachrichten\"],\"inLanguage\":\"de\"},{\"@type\":\"WebPage\",\"@id\":\"https:\/\/www.islabonitalovefestival.es\/de\/2024\/07\/29\/monica-cruz-ehrengast-des-labels-isla-bonita-moda-auf-dem-isla-bonita-love-festival\/\",\"url\":\"https:\/\/www.islabonitalovefestival.es\/de\/2024\/07\/29\/monica-cruz-ehrengast-des-labels-isla-bonita-moda-auf-dem-isla-bonita-love-festival\/\",\"name\":\"M\u00f3nica Cruz, Ehrengast des Labels Isla Bonita Moda auf dem Isla Bonita Love Festival - Isla Bonita Love Festival\",\"isPartOf\":{\"@id\":\"https:\/\/www.islabonitalovefestival.es\/#website\"},\"primaryImageOfPage\":{\"@id\":\"https:\/\/www.islabonitalovefestival.es\/de\/2024\/07\/29\/monica-cruz-ehrengast-des-labels-isla-bonita-moda-auf-dem-isla-bonita-love-festival\/#primaryimage\"},\"image\":{\"@id\":\"https:\/\/www.islabonitalovefestival.es\/de\/2024\/07\/29\/monica-cruz-ehrengast-des-labels-isla-bonita-moda-auf-dem-isla-bonita-love-festival\/#primaryimage\"},\"thumbnailUrl\":\"https:\/\/www.islabonitalovefestival.es\/wp-content\/uploads\/2024\/07\/monica_cruz.jpg\",\"datePublished\":\"2024-07-29T10:51:47+00:00\",\"dateModified\":\"2024-07-31T11:07:33+00:00\",\"breadcrumb\":{\"@id\":\"https:\/\/www.islabonitalovefestival.es\/de\/2024\/07\/29\/monica-cruz-ehrengast-des-labels-isla-bonita-moda-auf-dem-isla-bonita-love-festival\/#breadcrumb\"},\"inLanguage\":\"de\",\"potentialAction\":[{\"@type\":\"ReadAction\",\"target\":[\"https:\/\/www.islabonitalovefestival.es\/de\/2024\/07\/29\/monica-cruz-ehrengast-des-labels-isla-bonita-moda-auf-dem-isla-bonita-love-festival\/\"]}]},{\"@type\":\"ImageObject\",\"inLanguage\":\"de\",\"@id\":\"https:\/\/www.islabonitalovefestival.es\/de\/2024\/07\/29\/monica-cruz-ehrengast-des-labels-isla-bonita-moda-auf-dem-isla-bonita-love-festival\/#primaryimage\",\"url\":\"https:\/\/www.islabonitalovefestival.es\/wp-content\/uploads\/2024\/07\/monica_cruz.jpg\",\"contentUrl\":\"https:\/\/www.islabonitalovefestival.es\/wp-content\/uploads\/2024\/07\/monica_cruz.jpg\",\"width\":853,\"height\":1280},{\"@type\":\"BreadcrumbList\",\"@id\":\"https:\/\/www.islabonitalovefestival.es\/de\/2024\/07\/29\/monica-cruz-ehrengast-des-labels-isla-bonita-moda-auf-dem-isla-bonita-love-festival\/#breadcrumb\",\"itemListElement\":[{\"@type\":\"ListItem\",\"position\":1,\"name\":\"Portada\",\"item\":\"https:\/\/www.islabonitalovefestival.es\/de\/\"},{\"@type\":\"ListItem\",\"position\":2,\"name\":\"M\u00f3nica Cruz, Ehrengast des Labels Isla Bonita Moda auf dem Isla Bonita Love Festival\"}]},{\"@type\":\"WebSite\",\"@id\":\"https:\/\/www.islabonitalovefestival.es\/#website\",\"url\":\"https:\/\/www.islabonitalovefestival.es\/\",\"name\":\"Isla Bonita Love Festival 2024\",\"description\":\"Festival de la multiculturalidad que se celebrar\u00e1 del 22 al 28 de julio de 2024 en La Palma\",\"publisher\":{\"@id\":\"https:\/\/www.islabonitalovefestival.es\/#organization\"},\"alternateName\":\"Love Festival 2024\",\"potentialAction\":[{\"@type\":\"SearchAction\",\"target\":{\"@type\":\"EntryPoint\",\"urlTemplate\":\"https:\/\/www.islabonitalovefestival.es\/?s={search_term_string}\"},\"query-input\":{\"@type\":\"PropertyValueSpecification\",\"valueRequired\":true,\"valueName\":\"search_term_string\"}}],\"inLanguage\":\"de\"},{\"@type\":\"Organization\",\"@id\":\"https:\/\/www.islabonitalovefestival.es\/#organization\",\"name\":\"Isla Bonita Love Festival La Palma 2024\",\"alternateName\":\"Love Festival\",\"url\":\"https:\/\/www.islabonitalovefestival.es\/\",\"logo\":{\"@type\":\"ImageObject\",\"inLanguage\":\"de\",\"@id\":\"https:\/\/www.islabonitalovefestival.es\/#\/schema\/logo\/image\/\",\"url\":\"https:\/\/www.islabonitalovefestival.es\/wp-content\/uploads\/2024\/03\/LF24_entrada.png\",\"contentUrl\":\"https:\/\/www.islabonitalovefestival.es\/wp-content\/uploads\/2024\/03\/LF24_entrada.png\",\"width\":800,\"height\":800,\"caption\":\"Isla Bonita Love Festival La Palma 2024\"},\"image\":{\"@id\":\"https:\/\/www.islabonitalovefestival.es\/#\/schema\/logo\/image\/\"},\"sameAs\":[\"https:\/\/www.facebook.com\/islabonitalovefestival\/\",\"https:\/\/x.com\/IslaBonitaLoveF\",\"https:\/\/www.instagram.com\/islabonitalovefest\/\",\"https:\/\/www.youtube.com\/channel\/UCT7DqYugOSkmQ9lWVL9UTJw\"],\"description\":\"Sociedad de Promoci\u00f3n y Desarrollo econ\u00f3mico y Social de La Palma, empresa p\u00fablica dependiente del Cabildo de La Palma\",\"email\":\"info@sodepal.es\",\"telephone\":\"922417323\",\"legalName\":\"Sociedad de Promoci\u00f3n y Desarrollo Econ\u00f3mico de la isla de La Palma S.A.U.\",\"publishingPrinciples\":\"https:\/\/www.islabonitalovefestival.es\/aviso-legal\/\",\"ownershipFundingInfo\":\"https:\/\/www.islabonitalovefestival.es\/aviso-legal\/\",\"actionableFeedbackPolicy\":\"https:\/\/www.islabonitalovefestival.es\/aviso-legal\/\",\"correctionsPolicy\":\"https:\/\/www.islabonitalovefestival.es\/aviso-legal\/\",\"ethicsPolicy\":\"https:\/\/www.islabonitalovefestival.es\/aviso-legal\/\",\"diversityPolicy\":\"https:\/\/www.islabonitalovefestival.es\/aviso-legal\/\",\"diversityStaffingReport\":\"https:\/\/www.islabonitalovefestival.es\/aviso-legal\/\"},{\"@type\":\"Person\",\"@id\":\"https:\/\/www.islabonitalovefestival.es\/#\/schema\/person\/e8c1725efa520a7107e2625e272fb763\",\"name\":\"admin\"}]}<\/script>\n<!-- \/ Yoast SEO Premium plugin. -->","yoast_head_json":{"title":"M\u00f3nica Cruz, Ehrengast des Labels Isla Bonita Moda auf dem Isla Bonita Love Festival - Isla Bonita Love Festival","robots":{"index":"noindex","follow":"follow"},"og_locale":"de_DE","og_type":"article","og_title":"M\u00f3nica Cruz, Ehrengast des Labels Isla Bonita Moda auf dem Isla Bonita Love Festival","og_description":"Das Label Isla Bonita Moda beteiligt sich an den Feierlichkeiten zum Isla Bonita Love Festival mit einer dreifachen Aktion, bei der die Arbeit der Sch\u00f6pfer, die zur Markenfamilie geh\u00f6ren, hervorgehoben und gef\u00f6rdert wird. Im Rahmen des Programms des Isla Bonita Love Festivals nahmen am vergangenen Freitag, den 26. Juli, insgesamt acht Unternehmen des Programms Isla ... Weiterlesen","og_url":"https:\/\/www.islabonitalovefestival.es\/de\/2024\/07\/29\/monica-cruz-ehrengast-des-labels-isla-bonita-moda-auf-dem-isla-bonita-love-festival\/","og_site_name":"Isla Bonita Love Festival","article_publisher":"https:\/\/www.facebook.com\/islabonitalovefestival\/","article_published_time":"2024-07-29T10:51:47+00:00","article_modified_time":"2024-07-31T11:07:33+00:00","og_image":[{"width":853,"height":1280,"url":"https:\/\/www.islabonitalovefestival.es\/wp-content\/uploads\/2024\/07\/monica_cruz.jpg","type":"image\/jpeg"}],"author":"admin","twitter_card":"summary_large_image","twitter_creator":"@IslaBonitaLoveF","twitter_site":"@IslaBonitaLoveF","schema":{"@context":"https:\/\/schema.org","@graph":[{"@type":"Article","@id":"https:\/\/www.islabonitalovefestival.es\/de\/2024\/07\/29\/monica-cruz-ehrengast-des-labels-isla-bonita-moda-auf-dem-isla-bonita-love-festival\/#article","isPartOf":{"@id":"https:\/\/www.islabonitalovefestival.es\/de\/2024\/07\/29\/monica-cruz-ehrengast-des-labels-isla-bonita-moda-auf-dem-isla-bonita-love-festival\/"},"author":{"name":"admin","@id":"https:\/\/www.islabonitalovefestival.es\/#\/schema\/person\/e8c1725efa520a7107e2625e272fb763"},"headline":"M\u00f3nica Cruz, Ehrengast des Labels Isla Bonita Moda auf dem Isla Bonita Love Festival","datePublished":"2024-07-29T10:51:47+00:00","dateModified":"2024-07-31T11:07:33+00:00","mainEntityOfPage":{"@id":"https:\/\/www.islabonitalovefestival.es\/de\/2024\/07\/29\/monica-cruz-ehrengast-des-labels-isla-bonita-moda-auf-dem-isla-bonita-love-festival\/"},"wordCount":427,"publisher":{"@id":"https:\/\/www.islabonitalovefestival.es\/#organization"},"image":{"@id":"https:\/\/www.islabonitalovefestival.es\/de\/2024\/07\/29\/monica-cruz-ehrengast-des-labels-isla-bonita-moda-auf-dem-isla-bonita-love-festival\/#primaryimage"},"thumbnailUrl":"https:\/\/www.islabonitalovefestival.es\/wp-content\/uploads\/2024\/07\/monica_cruz.jpg","articleSection":["Nachrichten"],"inLanguage":"de"},{"@type":"WebPage","@id":"https:\/\/www.islabonitalovefestival.es\/de\/2024\/07\/29\/monica-cruz-ehrengast-des-labels-isla-bonita-moda-auf-dem-isla-bonita-love-festival\/","url":"https:\/\/www.islabonitalovefestival.es\/de\/2024\/07\/29\/monica-cruz-ehrengast-des-labels-isla-bonita-moda-auf-dem-isla-bonita-love-festival\/","name":"M\u00f3nica Cruz, Ehrengast des Labels Isla Bonita Moda auf dem Isla Bonita Love Festival - Isla Bonita Love Festival","isPartOf":{"@id":"https:\/\/www.islabonitalovefestival.es\/#website"},"primaryImageOfPage":{"@id":"https:\/\/www.islabonitalovefestival.es\/de\/2024\/07\/29\/monica-cruz-ehrengast-des-labels-isla-bonita-moda-auf-dem-isla-bonita-love-festival\/#primaryimage"},"image":{"@id":"https:\/\/www.islabonitalovefestival.es\/de\/2024\/07\/29\/monica-cruz-ehrengast-des-labels-isla-bonita-moda-auf-dem-isla-bonita-love-festival\/#primaryimage"},"thumbnailUrl":"https:\/\/www.islabonitalovefestival.es\/wp-content\/uploads\/2024\/07\/monica_cruz.jpg","datePublished":"2024-07-29T10:51:47+00:00","dateModified":"2024-07-31T11:07:33+00:00","breadcrumb":{"@id":"https:\/\/www.islabonitalovefestival.es\/de\/2024\/07\/29\/monica-cruz-ehrengast-des-labels-isla-bonita-moda-auf-dem-isla-bonita-love-festival\/#breadcrumb"},"inLanguage":"de","potentialAction":[{"@type":"ReadAction","target":["https:\/\/www.islabonitalovefestival.es\/de\/2024\/07\/29\/monica-cruz-ehrengast-des-labels-isla-bonita-moda-auf-dem-isla-bonita-love-festival\/"]}]},{"@type":"ImageObject","inLanguage":"de","@id":"https:\/\/www.islabonitalovefestival.es\/de\/2024\/07\/29\/monica-cruz-ehrengast-des-labels-isla-bonita-moda-auf-dem-isla-bonita-love-festival\/#primaryimage","url":"https:\/\/www.islabonitalovefestival.es\/wp-content\/uploads\/2024\/07\/monica_cruz.jpg","contentUrl":"https:\/\/www.islabonitalovefestival.es\/wp-content\/uploads\/2024\/07\/monica_cruz.jpg","width":853,"height":1280},{"@type":"BreadcrumbList","@id":"https:\/\/www.islabonitalovefestival.es\/de\/2024\/07\/29\/monica-cruz-ehrengast-des-labels-isla-bonita-moda-auf-dem-isla-bonita-love-festival\/#breadcrumb","itemListElement":[{"@type":"ListItem","position":1,"name":"Portada","item":"https:\/\/www.islabonitalovefestival.es\/de\/"},{"@type":"ListItem","position":2,"name":"M\u00f3nica Cruz, Ehrengast des Labels Isla Bonita Moda auf dem Isla Bonita Love Festival"}]},{"@type":"WebSite","@id":"https:\/\/www.islabonitalovefestival.es\/#website","url":"https:\/\/www.islabonitalovefestival.es\/","name":"Isla Bonita Love Festival 2024","description":"Festival de la multiculturalidad que se celebrar\u00e1 del 22 al 28 de julio de 2024 en La Palma","publisher":{"@id":"https:\/\/www.islabonitalovefestival.es\/#organization"},"alternateName":"Love Festival 2024","potentialAction":[{"@type":"SearchAction","target":{"@type":"EntryPoint","urlTemplate":"https:\/\/www.islabonitalovefestival.es\/?s={search_term_string}"},"query-input":{"@type":"PropertyValueSpecification","valueRequired":true,"valueName":"search_term_string"}}],"inLanguage":"de"},{"@type":"Organization","@id":"https:\/\/www.islabonitalovefestival.es\/#organization","name":"Isla Bonita Love Festival La Palma 2024","alternateName":"Love Festival","url":"https:\/\/www.islabonitalovefestival.es\/","logo":{"@type":"ImageObject","inLanguage":"de","@id":"https:\/\/www.islabonitalovefestival.es\/#\/schema\/logo\/image\/","url":"https:\/\/www.islabonitalovefestival.es\/wp-content\/uploads\/2024\/03\/LF24_entrada.png","contentUrl":"https:\/\/www.islabonitalovefestival.es\/wp-content\/uploads\/2024\/03\/LF24_entrada.png","width":800,"height":800,"caption":"Isla Bonita Love Festival La Palma 2024"},"image":{"@id":"https:\/\/www.islabonitalovefestival.es\/#\/schema\/logo\/image\/"},"sameAs":["https:\/\/www.facebook.com\/islabonitalovefestival\/","https:\/\/x.com\/IslaBonitaLoveF","https:\/\/www.instagram.com\/islabonitalovefest\/","https:\/\/www.youtube.com\/channel\/UCT7DqYugOSkmQ9lWVL9UTJw"],"description":"Sociedad de Promoci\u00f3n y Desarrollo econ\u00f3mico y Social de La Palma, empresa p\u00fablica dependiente del Cabildo de La Palma","email":"info@sodepal.es","telephone":"922417323","legalName":"Sociedad de Promoci\u00f3n y Desarrollo Econ\u00f3mico de la isla de La Palma S.A.U.","publishingPrinciples":"https:\/\/www.islabonitalovefestival.es\/aviso-legal\/","ownershipFundingInfo":"https:\/\/www.islabonitalovefestival.es\/aviso-legal\/","actionableFeedbackPolicy":"https:\/\/www.islabonitalovefestival.es\/aviso-legal\/","correctionsPolicy":"https:\/\/www.islabonitalovefestival.es\/aviso-legal\/","ethicsPolicy":"https:\/\/www.islabonitalovefestival.es\/aviso-legal\/","diversityPolicy":"https:\/\/www.islabonitalovefestival.es\/aviso-legal\/","diversityStaffingReport":"https:\/\/www.islabonitalovefestival.es\/aviso-legal\/"},{"@type":"Person","@id":"https:\/\/www.islabonitalovefestival.es\/#\/schema\/person\/e8c1725efa520a7107e2625e272fb763","name":"admin"}]}},"_links":{"self":[{"href":"https:\/\/www.islabonitalovefestival.es\/de\/wp-json\/wp\/v2\/posts\/18938","targetHints":{"allow":["GET"]}}],"collection":[{"href":"https:\/\/www.islabonitalovefestival.es\/de\/wp-json\/wp\/v2\/posts"}],"about":[{"href":"https:\/\/www.islabonitalovefestival.es\/de\/wp-json\/wp\/v2\/types\/post"}],"author":[{"embeddable":true,"href":"https:\/\/www.islabonitalovefestival.es\/de\/wp-json\/wp\/v2\/users\/1"}],"replies":[{"embeddable":true,"href":"https:\/\/www.islabonitalovefestival.es\/de\/wp-json\/wp\/v2\/comments?post=18938"}],"version-history":[{"count":6,"href":"https:\/\/www.islabonitalovefestival.es\/de\/wp-json\/wp\/v2\/posts\/18938\/revisions"}],"predecessor-version":[{"id":18979,"href":"https:\/\/www.islabonitalovefestival.es\/de\/wp-json\/wp\/v2\/posts\/18938\/revisions\/18979"}],"wp:featuredmedia":[{"embeddable":true,"href":"https:\/\/www.islabonitalovefestival.es\/de\/wp-json\/wp\/v2\/media\/18946"}],"wp:attachment":[{"href":"https:\/\/www.islabonitalovefestival.es\/de\/wp-json\/wp\/v2\/media?parent=18938"}],"wp:term":[{"taxonomy":"category","embeddable":true,"href":"https:\/\/www.islabonitalovefestival.es\/de\/wp-json\/wp\/v2\/categories?post=18938"},{"taxonomy":"post_tag","embeddable":true,"href":"https:\/\/www.islabonitalovefestival.es\/de\/wp-json\/wp\/v2\/tags?post=18938"}],"curies":[{"name":"wp","href":"https:\/\/api.w.org\/{rel}","templated":true}]}}