{"id":17955,"date":"2024-07-04T19:49:12","date_gmt":"2024-07-04T18:49:12","guid":{"rendered":"https:\/\/www.islabonitalovefestival.es\/2024\/07\/04\/la-agenda-social-del-love-festival-pone-el-foco-en-la-defensa-de-los-derechos-de-los-colectivos-lgtbiq\/"},"modified":"2024-07-23T12:16:31","modified_gmt":"2024-07-23T11:16:31","slug":"love-festivals-social-agenda-focuses-on-the-defence-of-lgtbiq-rights","status":"publish","type":"post","link":"https:\/\/www.islabonitalovefestival.es\/en\/2024\/07\/04\/love-festivals-social-agenda-focuses-on-the-defence-of-lgtbiq-rights\/","title":{"rendered":"Love Festival&#8217;s Social Agenda focuses on the defence of LGTBIQ+ rights"},"content":{"rendered":"\t\t<div data-elementor-type=\"wp-post\" data-elementor-id=\"17955\" class=\"elementor elementor-17955\" data-elementor-post-type=\"post\">\n\t\t\t\t\t\t<section data-particle_enable=\"false\" data-particle-mobile-disabled=\"false\" class=\"elementor-section elementor-top-section elementor-element elementor-element-5d4592ee elementor-section-boxed elementor-section-height-default elementor-section-height-default\" data-id=\"5d4592ee\" data-element_type=\"section\" data-e-type=\"section\">\n\t\t\t\t\t\t<div class=\"elementor-container elementor-column-gap-default\">\n\t\t\t\t\t<div class=\"elementor-column elementor-col-100 elementor-top-column elementor-element elementor-element-329aa00\" data-id=\"329aa00\" data-element_type=\"column\" data-e-type=\"column\">\n\t\t\t<div class=\"elementor-widget-wrap elementor-element-populated\">\n\t\t\t\t\t\t<div class=\"elementor-element elementor-element-cf78c36 elementor-widget elementor-widget-text-editor\" data-id=\"cf78c36\" data-element_type=\"widget\" data-e-type=\"widget\" data-widget_type=\"text-editor.default\">\n\t\t\t\t<div class=\"elementor-widget-container\">\n\t\t\t\t\t\t\t\t\t<p>The Cabildo of La Palma, through the public company Sodepal, focuses on defending the rights of LGTBIQ+ groups during the celebration of the Social Agenda of the Isla Bonita Love Festival.<\/p><p>The president of the Cabildo, Sergio Rodr\u00edguez, highlighted during the presentation of the agenda that the Isla Bonita Love Festival, which will take place from July 23 to 27, is a project that goes far beyond music and culture, &#8220;as it has been demonstrating with the important social agenda that this event develops and with the values it transmits.&#8221;<\/p><p>Sergio Rodr\u00edguez emphasized respect for diversity and the defense of freedom so that everyone can be who they want to be and love without labels, something that &#8220;takes on even more relevance in these times, and its defense is a commitment of this group that governs the Cabildo insular.&#8221; Additionally, the president noted the importance of continuing to highlight the reality faced by people in the community &#8220;and the important role that administrations must play in creating spaces to address these situations and being drivers of social change that encompass the society we all seek.&#8221;<\/p><p>Sergio Rodr\u00edguez recalled that for the development of these social days, it has been essential to have the involvement of associations such as Violetas La Palma, Diversas, Gama, L\u00e1nzate, Altyli, and FELGT.<\/p><p>The CEO of Sodepal, Miriam Perestelo, emphasized that this festival serves as a platform to claim equal rights for the LGTBI+ community, in addition to becoming a symbol of struggle and activism in the Canary Islands, inspiring others to defend their rights and raise awareness. Miriam Perestelo indicated that the Social Agenda allows offering a meeting and support space for LGTBI+ people from all the islands, enabling them to connect, share experiences, and create a community.<\/p>\t\t\t\t\t\t\t\t<\/div>\n\t\t\t\t<\/div>\n\t\t\t\t<div class=\"elementor-element elementor-element-853dde9 elementor-widget elementor-widget-image\" data-id=\"853dde9\" data-element_type=\"widget\" data-e-type=\"widget\" data-widget_type=\"image.default\">\n\t\t\t\t<div class=\"elementor-widget-container\">\n\t\t\t\t\t\t\t\t\t\t\t\t\t\t\t\t<a href=\"https:\/\/www.islabonitalovefestival.es\/wp-content\/uploads\/2024\/07\/Agenda-Social-Love-Festival-2.jpg\" data-elementor-open-lightbox=\"yes\" data-elementor-lightbox-title=\"Agenda-Social-Love-Festival-2\" data-e-action-hash=\"#elementor-action%3Aaction%3Dlightbox%26settings%3DeyJpZCI6MTc4ODksInVybCI6Imh0dHBzOlwvXC93d3cuaXNsYWJvbml0YWxvdmVmZXN0aXZhbC5lc1wvd3AtY29udGVudFwvdXBsb2Fkc1wvMjAyNFwvMDdcL0FnZW5kYS1Tb2NpYWwtTG92ZS1GZXN0aXZhbC0yLndlYnAifQ%3D%3D\">\n\t\t\t\t\t\t\t<img fetchpriority=\"high\" decoding=\"async\" width=\"900\" height=\"675\" src=\"https:\/\/www.islabonitalovefestival.es\/wp-content\/uploads\/2024\/07\/Agenda-Social-Love-Festival-2.webp\" class=\"attachment-large size-large wp-image-17889\" alt=\"\" srcset=\"https:\/\/www.islabonitalovefestival.es\/wp-content\/uploads\/2024\/07\/Agenda-Social-Love-Festival-2.webp 900w, https:\/\/www.islabonitalovefestival.es\/wp-content\/uploads\/2024\/07\/Agenda-Social-Love-Festival-2-300x225.webp 300w, https:\/\/www.islabonitalovefestival.es\/wp-content\/uploads\/2024\/07\/Agenda-Social-Love-Festival-2-768x576.webp 768w\" sizes=\"(max-width: 900px) 100vw, 900px\" \/>\t\t\t\t\t\t\t\t<\/a>\n\t\t\t\t\t\t\t\t\t\t\t\t\t\t\t<\/div>\n\t\t\t\t<\/div>\n\t\t\t\t<div class=\"elementor-element elementor-element-edd2c89 elementor-widget elementor-widget-text-editor\" data-id=\"edd2c89\" data-element_type=\"widget\" data-e-type=\"widget\" data-widget_type=\"text-editor.default\">\n\t\t\t\t<div class=\"elementor-widget-container\">\n\t\t\t\t\t\t\t\t\t<p>The presence of role models for the community such as Bob Pop, Carla Antonelli, and Tazarte in a literary gathering, or Az\u00facar Moreno, Laura Terciado, and Topacio Fresh, helps to give visibility to these awareness-raising spaces. Additionally, Miriam Perestelo explained that there will be spaces to share around gastronomy and others to address island realities, the prevention of hate crimes against the community, the political and social convention, or debates on the challenges of justice in terms of equality.<\/p><p>The councilor also mentioned that the prepared program focuses on the defense of the community&#8217;s rights, in addition to generating an economic development space.<\/p><p>The Councilor for Social Welfare and Equality of the Los Llanos de Aridane City Council, Idaira P\u00e9rez, emphasized the set of events that \u201cplace us at the center of the debate on LGTBIQ+ realities,\u201d stressing that the event is a staunch defense of the rights of all people, regardless of their sexual orientation or gender identity; \u201cwithout looking at where you come from or where you are going.\u201d<\/p><p>For her part, the head of the Violetas Collective, Lilith Perestelo, highlighted the support provided by the institutions to develop this event, which values a social week that gives visibility to diverse families and the needs of the community.<\/p>\t\t\t\t\t\t\t\t<\/div>\n\t\t\t\t<\/div>\n\t\t\t\t<div class=\"elementor-element elementor-element-380c5ff elementor-button-success elementor-align-center elementor-widget elementor-widget-button\" data-id=\"380c5ff\" data-element_type=\"widget\" data-e-type=\"widget\" data-widget_type=\"button.default\">\n\t\t\t\t<div class=\"elementor-widget-container\">\n\t\t\t\t\t\t\t\t\t<div class=\"elementor-button-wrapper\">\n\t\t\t\t\t<a class=\"elementor-button elementor-button-link elementor-size-sm elementor-animation-shrink\" href=\"https:\/\/www.islabonitalovefestival.es\/en\/social-agenda\/\">\n\t\t\t\t\t\t<span class=\"elementor-button-content-wrapper\">\n\t\t\t\t\t\t<span class=\"elementor-button-icon\">\n\t\t\t\t<i aria-hidden=\"true\" class=\"far fa-calendar-alt\"><\/i>\t\t\t<\/span>\n\t\t\t\t\t\t\t\t\t<span class=\"elementor-button-text\">See social agenda<\/span>\n\t\t\t\t\t<\/span>\n\t\t\t\t\t<\/a>\n\t\t\t\t<\/div>\n\t\t\t\t\t\t\t\t<\/div>\n\t\t\t\t<\/div>\n\t\t\t\t\t<\/div>\n\t\t<\/div>\n\t\t\t\t\t<\/div>\n\t\t<\/section>\n\t\t\t\t<\/div>\n\t\t","protected":false},"excerpt":{"rendered":"<p>The Cabildo of La Palma, through the public company Sodepal, focuses on defending the rights of LGTBIQ+ groups during the celebration of the Social Agenda of the Isla Bonita Love Festival. The president of the Cabildo, Sergio Rodr\u00edguez, highlighted during the presentation of the agenda that the Isla Bonita Love Festival, which will take place &#8230; <a title=\"Love Festival&#8217;s Social Agenda focuses on the defence of LGTBIQ+ rights\" class=\"read-more\" href=\"https:\/\/www.islabonitalovefestival.es\/en\/2024\/07\/04\/love-festivals-social-agenda-focuses-on-the-defence-of-lgtbiq-rights\/\" aria-label=\"Read more about Love Festival&#8217;s Social Agenda focuses on the defence of LGTBIQ+ rights\">Read more<\/a><\/p>\n","protected":false},"author":1,"featured_media":17887,"comment_status":"closed","ping_status":"closed","sticky":false,"template":"","format":"standard","meta":{"footnotes":""},"categories":[233],"tags":[],"class_list":["post-17955","post","type-post","status-publish","format-standard","has-post-thumbnail","hentry","category-news-en"],"yoast_head":"<!-- This site is optimized with the Yoast SEO Premium plugin v22.0 (Yoast SEO v27.0) - https:\/\/yoast.com\/product\/yoast-seo-premium-wordpress\/ -->\n<title>Love Festival&#039;s Social Agenda focuses on the defence of LGTBIQ+ rights - Isla Bonita Love Festival<\/title>\n<meta name=\"robots\" content=\"noindex, follow\" \/>\n<meta property=\"og:locale\" content=\"en_US\" \/>\n<meta property=\"og:type\" content=\"article\" \/>\n<meta property=\"og:title\" content=\"Love Festival&#039;s Social Agenda focuses on the defence of LGTBIQ+ rights\" \/>\n<meta property=\"og:description\" content=\"The Cabildo of La Palma, through the public company Sodepal, focuses on defending the rights of LGTBIQ+ groups during the celebration of the Social Agenda of the Isla Bonita Love Festival. The president of the Cabildo, Sergio Rodr\u00edguez, highlighted during the presentation of the agenda that the Isla Bonita Love Festival, which will take place ... Read more\" \/>\n<meta property=\"og:url\" content=\"https:\/\/www.islabonitalovefestival.es\/en\/2024\/07\/04\/love-festivals-social-agenda-focuses-on-the-defence-of-lgtbiq-rights\/\" \/>\n<meta property=\"og:site_name\" content=\"Isla Bonita Love Festival\" \/>\n<meta property=\"article:publisher\" content=\"https:\/\/www.facebook.com\/islabonitalovefestival\/\" \/>\n<meta property=\"article:published_time\" content=\"2024-07-04T18:49:12+00:00\" \/>\n<meta property=\"article:modified_time\" content=\"2024-07-23T11:16:31+00:00\" \/>\n<meta property=\"og:image\" content=\"https:\/\/www.islabonitalovefestival.es\/wp-content\/uploads\/2024\/07\/PresentaciOn-Agenda-Social-Love-Festival.webp\" \/>\n\t<meta property=\"og:image:width\" content=\"900\" \/>\n\t<meta property=\"og:image:height\" content=\"675\" \/>\n\t<meta property=\"og:image:type\" content=\"image\/jpeg\" \/>\n<meta name=\"author\" content=\"admin\" \/>\n<meta name=\"twitter:card\" content=\"summary_large_image\" \/>\n<meta name=\"twitter:creator\" content=\"@IslaBonitaLoveF\" \/>\n<meta name=\"twitter:site\" content=\"@IslaBonitaLoveF\" \/>\n<script type=\"application\/ld+json\" class=\"yoast-schema-graph\">{\"@context\":\"https:\/\/schema.org\",\"@graph\":[{\"@type\":\"Article\",\"@id\":\"https:\/\/www.islabonitalovefestival.es\/en\/2024\/07\/04\/love-festivals-social-agenda-focuses-on-the-defence-of-lgtbiq-rights\/#article\",\"isPartOf\":{\"@id\":\"https:\/\/www.islabonitalovefestival.es\/en\/2024\/07\/04\/love-festivals-social-agenda-focuses-on-the-defence-of-lgtbiq-rights\/\"},\"author\":{\"name\":\"admin\",\"@id\":\"https:\/\/www.islabonitalovefestival.es\/#\/schema\/person\/e8c1725efa520a7107e2625e272fb763\"},\"headline\":\"Love Festival&#8217;s Social Agenda focuses on the defence of LGTBIQ+ rights\",\"datePublished\":\"2024-07-04T18:49:12+00:00\",\"dateModified\":\"2024-07-23T11:16:31+00:00\",\"mainEntityOfPage\":{\"@id\":\"https:\/\/www.islabonitalovefestival.es\/en\/2024\/07\/04\/love-festivals-social-agenda-focuses-on-the-defence-of-lgtbiq-rights\/\"},\"wordCount\":523,\"publisher\":{\"@id\":\"https:\/\/www.islabonitalovefestival.es\/#organization\"},\"image\":{\"@id\":\"https:\/\/www.islabonitalovefestival.es\/en\/2024\/07\/04\/love-festivals-social-agenda-focuses-on-the-defence-of-lgtbiq-rights\/#primaryimage\"},\"thumbnailUrl\":\"https:\/\/www.islabonitalovefestival.es\/wp-content\/uploads\/2024\/07\/PresentaciOn-Agenda-Social-Love-Festival.webp\",\"articleSection\":[\"News\"],\"inLanguage\":\"en-US\"},{\"@type\":\"WebPage\",\"@id\":\"https:\/\/www.islabonitalovefestival.es\/en\/2024\/07\/04\/love-festivals-social-agenda-focuses-on-the-defence-of-lgtbiq-rights\/\",\"url\":\"https:\/\/www.islabonitalovefestival.es\/en\/2024\/07\/04\/love-festivals-social-agenda-focuses-on-the-defence-of-lgtbiq-rights\/\",\"name\":\"Love Festival's Social Agenda focuses on the defence of LGTBIQ+ rights - Isla Bonita Love Festival\",\"isPartOf\":{\"@id\":\"https:\/\/www.islabonitalovefestival.es\/#website\"},\"primaryImageOfPage\":{\"@id\":\"https:\/\/www.islabonitalovefestival.es\/en\/2024\/07\/04\/love-festivals-social-agenda-focuses-on-the-defence-of-lgtbiq-rights\/#primaryimage\"},\"image\":{\"@id\":\"https:\/\/www.islabonitalovefestival.es\/en\/2024\/07\/04\/love-festivals-social-agenda-focuses-on-the-defence-of-lgtbiq-rights\/#primaryimage\"},\"thumbnailUrl\":\"https:\/\/www.islabonitalovefestival.es\/wp-content\/uploads\/2024\/07\/PresentaciOn-Agenda-Social-Love-Festival.webp\",\"datePublished\":\"2024-07-04T18:49:12+00:00\",\"dateModified\":\"2024-07-23T11:16:31+00:00\",\"breadcrumb\":{\"@id\":\"https:\/\/www.islabonitalovefestival.es\/en\/2024\/07\/04\/love-festivals-social-agenda-focuses-on-the-defence-of-lgtbiq-rights\/#breadcrumb\"},\"inLanguage\":\"en-US\",\"potentialAction\":[{\"@type\":\"ReadAction\",\"target\":[\"https:\/\/www.islabonitalovefestival.es\/en\/2024\/07\/04\/love-festivals-social-agenda-focuses-on-the-defence-of-lgtbiq-rights\/\"]}]},{\"@type\":\"ImageObject\",\"inLanguage\":\"en-US\",\"@id\":\"https:\/\/www.islabonitalovefestival.es\/en\/2024\/07\/04\/love-festivals-social-agenda-focuses-on-the-defence-of-lgtbiq-rights\/#primaryimage\",\"url\":\"https:\/\/www.islabonitalovefestival.es\/wp-content\/uploads\/2024\/07\/PresentaciOn-Agenda-Social-Love-Festival.webp\",\"contentUrl\":\"https:\/\/www.islabonitalovefestival.es\/wp-content\/uploads\/2024\/07\/PresentaciOn-Agenda-Social-Love-Festival.webp\",\"width\":900,\"height\":675},{\"@type\":\"BreadcrumbList\",\"@id\":\"https:\/\/www.islabonitalovefestival.es\/en\/2024\/07\/04\/love-festivals-social-agenda-focuses-on-the-defence-of-lgtbiq-rights\/#breadcrumb\",\"itemListElement\":[{\"@type\":\"ListItem\",\"position\":1,\"name\":\"Portada\",\"item\":\"https:\/\/www.islabonitalovefestival.es\/en\/\"},{\"@type\":\"ListItem\",\"position\":2,\"name\":\"Love Festival&#8217;s Social Agenda focuses on the defence of LGTBIQ+ rights\"}]},{\"@type\":\"WebSite\",\"@id\":\"https:\/\/www.islabonitalovefestival.es\/#website\",\"url\":\"https:\/\/www.islabonitalovefestival.es\/\",\"name\":\"Isla Bonita Love Festival 2024\",\"description\":\"Festival de la multiculturalidad que se celebrar\u00e1 del 22 al 28 de julio de 2024 en La Palma\",\"publisher\":{\"@id\":\"https:\/\/www.islabonitalovefestival.es\/#organization\"},\"alternateName\":\"Love Festival 2024\",\"potentialAction\":[{\"@type\":\"SearchAction\",\"target\":{\"@type\":\"EntryPoint\",\"urlTemplate\":\"https:\/\/www.islabonitalovefestival.es\/?s={search_term_string}\"},\"query-input\":{\"@type\":\"PropertyValueSpecification\",\"valueRequired\":true,\"valueName\":\"search_term_string\"}}],\"inLanguage\":\"en-US\"},{\"@type\":\"Organization\",\"@id\":\"https:\/\/www.islabonitalovefestival.es\/#organization\",\"name\":\"Isla Bonita Love Festival La Palma 2024\",\"alternateName\":\"Love Festival\",\"url\":\"https:\/\/www.islabonitalovefestival.es\/\",\"logo\":{\"@type\":\"ImageObject\",\"inLanguage\":\"en-US\",\"@id\":\"https:\/\/www.islabonitalovefestival.es\/#\/schema\/logo\/image\/\",\"url\":\"https:\/\/www.islabonitalovefestival.es\/wp-content\/uploads\/2024\/03\/LF24_entrada.png\",\"contentUrl\":\"https:\/\/www.islabonitalovefestival.es\/wp-content\/uploads\/2024\/03\/LF24_entrada.png\",\"width\":800,\"height\":800,\"caption\":\"Isla Bonita Love Festival La Palma 2024\"},\"image\":{\"@id\":\"https:\/\/www.islabonitalovefestival.es\/#\/schema\/logo\/image\/\"},\"sameAs\":[\"https:\/\/www.facebook.com\/islabonitalovefestival\/\",\"https:\/\/x.com\/IslaBonitaLoveF\",\"https:\/\/www.instagram.com\/islabonitalovefest\/\",\"https:\/\/www.youtube.com\/channel\/UCT7DqYugOSkmQ9lWVL9UTJw\"],\"description\":\"Sociedad de Promoci\u00f3n y Desarrollo econ\u00f3mico y Social de La Palma, empresa p\u00fablica dependiente del Cabildo de La Palma\",\"email\":\"info@sodepal.es\",\"telephone\":\"922417323\",\"legalName\":\"Sociedad de Promoci\u00f3n y Desarrollo Econ\u00f3mico de la isla de La Palma S.A.U.\",\"publishingPrinciples\":\"https:\/\/www.islabonitalovefestival.es\/aviso-legal\/\",\"ownershipFundingInfo\":\"https:\/\/www.islabonitalovefestival.es\/aviso-legal\/\",\"actionableFeedbackPolicy\":\"https:\/\/www.islabonitalovefestival.es\/aviso-legal\/\",\"correctionsPolicy\":\"https:\/\/www.islabonitalovefestival.es\/aviso-legal\/\",\"ethicsPolicy\":\"https:\/\/www.islabonitalovefestival.es\/aviso-legal\/\",\"diversityPolicy\":\"https:\/\/www.islabonitalovefestival.es\/aviso-legal\/\",\"diversityStaffingReport\":\"https:\/\/www.islabonitalovefestival.es\/aviso-legal\/\"},{\"@type\":\"Person\",\"@id\":\"https:\/\/www.islabonitalovefestival.es\/#\/schema\/person\/e8c1725efa520a7107e2625e272fb763\",\"name\":\"admin\"}]}<\/script>\n<!-- \/ Yoast SEO Premium plugin. -->","yoast_head_json":{"title":"Love Festival's Social Agenda focuses on the defence of LGTBIQ+ rights - Isla Bonita Love Festival","robots":{"index":"noindex","follow":"follow"},"og_locale":"en_US","og_type":"article","og_title":"Love Festival's Social Agenda focuses on the defence of LGTBIQ+ rights","og_description":"The Cabildo of La Palma, through the public company Sodepal, focuses on defending the rights of LGTBIQ+ groups during the celebration of the Social Agenda of the Isla Bonita Love Festival. The president of the Cabildo, Sergio Rodr\u00edguez, highlighted during the presentation of the agenda that the Isla Bonita Love Festival, which will take place ... Read more","og_url":"https:\/\/www.islabonitalovefestival.es\/en\/2024\/07\/04\/love-festivals-social-agenda-focuses-on-the-defence-of-lgtbiq-rights\/","og_site_name":"Isla Bonita Love Festival","article_publisher":"https:\/\/www.facebook.com\/islabonitalovefestival\/","article_published_time":"2024-07-04T18:49:12+00:00","article_modified_time":"2024-07-23T11:16:31+00:00","og_image":[{"width":900,"height":675,"url":"https:\/\/www.islabonitalovefestival.es\/wp-content\/uploads\/2024\/07\/PresentaciOn-Agenda-Social-Love-Festival.webp","type":"image\/jpeg"}],"author":"admin","twitter_card":"summary_large_image","twitter_creator":"@IslaBonitaLoveF","twitter_site":"@IslaBonitaLoveF","schema":{"@context":"https:\/\/schema.org","@graph":[{"@type":"Article","@id":"https:\/\/www.islabonitalovefestival.es\/en\/2024\/07\/04\/love-festivals-social-agenda-focuses-on-the-defence-of-lgtbiq-rights\/#article","isPartOf":{"@id":"https:\/\/www.islabonitalovefestival.es\/en\/2024\/07\/04\/love-festivals-social-agenda-focuses-on-the-defence-of-lgtbiq-rights\/"},"author":{"name":"admin","@id":"https:\/\/www.islabonitalovefestival.es\/#\/schema\/person\/e8c1725efa520a7107e2625e272fb763"},"headline":"Love Festival&#8217;s Social Agenda focuses on the defence of LGTBIQ+ rights","datePublished":"2024-07-04T18:49:12+00:00","dateModified":"2024-07-23T11:16:31+00:00","mainEntityOfPage":{"@id":"https:\/\/www.islabonitalovefestival.es\/en\/2024\/07\/04\/love-festivals-social-agenda-focuses-on-the-defence-of-lgtbiq-rights\/"},"wordCount":523,"publisher":{"@id":"https:\/\/www.islabonitalovefestival.es\/#organization"},"image":{"@id":"https:\/\/www.islabonitalovefestival.es\/en\/2024\/07\/04\/love-festivals-social-agenda-focuses-on-the-defence-of-lgtbiq-rights\/#primaryimage"},"thumbnailUrl":"https:\/\/www.islabonitalovefestival.es\/wp-content\/uploads\/2024\/07\/PresentaciOn-Agenda-Social-Love-Festival.webp","articleSection":["News"],"inLanguage":"en-US"},{"@type":"WebPage","@id":"https:\/\/www.islabonitalovefestival.es\/en\/2024\/07\/04\/love-festivals-social-agenda-focuses-on-the-defence-of-lgtbiq-rights\/","url":"https:\/\/www.islabonitalovefestival.es\/en\/2024\/07\/04\/love-festivals-social-agenda-focuses-on-the-defence-of-lgtbiq-rights\/","name":"Love Festival's Social Agenda focuses on the defence of LGTBIQ+ rights - Isla Bonita Love Festival","isPartOf":{"@id":"https:\/\/www.islabonitalovefestival.es\/#website"},"primaryImageOfPage":{"@id":"https:\/\/www.islabonitalovefestival.es\/en\/2024\/07\/04\/love-festivals-social-agenda-focuses-on-the-defence-of-lgtbiq-rights\/#primaryimage"},"image":{"@id":"https:\/\/www.islabonitalovefestival.es\/en\/2024\/07\/04\/love-festivals-social-agenda-focuses-on-the-defence-of-lgtbiq-rights\/#primaryimage"},"thumbnailUrl":"https:\/\/www.islabonitalovefestival.es\/wp-content\/uploads\/2024\/07\/PresentaciOn-Agenda-Social-Love-Festival.webp","datePublished":"2024-07-04T18:49:12+00:00","dateModified":"2024-07-23T11:16:31+00:00","breadcrumb":{"@id":"https:\/\/www.islabonitalovefestival.es\/en\/2024\/07\/04\/love-festivals-social-agenda-focuses-on-the-defence-of-lgtbiq-rights\/#breadcrumb"},"inLanguage":"en-US","potentialAction":[{"@type":"ReadAction","target":["https:\/\/www.islabonitalovefestival.es\/en\/2024\/07\/04\/love-festivals-social-agenda-focuses-on-the-defence-of-lgtbiq-rights\/"]}]},{"@type":"ImageObject","inLanguage":"en-US","@id":"https:\/\/www.islabonitalovefestival.es\/en\/2024\/07\/04\/love-festivals-social-agenda-focuses-on-the-defence-of-lgtbiq-rights\/#primaryimage","url":"https:\/\/www.islabonitalovefestival.es\/wp-content\/uploads\/2024\/07\/PresentaciOn-Agenda-Social-Love-Festival.webp","contentUrl":"https:\/\/www.islabonitalovefestival.es\/wp-content\/uploads\/2024\/07\/PresentaciOn-Agenda-Social-Love-Festival.webp","width":900,"height":675},{"@type":"BreadcrumbList","@id":"https:\/\/www.islabonitalovefestival.es\/en\/2024\/07\/04\/love-festivals-social-agenda-focuses-on-the-defence-of-lgtbiq-rights\/#breadcrumb","itemListElement":[{"@type":"ListItem","position":1,"name":"Portada","item":"https:\/\/www.islabonitalovefestival.es\/en\/"},{"@type":"ListItem","position":2,"name":"Love Festival&#8217;s Social Agenda focuses on the defence of LGTBIQ+ rights"}]},{"@type":"WebSite","@id":"https:\/\/www.islabonitalovefestival.es\/#website","url":"https:\/\/www.islabonitalovefestival.es\/","name":"Isla Bonita Love Festival 2024","description":"Festival de la multiculturalidad que se celebrar\u00e1 del 22 al 28 de julio de 2024 en La Palma","publisher":{"@id":"https:\/\/www.islabonitalovefestival.es\/#organization"},"alternateName":"Love Festival 2024","potentialAction":[{"@type":"SearchAction","target":{"@type":"EntryPoint","urlTemplate":"https:\/\/www.islabonitalovefestival.es\/?s={search_term_string}"},"query-input":{"@type":"PropertyValueSpecification","valueRequired":true,"valueName":"search_term_string"}}],"inLanguage":"en-US"},{"@type":"Organization","@id":"https:\/\/www.islabonitalovefestival.es\/#organization","name":"Isla Bonita Love Festival La Palma 2024","alternateName":"Love Festival","url":"https:\/\/www.islabonitalovefestival.es\/","logo":{"@type":"ImageObject","inLanguage":"en-US","@id":"https:\/\/www.islabonitalovefestival.es\/#\/schema\/logo\/image\/","url":"https:\/\/www.islabonitalovefestival.es\/wp-content\/uploads\/2024\/03\/LF24_entrada.png","contentUrl":"https:\/\/www.islabonitalovefestival.es\/wp-content\/uploads\/2024\/03\/LF24_entrada.png","width":800,"height":800,"caption":"Isla Bonita Love Festival La Palma 2024"},"image":{"@id":"https:\/\/www.islabonitalovefestival.es\/#\/schema\/logo\/image\/"},"sameAs":["https:\/\/www.facebook.com\/islabonitalovefestival\/","https:\/\/x.com\/IslaBonitaLoveF","https:\/\/www.instagram.com\/islabonitalovefest\/","https:\/\/www.youtube.com\/channel\/UCT7DqYugOSkmQ9lWVL9UTJw"],"description":"Sociedad de Promoci\u00f3n y Desarrollo econ\u00f3mico y Social de La Palma, empresa p\u00fablica dependiente del Cabildo de La Palma","email":"info@sodepal.es","telephone":"922417323","legalName":"Sociedad de Promoci\u00f3n y Desarrollo Econ\u00f3mico de la isla de La Palma S.A.U.","publishingPrinciples":"https:\/\/www.islabonitalovefestival.es\/aviso-legal\/","ownershipFundingInfo":"https:\/\/www.islabonitalovefestival.es\/aviso-legal\/","actionableFeedbackPolicy":"https:\/\/www.islabonitalovefestival.es\/aviso-legal\/","correctionsPolicy":"https:\/\/www.islabonitalovefestival.es\/aviso-legal\/","ethicsPolicy":"https:\/\/www.islabonitalovefestival.es\/aviso-legal\/","diversityPolicy":"https:\/\/www.islabonitalovefestival.es\/aviso-legal\/","diversityStaffingReport":"https:\/\/www.islabonitalovefestival.es\/aviso-legal\/"},{"@type":"Person","@id":"https:\/\/www.islabonitalovefestival.es\/#\/schema\/person\/e8c1725efa520a7107e2625e272fb763","name":"admin"}]}},"_links":{"self":[{"href":"https:\/\/www.islabonitalovefestival.es\/en\/wp-json\/wp\/v2\/posts\/17955","targetHints":{"allow":["GET"]}}],"collection":[{"href":"https:\/\/www.islabonitalovefestival.es\/en\/wp-json\/wp\/v2\/posts"}],"about":[{"href":"https:\/\/www.islabonitalovefestival.es\/en\/wp-json\/wp\/v2\/types\/post"}],"author":[{"embeddable":true,"href":"https:\/\/www.islabonitalovefestival.es\/en\/wp-json\/wp\/v2\/users\/1"}],"replies":[{"embeddable":true,"href":"https:\/\/www.islabonitalovefestival.es\/en\/wp-json\/wp\/v2\/comments?post=17955"}],"version-history":[{"count":4,"href":"https:\/\/www.islabonitalovefestival.es\/en\/wp-json\/wp\/v2\/posts\/17955\/revisions"}],"predecessor-version":[{"id":18004,"href":"https:\/\/www.islabonitalovefestival.es\/en\/wp-json\/wp\/v2\/posts\/17955\/revisions\/18004"}],"wp:featuredmedia":[{"embeddable":true,"href":"https:\/\/www.islabonitalovefestival.es\/en\/wp-json\/wp\/v2\/media\/17887"}],"wp:attachment":[{"href":"https:\/\/www.islabonitalovefestival.es\/en\/wp-json\/wp\/v2\/media?parent=17955"}],"wp:term":[{"taxonomy":"category","embeddable":true,"href":"https:\/\/www.islabonitalovefestival.es\/en\/wp-json\/wp\/v2\/categories?post=17955"},{"taxonomy":"post_tag","embeddable":true,"href":"https:\/\/www.islabonitalovefestival.es\/en\/wp-json\/wp\/v2\/tags?post=17955"}],"curies":[{"name":"wp","href":"https:\/\/api.w.org\/{rel}","templated":true}]}}