{"id":18339,"date":"2024-07-21T19:31:32","date_gmt":"2024-07-21T18:31:32","guid":{"rendered":"https:\/\/www.islabonitalovefestival.es\/?p=18339"},"modified":"2024-07-23T12:15:40","modified_gmt":"2024-07-23T11:15:40","slug":"the-isla-bonita-love-festival-makes-the-experiences-of-the-lgtbiq-community-visible-with-the-meeting-island-realities","status":"publish","type":"post","link":"https:\/\/www.islabonitalovefestival.es\/en\/2024\/07\/21\/the-isla-bonita-love-festival-makes-the-experiences-of-the-lgtbiq-community-visible-with-the-meeting-island-realities\/","title":{"rendered":"The Isla Bonita Love Festival makes the experiences of the LGTBIQ+ community visible with the meeting \u2018Island Realities\u2019."},"content":{"rendered":"\t\t<div data-elementor-type=\"wp-post\" data-elementor-id=\"18339\" class=\"elementor elementor-18339\" data-elementor-post-type=\"post\">\n\t\t\t\t\t\t<section data-particle_enable=\"false\" data-particle-mobile-disabled=\"false\" class=\"elementor-section elementor-top-section elementor-element elementor-element-5d4592ee elementor-section-boxed elementor-section-height-default elementor-section-height-default\" data-id=\"5d4592ee\" data-element_type=\"section\" data-e-type=\"section\">\n\t\t\t\t\t\t<div class=\"elementor-container elementor-column-gap-default\">\n\t\t\t\t\t<div class=\"elementor-column elementor-col-100 elementor-top-column elementor-element elementor-element-329aa00\" data-id=\"329aa00\" data-element_type=\"column\" data-e-type=\"column\">\n\t\t\t<div class=\"elementor-widget-wrap elementor-element-populated\">\n\t\t\t\t\t\t<div class=\"elementor-element elementor-element-cf78c36 elementor-widget elementor-widget-text-editor\" data-id=\"cf78c36\" data-element_type=\"widget\" data-e-type=\"widget\" data-widget_type=\"text-editor.default\">\n\t\t\t\t<div class=\"elementor-widget-container\">\n\t\t\t\t\t\t\t\t\t<div class=\"field field--name-field-noticias-entradilla field--type-text-long field--label-hidden field--item\"><div class=\"field field--name-field-noticias-entradilla field--type-text-long field--label-hidden field--item\"><p>The Isla Bonita Love Festival, managed by the public company Sodepal of the Cabildo de La Palma, seeks to make the experiences of the LGTBIQ+ collective visible through a round table discussion called Island Realities, which will be held on Tuesday, 23 July, in the Casa de la Cultura in Los Llanos de Aridane, starting at 12:00 noon.<\/p><p>At the event, a diagnosis will be made of the progress, needs and commitments of this group on the island of La Palma, with the aim of studying possible improvements to be made in order to increase the welfare of the people involved.<\/p><p>The Cabildo de La Palma stresses the need to join forces in search of the full happiness of the LGBTIQ+ collective. For this reason, activities such as the round table Insular Realities, benefit the contribution of ideas with the aim of achieving progress in this area.<\/p><p>It is worth highlighting the participation of different LGTBIQ+ associations at regional level in the round table, which is a great opportunity to share ideas between the different islands, all in favour of continuing to make progress in the social aspect.<\/p><p>This is the first meeting in which the Garo\u00e9 association, recently born on the island of El Hierro, participates, which is a very important social advance for the green islands that La Palma led seven years ago. This advance was born from the Social Strategy of the Isla Bonita Love Festival, whose commitment has been renewed in this edition.<\/p><p>In addition to Garo\u00e9, representatives of the association Violetas LGTBi from La Palma, L\u00e1nzate, the LGTBI association of Lanzarote, Altihy from Fuerteventura and Diversas from the north of Tenerife will also take part in the Insular Realities meeting. Also present will be the president of the State Federation LGTBI+, Uge Sangil, and the Canarian Association of Anthropology.<\/p><\/div><\/div>\t\t\t\t\t\t\t\t<\/div>\n\t\t\t\t<\/div>\n\t\t\t\t\t<\/div>\n\t\t<\/div>\n\t\t\t\t\t<\/div>\n\t\t<\/section>\n\t\t\t\t<\/div>\n\t\t","protected":false},"excerpt":{"rendered":"<p>The Isla Bonita Love Festival, managed by the public company Sodepal of the Cabildo de La Palma, seeks to make the experiences of the LGTBIQ+ collective visible through a round table discussion called Island Realities, which will be held on Tuesday, 23 July, in the Casa de la Cultura in Los Llanos de Aridane, starting &#8230; <a title=\"The Isla Bonita Love Festival makes the experiences of the LGTBIQ+ community visible with the meeting \u2018Island Realities\u2019.\" class=\"read-more\" href=\"https:\/\/www.islabonitalovefestival.es\/en\/2024\/07\/21\/the-isla-bonita-love-festival-makes-the-experiences-of-the-lgtbiq-community-visible-with-the-meeting-island-realities\/\" aria-label=\"Read more about The Isla Bonita Love Festival makes the experiences of the LGTBIQ+ community visible with the meeting \u2018Island Realities\u2019.\">Read more<\/a><\/p>\n","protected":false},"author":1,"featured_media":18342,"comment_status":"closed","ping_status":"closed","sticky":false,"template":"","format":"standard","meta":{"footnotes":""},"categories":[233],"tags":[],"class_list":["post-18339","post","type-post","status-publish","format-standard","has-post-thumbnail","hentry","category-news-en"],"yoast_head":"<!-- This site is optimized with the Yoast SEO Premium plugin v22.0 (Yoast SEO v27.0) - https:\/\/yoast.com\/product\/yoast-seo-premium-wordpress\/ -->\n<title>The Isla Bonita Love Festival makes the experiences of the LGTBIQ+ community visible with the meeting \u2018Island Realities\u2019. - Isla Bonita Love Festival<\/title>\n<meta name=\"robots\" content=\"noindex, follow\" \/>\n<meta property=\"og:locale\" content=\"en_US\" \/>\n<meta property=\"og:type\" content=\"article\" \/>\n<meta property=\"og:title\" content=\"The Isla Bonita Love Festival makes the experiences of the LGTBIQ+ community visible with the meeting \u2018Island Realities\u2019.\" \/>\n<meta property=\"og:description\" content=\"The Isla Bonita Love Festival, managed by the public company Sodepal of the Cabildo de La Palma, seeks to make the experiences of the LGTBIQ+ collective visible through a round table discussion called Island Realities, which will be held on Tuesday, 23 July, in the Casa de la Cultura in Los Llanos de Aridane, starting ... Read more\" \/>\n<meta property=\"og:url\" content=\"https:\/\/www.islabonitalovefestival.es\/en\/2024\/07\/21\/the-isla-bonita-love-festival-makes-the-experiences-of-the-lgtbiq-community-visible-with-the-meeting-island-realities\/\" \/>\n<meta property=\"og:site_name\" content=\"Isla Bonita Love Festival\" \/>\n<meta property=\"article:publisher\" content=\"https:\/\/www.facebook.com\/islabonitalovefestival\/\" \/>\n<meta property=\"article:published_time\" content=\"2024-07-21T18:31:32+00:00\" \/>\n<meta property=\"article:modified_time\" content=\"2024-07-23T11:15:40+00:00\" \/>\n<meta property=\"og:image\" content=\"https:\/\/www.islabonitalovefestival.es\/wp-content\/uploads\/2024\/07\/Realidades_insultares.jpeg\" \/>\n\t<meta property=\"og:image:width\" content=\"1600\" \/>\n\t<meta property=\"og:image:height\" content=\"1600\" \/>\n\t<meta property=\"og:image:type\" content=\"image\/jpeg\" \/>\n<meta name=\"author\" content=\"admin\" \/>\n<meta name=\"twitter:card\" content=\"summary_large_image\" \/>\n<meta name=\"twitter:creator\" content=\"@IslaBonitaLoveF\" \/>\n<meta name=\"twitter:site\" content=\"@IslaBonitaLoveF\" \/>\n<script type=\"application\/ld+json\" class=\"yoast-schema-graph\">{\"@context\":\"https:\/\/schema.org\",\"@graph\":[{\"@type\":\"Article\",\"@id\":\"https:\/\/www.islabonitalovefestival.es\/en\/2024\/07\/21\/the-isla-bonita-love-festival-makes-the-experiences-of-the-lgtbiq-community-visible-with-the-meeting-island-realities\/#article\",\"isPartOf\":{\"@id\":\"https:\/\/www.islabonitalovefestival.es\/en\/2024\/07\/21\/the-isla-bonita-love-festival-makes-the-experiences-of-the-lgtbiq-community-visible-with-the-meeting-island-realities\/\"},\"author\":{\"name\":\"admin\",\"@id\":\"https:\/\/www.islabonitalovefestival.es\/#\/schema\/person\/e8c1725efa520a7107e2625e272fb763\"},\"headline\":\"The Isla Bonita Love Festival makes the experiences of the LGTBIQ+ community visible with the meeting \u2018Island Realities\u2019.\",\"datePublished\":\"2024-07-21T18:31:32+00:00\",\"dateModified\":\"2024-07-23T11:15:40+00:00\",\"mainEntityOfPage\":{\"@id\":\"https:\/\/www.islabonitalovefestival.es\/en\/2024\/07\/21\/the-isla-bonita-love-festival-makes-the-experiences-of-the-lgtbiq-community-visible-with-the-meeting-island-realities\/\"},\"wordCount\":321,\"publisher\":{\"@id\":\"https:\/\/www.islabonitalovefestival.es\/#organization\"},\"image\":{\"@id\":\"https:\/\/www.islabonitalovefestival.es\/en\/2024\/07\/21\/the-isla-bonita-love-festival-makes-the-experiences-of-the-lgtbiq-community-visible-with-the-meeting-island-realities\/#primaryimage\"},\"thumbnailUrl\":\"https:\/\/www.islabonitalovefestival.es\/wp-content\/uploads\/2024\/07\/Realidades_insultares.jpeg\",\"articleSection\":[\"News\"],\"inLanguage\":\"en-US\"},{\"@type\":\"WebPage\",\"@id\":\"https:\/\/www.islabonitalovefestival.es\/en\/2024\/07\/21\/the-isla-bonita-love-festival-makes-the-experiences-of-the-lgtbiq-community-visible-with-the-meeting-island-realities\/\",\"url\":\"https:\/\/www.islabonitalovefestival.es\/en\/2024\/07\/21\/the-isla-bonita-love-festival-makes-the-experiences-of-the-lgtbiq-community-visible-with-the-meeting-island-realities\/\",\"name\":\"The Isla Bonita Love Festival makes the experiences of the LGTBIQ+ community visible with the meeting \u2018Island Realities\u2019. - Isla Bonita Love Festival\",\"isPartOf\":{\"@id\":\"https:\/\/www.islabonitalovefestival.es\/#website\"},\"primaryImageOfPage\":{\"@id\":\"https:\/\/www.islabonitalovefestival.es\/en\/2024\/07\/21\/the-isla-bonita-love-festival-makes-the-experiences-of-the-lgtbiq-community-visible-with-the-meeting-island-realities\/#primaryimage\"},\"image\":{\"@id\":\"https:\/\/www.islabonitalovefestival.es\/en\/2024\/07\/21\/the-isla-bonita-love-festival-makes-the-experiences-of-the-lgtbiq-community-visible-with-the-meeting-island-realities\/#primaryimage\"},\"thumbnailUrl\":\"https:\/\/www.islabonitalovefestival.es\/wp-content\/uploads\/2024\/07\/Realidades_insultares.jpeg\",\"datePublished\":\"2024-07-21T18:31:32+00:00\",\"dateModified\":\"2024-07-23T11:15:40+00:00\",\"breadcrumb\":{\"@id\":\"https:\/\/www.islabonitalovefestival.es\/en\/2024\/07\/21\/the-isla-bonita-love-festival-makes-the-experiences-of-the-lgtbiq-community-visible-with-the-meeting-island-realities\/#breadcrumb\"},\"inLanguage\":\"en-US\",\"potentialAction\":[{\"@type\":\"ReadAction\",\"target\":[\"https:\/\/www.islabonitalovefestival.es\/en\/2024\/07\/21\/the-isla-bonita-love-festival-makes-the-experiences-of-the-lgtbiq-community-visible-with-the-meeting-island-realities\/\"]}]},{\"@type\":\"ImageObject\",\"inLanguage\":\"en-US\",\"@id\":\"https:\/\/www.islabonitalovefestival.es\/en\/2024\/07\/21\/the-isla-bonita-love-festival-makes-the-experiences-of-the-lgtbiq-community-visible-with-the-meeting-island-realities\/#primaryimage\",\"url\":\"https:\/\/www.islabonitalovefestival.es\/wp-content\/uploads\/2024\/07\/Realidades_insultares.jpeg\",\"contentUrl\":\"https:\/\/www.islabonitalovefestival.es\/wp-content\/uploads\/2024\/07\/Realidades_insultares.jpeg\",\"width\":1600,\"height\":1600},{\"@type\":\"BreadcrumbList\",\"@id\":\"https:\/\/www.islabonitalovefestival.es\/en\/2024\/07\/21\/the-isla-bonita-love-festival-makes-the-experiences-of-the-lgtbiq-community-visible-with-the-meeting-island-realities\/#breadcrumb\",\"itemListElement\":[{\"@type\":\"ListItem\",\"position\":1,\"name\":\"Portada\",\"item\":\"https:\/\/www.islabonitalovefestival.es\/en\/\"},{\"@type\":\"ListItem\",\"position\":2,\"name\":\"The Isla Bonita Love Festival makes the experiences of the LGTBIQ+ community visible with the meeting \u2018Island Realities\u2019.\"}]},{\"@type\":\"WebSite\",\"@id\":\"https:\/\/www.islabonitalovefestival.es\/#website\",\"url\":\"https:\/\/www.islabonitalovefestival.es\/\",\"name\":\"Isla Bonita Love Festival 2024\",\"description\":\"Festival de la multiculturalidad que se celebrar\u00e1 del 22 al 28 de julio de 2024 en La Palma\",\"publisher\":{\"@id\":\"https:\/\/www.islabonitalovefestival.es\/#organization\"},\"alternateName\":\"Love Festival 2024\",\"potentialAction\":[{\"@type\":\"SearchAction\",\"target\":{\"@type\":\"EntryPoint\",\"urlTemplate\":\"https:\/\/www.islabonitalovefestival.es\/?s={search_term_string}\"},\"query-input\":{\"@type\":\"PropertyValueSpecification\",\"valueRequired\":true,\"valueName\":\"search_term_string\"}}],\"inLanguage\":\"en-US\"},{\"@type\":\"Organization\",\"@id\":\"https:\/\/www.islabonitalovefestival.es\/#organization\",\"name\":\"Isla Bonita Love Festival La Palma 2024\",\"alternateName\":\"Love Festival\",\"url\":\"https:\/\/www.islabonitalovefestival.es\/\",\"logo\":{\"@type\":\"ImageObject\",\"inLanguage\":\"en-US\",\"@id\":\"https:\/\/www.islabonitalovefestival.es\/#\/schema\/logo\/image\/\",\"url\":\"https:\/\/www.islabonitalovefestival.es\/wp-content\/uploads\/2024\/03\/LF24_entrada.png\",\"contentUrl\":\"https:\/\/www.islabonitalovefestival.es\/wp-content\/uploads\/2024\/03\/LF24_entrada.png\",\"width\":800,\"height\":800,\"caption\":\"Isla Bonita Love Festival La Palma 2024\"},\"image\":{\"@id\":\"https:\/\/www.islabonitalovefestival.es\/#\/schema\/logo\/image\/\"},\"sameAs\":[\"https:\/\/www.facebook.com\/islabonitalovefestival\/\",\"https:\/\/x.com\/IslaBonitaLoveF\",\"https:\/\/www.instagram.com\/islabonitalovefest\/\",\"https:\/\/www.youtube.com\/channel\/UCT7DqYugOSkmQ9lWVL9UTJw\"],\"description\":\"Sociedad de Promoci\u00f3n y Desarrollo econ\u00f3mico y Social de La Palma, empresa p\u00fablica dependiente del Cabildo de La Palma\",\"email\":\"info@sodepal.es\",\"telephone\":\"922417323\",\"legalName\":\"Sociedad de Promoci\u00f3n y Desarrollo Econ\u00f3mico de la isla de La Palma S.A.U.\",\"publishingPrinciples\":\"https:\/\/www.islabonitalovefestival.es\/aviso-legal\/\",\"ownershipFundingInfo\":\"https:\/\/www.islabonitalovefestival.es\/aviso-legal\/\",\"actionableFeedbackPolicy\":\"https:\/\/www.islabonitalovefestival.es\/aviso-legal\/\",\"correctionsPolicy\":\"https:\/\/www.islabonitalovefestival.es\/aviso-legal\/\",\"ethicsPolicy\":\"https:\/\/www.islabonitalovefestival.es\/aviso-legal\/\",\"diversityPolicy\":\"https:\/\/www.islabonitalovefestival.es\/aviso-legal\/\",\"diversityStaffingReport\":\"https:\/\/www.islabonitalovefestival.es\/aviso-legal\/\"},{\"@type\":\"Person\",\"@id\":\"https:\/\/www.islabonitalovefestival.es\/#\/schema\/person\/e8c1725efa520a7107e2625e272fb763\",\"name\":\"admin\"}]}<\/script>\n<!-- \/ Yoast SEO Premium plugin. -->","yoast_head_json":{"title":"The Isla Bonita Love Festival makes the experiences of the LGTBIQ+ community visible with the meeting \u2018Island Realities\u2019. - Isla Bonita Love Festival","robots":{"index":"noindex","follow":"follow"},"og_locale":"en_US","og_type":"article","og_title":"The Isla Bonita Love Festival makes the experiences of the LGTBIQ+ community visible with the meeting \u2018Island Realities\u2019.","og_description":"The Isla Bonita Love Festival, managed by the public company Sodepal of the Cabildo de La Palma, seeks to make the experiences of the LGTBIQ+ collective visible through a round table discussion called Island Realities, which will be held on Tuesday, 23 July, in the Casa de la Cultura in Los Llanos de Aridane, starting ... Read more","og_url":"https:\/\/www.islabonitalovefestival.es\/en\/2024\/07\/21\/the-isla-bonita-love-festival-makes-the-experiences-of-the-lgtbiq-community-visible-with-the-meeting-island-realities\/","og_site_name":"Isla Bonita Love Festival","article_publisher":"https:\/\/www.facebook.com\/islabonitalovefestival\/","article_published_time":"2024-07-21T18:31:32+00:00","article_modified_time":"2024-07-23T11:15:40+00:00","og_image":[{"width":1600,"height":1600,"url":"https:\/\/www.islabonitalovefestival.es\/wp-content\/uploads\/2024\/07\/Realidades_insultares.jpeg","type":"image\/jpeg"}],"author":"admin","twitter_card":"summary_large_image","twitter_creator":"@IslaBonitaLoveF","twitter_site":"@IslaBonitaLoveF","schema":{"@context":"https:\/\/schema.org","@graph":[{"@type":"Article","@id":"https:\/\/www.islabonitalovefestival.es\/en\/2024\/07\/21\/the-isla-bonita-love-festival-makes-the-experiences-of-the-lgtbiq-community-visible-with-the-meeting-island-realities\/#article","isPartOf":{"@id":"https:\/\/www.islabonitalovefestival.es\/en\/2024\/07\/21\/the-isla-bonita-love-festival-makes-the-experiences-of-the-lgtbiq-community-visible-with-the-meeting-island-realities\/"},"author":{"name":"admin","@id":"https:\/\/www.islabonitalovefestival.es\/#\/schema\/person\/e8c1725efa520a7107e2625e272fb763"},"headline":"The Isla Bonita Love Festival makes the experiences of the LGTBIQ+ community visible with the meeting \u2018Island Realities\u2019.","datePublished":"2024-07-21T18:31:32+00:00","dateModified":"2024-07-23T11:15:40+00:00","mainEntityOfPage":{"@id":"https:\/\/www.islabonitalovefestival.es\/en\/2024\/07\/21\/the-isla-bonita-love-festival-makes-the-experiences-of-the-lgtbiq-community-visible-with-the-meeting-island-realities\/"},"wordCount":321,"publisher":{"@id":"https:\/\/www.islabonitalovefestival.es\/#organization"},"image":{"@id":"https:\/\/www.islabonitalovefestival.es\/en\/2024\/07\/21\/the-isla-bonita-love-festival-makes-the-experiences-of-the-lgtbiq-community-visible-with-the-meeting-island-realities\/#primaryimage"},"thumbnailUrl":"https:\/\/www.islabonitalovefestival.es\/wp-content\/uploads\/2024\/07\/Realidades_insultares.jpeg","articleSection":["News"],"inLanguage":"en-US"},{"@type":"WebPage","@id":"https:\/\/www.islabonitalovefestival.es\/en\/2024\/07\/21\/the-isla-bonita-love-festival-makes-the-experiences-of-the-lgtbiq-community-visible-with-the-meeting-island-realities\/","url":"https:\/\/www.islabonitalovefestival.es\/en\/2024\/07\/21\/the-isla-bonita-love-festival-makes-the-experiences-of-the-lgtbiq-community-visible-with-the-meeting-island-realities\/","name":"The Isla Bonita Love Festival makes the experiences of the LGTBIQ+ community visible with the meeting \u2018Island Realities\u2019. - Isla Bonita Love Festival","isPartOf":{"@id":"https:\/\/www.islabonitalovefestival.es\/#website"},"primaryImageOfPage":{"@id":"https:\/\/www.islabonitalovefestival.es\/en\/2024\/07\/21\/the-isla-bonita-love-festival-makes-the-experiences-of-the-lgtbiq-community-visible-with-the-meeting-island-realities\/#primaryimage"},"image":{"@id":"https:\/\/www.islabonitalovefestival.es\/en\/2024\/07\/21\/the-isla-bonita-love-festival-makes-the-experiences-of-the-lgtbiq-community-visible-with-the-meeting-island-realities\/#primaryimage"},"thumbnailUrl":"https:\/\/www.islabonitalovefestival.es\/wp-content\/uploads\/2024\/07\/Realidades_insultares.jpeg","datePublished":"2024-07-21T18:31:32+00:00","dateModified":"2024-07-23T11:15:40+00:00","breadcrumb":{"@id":"https:\/\/www.islabonitalovefestival.es\/en\/2024\/07\/21\/the-isla-bonita-love-festival-makes-the-experiences-of-the-lgtbiq-community-visible-with-the-meeting-island-realities\/#breadcrumb"},"inLanguage":"en-US","potentialAction":[{"@type":"ReadAction","target":["https:\/\/www.islabonitalovefestival.es\/en\/2024\/07\/21\/the-isla-bonita-love-festival-makes-the-experiences-of-the-lgtbiq-community-visible-with-the-meeting-island-realities\/"]}]},{"@type":"ImageObject","inLanguage":"en-US","@id":"https:\/\/www.islabonitalovefestival.es\/en\/2024\/07\/21\/the-isla-bonita-love-festival-makes-the-experiences-of-the-lgtbiq-community-visible-with-the-meeting-island-realities\/#primaryimage","url":"https:\/\/www.islabonitalovefestival.es\/wp-content\/uploads\/2024\/07\/Realidades_insultares.jpeg","contentUrl":"https:\/\/www.islabonitalovefestival.es\/wp-content\/uploads\/2024\/07\/Realidades_insultares.jpeg","width":1600,"height":1600},{"@type":"BreadcrumbList","@id":"https:\/\/www.islabonitalovefestival.es\/en\/2024\/07\/21\/the-isla-bonita-love-festival-makes-the-experiences-of-the-lgtbiq-community-visible-with-the-meeting-island-realities\/#breadcrumb","itemListElement":[{"@type":"ListItem","position":1,"name":"Portada","item":"https:\/\/www.islabonitalovefestival.es\/en\/"},{"@type":"ListItem","position":2,"name":"The Isla Bonita Love Festival makes the experiences of the LGTBIQ+ community visible with the meeting \u2018Island Realities\u2019."}]},{"@type":"WebSite","@id":"https:\/\/www.islabonitalovefestival.es\/#website","url":"https:\/\/www.islabonitalovefestival.es\/","name":"Isla Bonita Love Festival 2024","description":"Festival de la multiculturalidad que se celebrar\u00e1 del 22 al 28 de julio de 2024 en La Palma","publisher":{"@id":"https:\/\/www.islabonitalovefestival.es\/#organization"},"alternateName":"Love Festival 2024","potentialAction":[{"@type":"SearchAction","target":{"@type":"EntryPoint","urlTemplate":"https:\/\/www.islabonitalovefestival.es\/?s={search_term_string}"},"query-input":{"@type":"PropertyValueSpecification","valueRequired":true,"valueName":"search_term_string"}}],"inLanguage":"en-US"},{"@type":"Organization","@id":"https:\/\/www.islabonitalovefestival.es\/#organization","name":"Isla Bonita Love Festival La Palma 2024","alternateName":"Love Festival","url":"https:\/\/www.islabonitalovefestival.es\/","logo":{"@type":"ImageObject","inLanguage":"en-US","@id":"https:\/\/www.islabonitalovefestival.es\/#\/schema\/logo\/image\/","url":"https:\/\/www.islabonitalovefestival.es\/wp-content\/uploads\/2024\/03\/LF24_entrada.png","contentUrl":"https:\/\/www.islabonitalovefestival.es\/wp-content\/uploads\/2024\/03\/LF24_entrada.png","width":800,"height":800,"caption":"Isla Bonita Love Festival La Palma 2024"},"image":{"@id":"https:\/\/www.islabonitalovefestival.es\/#\/schema\/logo\/image\/"},"sameAs":["https:\/\/www.facebook.com\/islabonitalovefestival\/","https:\/\/x.com\/IslaBonitaLoveF","https:\/\/www.instagram.com\/islabonitalovefest\/","https:\/\/www.youtube.com\/channel\/UCT7DqYugOSkmQ9lWVL9UTJw"],"description":"Sociedad de Promoci\u00f3n y Desarrollo econ\u00f3mico y Social de La Palma, empresa p\u00fablica dependiente del Cabildo de La Palma","email":"info@sodepal.es","telephone":"922417323","legalName":"Sociedad de Promoci\u00f3n y Desarrollo Econ\u00f3mico de la isla de La Palma S.A.U.","publishingPrinciples":"https:\/\/www.islabonitalovefestival.es\/aviso-legal\/","ownershipFundingInfo":"https:\/\/www.islabonitalovefestival.es\/aviso-legal\/","actionableFeedbackPolicy":"https:\/\/www.islabonitalovefestival.es\/aviso-legal\/","correctionsPolicy":"https:\/\/www.islabonitalovefestival.es\/aviso-legal\/","ethicsPolicy":"https:\/\/www.islabonitalovefestival.es\/aviso-legal\/","diversityPolicy":"https:\/\/www.islabonitalovefestival.es\/aviso-legal\/","diversityStaffingReport":"https:\/\/www.islabonitalovefestival.es\/aviso-legal\/"},{"@type":"Person","@id":"https:\/\/www.islabonitalovefestival.es\/#\/schema\/person\/e8c1725efa520a7107e2625e272fb763","name":"admin"}]}},"_links":{"self":[{"href":"https:\/\/www.islabonitalovefestival.es\/en\/wp-json\/wp\/v2\/posts\/18339","targetHints":{"allow":["GET"]}}],"collection":[{"href":"https:\/\/www.islabonitalovefestival.es\/en\/wp-json\/wp\/v2\/posts"}],"about":[{"href":"https:\/\/www.islabonitalovefestival.es\/en\/wp-json\/wp\/v2\/types\/post"}],"author":[{"embeddable":true,"href":"https:\/\/www.islabonitalovefestival.es\/en\/wp-json\/wp\/v2\/users\/1"}],"replies":[{"embeddable":true,"href":"https:\/\/www.islabonitalovefestival.es\/en\/wp-json\/wp\/v2\/comments?post=18339"}],"version-history":[{"count":5,"href":"https:\/\/www.islabonitalovefestival.es\/en\/wp-json\/wp\/v2\/posts\/18339\/revisions"}],"predecessor-version":[{"id":18403,"href":"https:\/\/www.islabonitalovefestival.es\/en\/wp-json\/wp\/v2\/posts\/18339\/revisions\/18403"}],"wp:featuredmedia":[{"embeddable":true,"href":"https:\/\/www.islabonitalovefestival.es\/en\/wp-json\/wp\/v2\/media\/18342"}],"wp:attachment":[{"href":"https:\/\/www.islabonitalovefestival.es\/en\/wp-json\/wp\/v2\/media?parent=18339"}],"wp:term":[{"taxonomy":"category","embeddable":true,"href":"https:\/\/www.islabonitalovefestival.es\/en\/wp-json\/wp\/v2\/categories?post=18339"},{"taxonomy":"post_tag","embeddable":true,"href":"https:\/\/www.islabonitalovefestival.es\/en\/wp-json\/wp\/v2\/tags?post=18339"}],"curies":[{"name":"wp","href":"https:\/\/api.w.org\/{rel}","templated":true}]}}