{"id":18386,"date":"2024-07-22T10:12:53","date_gmt":"2024-07-22T09:12:53","guid":{"rendered":"https:\/\/www.islabonitalovefestival.es\/?p=18386"},"modified":"2024-07-23T12:15:28","modified_gmt":"2024-07-23T11:15:28","slug":"bob-pop-carla-antonelli-and-tazarte-star-in-a-literary-meeting-as-part-of-the-love-festival","status":"publish","type":"post","link":"https:\/\/www.islabonitalovefestival.es\/en\/2024\/07\/22\/bob-pop-carla-antonelli-and-tazarte-star-in-a-literary-meeting-as-part-of-the-love-festival\/","title":{"rendered":"Bob Pop, Carla Antonelli and Tazarte star in a literary meeting as part of the Love Festival"},"content":{"rendered":"\t\t<div data-elementor-type=\"wp-post\" data-elementor-id=\"18386\" class=\"elementor elementor-18386\" data-elementor-post-type=\"post\">\n\t\t\t\t\t\t<section data-particle_enable=\"false\" data-particle-mobile-disabled=\"false\" class=\"elementor-section elementor-top-section elementor-element elementor-element-5d4592ee elementor-section-boxed elementor-section-height-default elementor-section-height-default\" data-id=\"5d4592ee\" data-element_type=\"section\" data-e-type=\"section\">\n\t\t\t\t\t\t<div class=\"elementor-container elementor-column-gap-default\">\n\t\t\t\t\t<div class=\"elementor-column elementor-col-100 elementor-top-column elementor-element elementor-element-329aa00\" data-id=\"329aa00\" data-element_type=\"column\" data-e-type=\"column\">\n\t\t\t<div class=\"elementor-widget-wrap elementor-element-populated\">\n\t\t\t\t\t\t<div class=\"elementor-element elementor-element-cf78c36 elementor-widget elementor-widget-text-editor\" data-id=\"cf78c36\" data-element_type=\"widget\" data-e-type=\"widget\" data-widget_type=\"text-editor.default\">\n\t\t\t\t<div class=\"elementor-widget-container\">\n\t\t\t\t\t\t\t\t\t<div class=\"field field--name-field-noticias-entradilla field--type-text-long field--label-hidden field--item\"><div class=\"field field--name-field-noticias-entradilla field--type-text-long field--label-hidden field--item\"><h4>They are nationally, internationally and regionally recognised voices within the LGTBIQ+ community.<\/h4><\/div><div class=\"field field--name-body field--type-text-with-summary field--label-hidden field--item\"><p>Three prominent and recognised voices within the LGTBIQ+ collective, recognised at international, national and regional level, such as Carla Antonelli, Bob Pop and Tazarte, will star in a literary meeting as part of the activities of the social agenda of the Isla Bonita Love Festival. The event will take place on Tuesday 23 July at 16:30 in the Casa de la Cultura in Los Llanos de Aridane.<\/p><p>The CEO of Sodepal, Miriam Perestelo, stresses the importance for the values promoted by the Live Festival, to have the involvement of these people who have a great recognition within the struggle for the freedom of the people of the group and the vindication of their rights.<\/p><p>Carla Antonelli is currently a senator. Born in G\u00fc\u00edmar, she became the first transsexual person to hold public office in Spain and from the beginning has been an important activist for the rights of transsexuals.<\/p><p>Bob Pop, originally from Madrid, is a well-known writer, fashion expert and contributor to several television programmes who has been sarcastically defending the rights of LGTBIQ+ people for years. He arrived on the island last Saturday to promote the island&#8217;s attractions.<\/p><p>For his part, Tazarte is a multifaceted artist from Gran Canaria who has gained notoriety on social networks, where he has more than 2 million people in his community, through his videos in which he creatively shows his day-to-day life as a member of the collective. Tazarte is already on the island and will participate in various actions of the Love Festival programme.<\/p><p>On the same day, at 18:30, the Conference for the Prevention of Hate Crimes against the LGBTIQ+ Collective, given by the Guardia Civil, will take place in the Casa de la Cultura, Los Llanos de Aridane.<\/p><h4>Other actions on Tuesday 23 July:<\/h4><p>As part of the Social Agenda of the Isla Bonita Love Festival, on the same Tuesday, 23rd July, there will also be a conference on the Prevention of Hate Crimes against the LGBTIQ+ community, given by representatives of the Civil Guard. The event will take place at 18:30 at the Casa de la Cultura in Los Llanos de Aridane.<\/p><p>To conclude the day, there will also be the customary lighting of the Puerto de Tazacorte Lighting with the LGTBIQ+ flag, which this year will feature a performance by Agoney, at 21:00 hours, in the Avenida de la Constituci\u00f3n in Puerto de Tazacorte.<\/p><\/div><\/div>\t\t\t\t\t\t\t\t<\/div>\n\t\t\t\t<\/div>\n\t\t\t\t\t<\/div>\n\t\t<\/div>\n\t\t\t\t\t<\/div>\n\t\t<\/section>\n\t\t\t\t<\/div>\n\t\t","protected":false},"excerpt":{"rendered":"<p>They are nationally, internationally and regionally recognised voices within the LGTBIQ+ community. Three prominent and recognised voices within the LGTBIQ+ collective, recognised at international, national and regional level, such as Carla Antonelli, Bob Pop and Tazarte, will star in a literary meeting as part of the activities of the social agenda of the Isla Bonita &#8230; <a title=\"Bob Pop, Carla Antonelli and Tazarte star in a literary meeting as part of the Love Festival\" class=\"read-more\" href=\"https:\/\/www.islabonitalovefestival.es\/en\/2024\/07\/22\/bob-pop-carla-antonelli-and-tazarte-star-in-a-literary-meeting-as-part-of-the-love-festival\/\" aria-label=\"Read more about Bob Pop, Carla Antonelli and Tazarte star in a literary meeting as part of the Love Festival\">Read more<\/a><\/p>\n","protected":false},"author":1,"featured_media":18389,"comment_status":"closed","ping_status":"closed","sticky":false,"template":"","format":"standard","meta":{"footnotes":""},"categories":[233],"tags":[],"class_list":["post-18386","post","type-post","status-publish","format-standard","has-post-thumbnail","hentry","category-news-en"],"yoast_head":"<!-- This site is optimized with the Yoast SEO Premium plugin v22.0 (Yoast SEO v27.0) - https:\/\/yoast.com\/product\/yoast-seo-premium-wordpress\/ -->\n<title>Bob Pop, Carla Antonelli and Tazarte star in a literary meeting as part of the Love Festival - Isla Bonita Love Festival<\/title>\n<meta name=\"robots\" content=\"noindex, follow\" \/>\n<meta property=\"og:locale\" content=\"en_US\" \/>\n<meta property=\"og:type\" content=\"article\" \/>\n<meta property=\"og:title\" content=\"Bob Pop, Carla Antonelli and Tazarte star in a literary meeting as part of the Love Festival\" \/>\n<meta property=\"og:description\" content=\"They are nationally, internationally and regionally recognised voices within the LGTBIQ+ community. Three prominent and recognised voices within the LGTBIQ+ collective, recognised at international, national and regional level, such as Carla Antonelli, Bob Pop and Tazarte, will star in a literary meeting as part of the activities of the social agenda of the Isla Bonita ... Read more\" \/>\n<meta property=\"og:url\" content=\"https:\/\/www.islabonitalovefestival.es\/en\/2024\/07\/22\/bob-pop-carla-antonelli-and-tazarte-star-in-a-literary-meeting-as-part-of-the-love-festival\/\" \/>\n<meta property=\"og:site_name\" content=\"Isla Bonita Love Festival\" \/>\n<meta property=\"article:publisher\" content=\"https:\/\/www.facebook.com\/islabonitalovefestival\/\" \/>\n<meta property=\"article:published_time\" content=\"2024-07-22T09:12:53+00:00\" \/>\n<meta property=\"article:modified_time\" content=\"2024-07-23T11:15:28+00:00\" \/>\n<meta property=\"og:image\" content=\"https:\/\/www.islabonitalovefestival.es\/wp-content\/uploads\/2024\/07\/encuentro_literario-scaled.jpeg\" \/>\n\t<meta property=\"og:image:width\" content=\"2560\" \/>\n\t<meta property=\"og:image:height\" content=\"2560\" \/>\n\t<meta property=\"og:image:type\" content=\"image\/jpeg\" \/>\n<meta name=\"author\" content=\"admin\" \/>\n<meta name=\"twitter:card\" content=\"summary_large_image\" \/>\n<meta name=\"twitter:creator\" content=\"@IslaBonitaLoveF\" \/>\n<meta name=\"twitter:site\" content=\"@IslaBonitaLoveF\" \/>\n<script type=\"application\/ld+json\" class=\"yoast-schema-graph\">{\"@context\":\"https:\/\/schema.org\",\"@graph\":[{\"@type\":\"Article\",\"@id\":\"https:\/\/www.islabonitalovefestival.es\/en\/2024\/07\/22\/bob-pop-carla-antonelli-and-tazarte-star-in-a-literary-meeting-as-part-of-the-love-festival\/#article\",\"isPartOf\":{\"@id\":\"https:\/\/www.islabonitalovefestival.es\/en\/2024\/07\/22\/bob-pop-carla-antonelli-and-tazarte-star-in-a-literary-meeting-as-part-of-the-love-festival\/\"},\"author\":{\"name\":\"admin\",\"@id\":\"https:\/\/www.islabonitalovefestival.es\/#\/schema\/person\/e8c1725efa520a7107e2625e272fb763\"},\"headline\":\"Bob Pop, Carla Antonelli and Tazarte star in a literary meeting as part of the Love Festival\",\"datePublished\":\"2024-07-22T09:12:53+00:00\",\"dateModified\":\"2024-07-23T11:15:28+00:00\",\"mainEntityOfPage\":{\"@id\":\"https:\/\/www.islabonitalovefestival.es\/en\/2024\/07\/22\/bob-pop-carla-antonelli-and-tazarte-star-in-a-literary-meeting-as-part-of-the-love-festival\/\"},\"wordCount\":422,\"publisher\":{\"@id\":\"https:\/\/www.islabonitalovefestival.es\/#organization\"},\"image\":{\"@id\":\"https:\/\/www.islabonitalovefestival.es\/en\/2024\/07\/22\/bob-pop-carla-antonelli-and-tazarte-star-in-a-literary-meeting-as-part-of-the-love-festival\/#primaryimage\"},\"thumbnailUrl\":\"https:\/\/www.islabonitalovefestival.es\/wp-content\/uploads\/2024\/07\/encuentro_literario-scaled.jpeg\",\"articleSection\":[\"News\"],\"inLanguage\":\"en-US\"},{\"@type\":\"WebPage\",\"@id\":\"https:\/\/www.islabonitalovefestival.es\/en\/2024\/07\/22\/bob-pop-carla-antonelli-and-tazarte-star-in-a-literary-meeting-as-part-of-the-love-festival\/\",\"url\":\"https:\/\/www.islabonitalovefestival.es\/en\/2024\/07\/22\/bob-pop-carla-antonelli-and-tazarte-star-in-a-literary-meeting-as-part-of-the-love-festival\/\",\"name\":\"Bob Pop, Carla Antonelli and Tazarte star in a literary meeting as part of the Love Festival - Isla Bonita Love Festival\",\"isPartOf\":{\"@id\":\"https:\/\/www.islabonitalovefestival.es\/#website\"},\"primaryImageOfPage\":{\"@id\":\"https:\/\/www.islabonitalovefestival.es\/en\/2024\/07\/22\/bob-pop-carla-antonelli-and-tazarte-star-in-a-literary-meeting-as-part-of-the-love-festival\/#primaryimage\"},\"image\":{\"@id\":\"https:\/\/www.islabonitalovefestival.es\/en\/2024\/07\/22\/bob-pop-carla-antonelli-and-tazarte-star-in-a-literary-meeting-as-part-of-the-love-festival\/#primaryimage\"},\"thumbnailUrl\":\"https:\/\/www.islabonitalovefestival.es\/wp-content\/uploads\/2024\/07\/encuentro_literario-scaled.jpeg\",\"datePublished\":\"2024-07-22T09:12:53+00:00\",\"dateModified\":\"2024-07-23T11:15:28+00:00\",\"breadcrumb\":{\"@id\":\"https:\/\/www.islabonitalovefestival.es\/en\/2024\/07\/22\/bob-pop-carla-antonelli-and-tazarte-star-in-a-literary-meeting-as-part-of-the-love-festival\/#breadcrumb\"},\"inLanguage\":\"en-US\",\"potentialAction\":[{\"@type\":\"ReadAction\",\"target\":[\"https:\/\/www.islabonitalovefestival.es\/en\/2024\/07\/22\/bob-pop-carla-antonelli-and-tazarte-star-in-a-literary-meeting-as-part-of-the-love-festival\/\"]}]},{\"@type\":\"ImageObject\",\"inLanguage\":\"en-US\",\"@id\":\"https:\/\/www.islabonitalovefestival.es\/en\/2024\/07\/22\/bob-pop-carla-antonelli-and-tazarte-star-in-a-literary-meeting-as-part-of-the-love-festival\/#primaryimage\",\"url\":\"https:\/\/www.islabonitalovefestival.es\/wp-content\/uploads\/2024\/07\/encuentro_literario-scaled.jpeg\",\"contentUrl\":\"https:\/\/www.islabonitalovefestival.es\/wp-content\/uploads\/2024\/07\/encuentro_literario-scaled.jpeg\",\"width\":2560,\"height\":2560},{\"@type\":\"BreadcrumbList\",\"@id\":\"https:\/\/www.islabonitalovefestival.es\/en\/2024\/07\/22\/bob-pop-carla-antonelli-and-tazarte-star-in-a-literary-meeting-as-part-of-the-love-festival\/#breadcrumb\",\"itemListElement\":[{\"@type\":\"ListItem\",\"position\":1,\"name\":\"Portada\",\"item\":\"https:\/\/www.islabonitalovefestival.es\/en\/\"},{\"@type\":\"ListItem\",\"position\":2,\"name\":\"Bob Pop, Carla Antonelli and Tazarte star in a literary meeting as part of the Love Festival\"}]},{\"@type\":\"WebSite\",\"@id\":\"https:\/\/www.islabonitalovefestival.es\/#website\",\"url\":\"https:\/\/www.islabonitalovefestival.es\/\",\"name\":\"Isla Bonita Love Festival 2024\",\"description\":\"Festival de la multiculturalidad que se celebrar\u00e1 del 22 al 28 de julio de 2024 en La Palma\",\"publisher\":{\"@id\":\"https:\/\/www.islabonitalovefestival.es\/#organization\"},\"alternateName\":\"Love Festival 2024\",\"potentialAction\":[{\"@type\":\"SearchAction\",\"target\":{\"@type\":\"EntryPoint\",\"urlTemplate\":\"https:\/\/www.islabonitalovefestival.es\/?s={search_term_string}\"},\"query-input\":{\"@type\":\"PropertyValueSpecification\",\"valueRequired\":true,\"valueName\":\"search_term_string\"}}],\"inLanguage\":\"en-US\"},{\"@type\":\"Organization\",\"@id\":\"https:\/\/www.islabonitalovefestival.es\/#organization\",\"name\":\"Isla Bonita Love Festival La Palma 2024\",\"alternateName\":\"Love Festival\",\"url\":\"https:\/\/www.islabonitalovefestival.es\/\",\"logo\":{\"@type\":\"ImageObject\",\"inLanguage\":\"en-US\",\"@id\":\"https:\/\/www.islabonitalovefestival.es\/#\/schema\/logo\/image\/\",\"url\":\"https:\/\/www.islabonitalovefestival.es\/wp-content\/uploads\/2024\/03\/LF24_entrada.png\",\"contentUrl\":\"https:\/\/www.islabonitalovefestival.es\/wp-content\/uploads\/2024\/03\/LF24_entrada.png\",\"width\":800,\"height\":800,\"caption\":\"Isla Bonita Love Festival La Palma 2024\"},\"image\":{\"@id\":\"https:\/\/www.islabonitalovefestival.es\/#\/schema\/logo\/image\/\"},\"sameAs\":[\"https:\/\/www.facebook.com\/islabonitalovefestival\/\",\"https:\/\/x.com\/IslaBonitaLoveF\",\"https:\/\/www.instagram.com\/islabonitalovefest\/\",\"https:\/\/www.youtube.com\/channel\/UCT7DqYugOSkmQ9lWVL9UTJw\"],\"description\":\"Sociedad de Promoci\u00f3n y Desarrollo econ\u00f3mico y Social de La Palma, empresa p\u00fablica dependiente del Cabildo de La Palma\",\"email\":\"info@sodepal.es\",\"telephone\":\"922417323\",\"legalName\":\"Sociedad de Promoci\u00f3n y Desarrollo Econ\u00f3mico de la isla de La Palma S.A.U.\",\"publishingPrinciples\":\"https:\/\/www.islabonitalovefestival.es\/aviso-legal\/\",\"ownershipFundingInfo\":\"https:\/\/www.islabonitalovefestival.es\/aviso-legal\/\",\"actionableFeedbackPolicy\":\"https:\/\/www.islabonitalovefestival.es\/aviso-legal\/\",\"correctionsPolicy\":\"https:\/\/www.islabonitalovefestival.es\/aviso-legal\/\",\"ethicsPolicy\":\"https:\/\/www.islabonitalovefestival.es\/aviso-legal\/\",\"diversityPolicy\":\"https:\/\/www.islabonitalovefestival.es\/aviso-legal\/\",\"diversityStaffingReport\":\"https:\/\/www.islabonitalovefestival.es\/aviso-legal\/\"},{\"@type\":\"Person\",\"@id\":\"https:\/\/www.islabonitalovefestival.es\/#\/schema\/person\/e8c1725efa520a7107e2625e272fb763\",\"name\":\"admin\"}]}<\/script>\n<!-- \/ Yoast SEO Premium plugin. -->","yoast_head_json":{"title":"Bob Pop, Carla Antonelli and Tazarte star in a literary meeting as part of the Love Festival - Isla Bonita Love Festival","robots":{"index":"noindex","follow":"follow"},"og_locale":"en_US","og_type":"article","og_title":"Bob Pop, Carla Antonelli and Tazarte star in a literary meeting as part of the Love Festival","og_description":"They are nationally, internationally and regionally recognised voices within the LGTBIQ+ community. Three prominent and recognised voices within the LGTBIQ+ collective, recognised at international, national and regional level, such as Carla Antonelli, Bob Pop and Tazarte, will star in a literary meeting as part of the activities of the social agenda of the Isla Bonita ... Read more","og_url":"https:\/\/www.islabonitalovefestival.es\/en\/2024\/07\/22\/bob-pop-carla-antonelli-and-tazarte-star-in-a-literary-meeting-as-part-of-the-love-festival\/","og_site_name":"Isla Bonita Love Festival","article_publisher":"https:\/\/www.facebook.com\/islabonitalovefestival\/","article_published_time":"2024-07-22T09:12:53+00:00","article_modified_time":"2024-07-23T11:15:28+00:00","og_image":[{"width":2560,"height":2560,"url":"https:\/\/www.islabonitalovefestival.es\/wp-content\/uploads\/2024\/07\/encuentro_literario-scaled.jpeg","type":"image\/jpeg"}],"author":"admin","twitter_card":"summary_large_image","twitter_creator":"@IslaBonitaLoveF","twitter_site":"@IslaBonitaLoveF","schema":{"@context":"https:\/\/schema.org","@graph":[{"@type":"Article","@id":"https:\/\/www.islabonitalovefestival.es\/en\/2024\/07\/22\/bob-pop-carla-antonelli-and-tazarte-star-in-a-literary-meeting-as-part-of-the-love-festival\/#article","isPartOf":{"@id":"https:\/\/www.islabonitalovefestival.es\/en\/2024\/07\/22\/bob-pop-carla-antonelli-and-tazarte-star-in-a-literary-meeting-as-part-of-the-love-festival\/"},"author":{"name":"admin","@id":"https:\/\/www.islabonitalovefestival.es\/#\/schema\/person\/e8c1725efa520a7107e2625e272fb763"},"headline":"Bob Pop, Carla Antonelli and Tazarte star in a literary meeting as part of the Love Festival","datePublished":"2024-07-22T09:12:53+00:00","dateModified":"2024-07-23T11:15:28+00:00","mainEntityOfPage":{"@id":"https:\/\/www.islabonitalovefestival.es\/en\/2024\/07\/22\/bob-pop-carla-antonelli-and-tazarte-star-in-a-literary-meeting-as-part-of-the-love-festival\/"},"wordCount":422,"publisher":{"@id":"https:\/\/www.islabonitalovefestival.es\/#organization"},"image":{"@id":"https:\/\/www.islabonitalovefestival.es\/en\/2024\/07\/22\/bob-pop-carla-antonelli-and-tazarte-star-in-a-literary-meeting-as-part-of-the-love-festival\/#primaryimage"},"thumbnailUrl":"https:\/\/www.islabonitalovefestival.es\/wp-content\/uploads\/2024\/07\/encuentro_literario-scaled.jpeg","articleSection":["News"],"inLanguage":"en-US"},{"@type":"WebPage","@id":"https:\/\/www.islabonitalovefestival.es\/en\/2024\/07\/22\/bob-pop-carla-antonelli-and-tazarte-star-in-a-literary-meeting-as-part-of-the-love-festival\/","url":"https:\/\/www.islabonitalovefestival.es\/en\/2024\/07\/22\/bob-pop-carla-antonelli-and-tazarte-star-in-a-literary-meeting-as-part-of-the-love-festival\/","name":"Bob Pop, Carla Antonelli and Tazarte star in a literary meeting as part of the Love Festival - Isla Bonita Love Festival","isPartOf":{"@id":"https:\/\/www.islabonitalovefestival.es\/#website"},"primaryImageOfPage":{"@id":"https:\/\/www.islabonitalovefestival.es\/en\/2024\/07\/22\/bob-pop-carla-antonelli-and-tazarte-star-in-a-literary-meeting-as-part-of-the-love-festival\/#primaryimage"},"image":{"@id":"https:\/\/www.islabonitalovefestival.es\/en\/2024\/07\/22\/bob-pop-carla-antonelli-and-tazarte-star-in-a-literary-meeting-as-part-of-the-love-festival\/#primaryimage"},"thumbnailUrl":"https:\/\/www.islabonitalovefestival.es\/wp-content\/uploads\/2024\/07\/encuentro_literario-scaled.jpeg","datePublished":"2024-07-22T09:12:53+00:00","dateModified":"2024-07-23T11:15:28+00:00","breadcrumb":{"@id":"https:\/\/www.islabonitalovefestival.es\/en\/2024\/07\/22\/bob-pop-carla-antonelli-and-tazarte-star-in-a-literary-meeting-as-part-of-the-love-festival\/#breadcrumb"},"inLanguage":"en-US","potentialAction":[{"@type":"ReadAction","target":["https:\/\/www.islabonitalovefestival.es\/en\/2024\/07\/22\/bob-pop-carla-antonelli-and-tazarte-star-in-a-literary-meeting-as-part-of-the-love-festival\/"]}]},{"@type":"ImageObject","inLanguage":"en-US","@id":"https:\/\/www.islabonitalovefestival.es\/en\/2024\/07\/22\/bob-pop-carla-antonelli-and-tazarte-star-in-a-literary-meeting-as-part-of-the-love-festival\/#primaryimage","url":"https:\/\/www.islabonitalovefestival.es\/wp-content\/uploads\/2024\/07\/encuentro_literario-scaled.jpeg","contentUrl":"https:\/\/www.islabonitalovefestival.es\/wp-content\/uploads\/2024\/07\/encuentro_literario-scaled.jpeg","width":2560,"height":2560},{"@type":"BreadcrumbList","@id":"https:\/\/www.islabonitalovefestival.es\/en\/2024\/07\/22\/bob-pop-carla-antonelli-and-tazarte-star-in-a-literary-meeting-as-part-of-the-love-festival\/#breadcrumb","itemListElement":[{"@type":"ListItem","position":1,"name":"Portada","item":"https:\/\/www.islabonitalovefestival.es\/en\/"},{"@type":"ListItem","position":2,"name":"Bob Pop, Carla Antonelli and Tazarte star in a literary meeting as part of the Love Festival"}]},{"@type":"WebSite","@id":"https:\/\/www.islabonitalovefestival.es\/#website","url":"https:\/\/www.islabonitalovefestival.es\/","name":"Isla Bonita Love Festival 2024","description":"Festival de la multiculturalidad que se celebrar\u00e1 del 22 al 28 de julio de 2024 en La Palma","publisher":{"@id":"https:\/\/www.islabonitalovefestival.es\/#organization"},"alternateName":"Love Festival 2024","potentialAction":[{"@type":"SearchAction","target":{"@type":"EntryPoint","urlTemplate":"https:\/\/www.islabonitalovefestival.es\/?s={search_term_string}"},"query-input":{"@type":"PropertyValueSpecification","valueRequired":true,"valueName":"search_term_string"}}],"inLanguage":"en-US"},{"@type":"Organization","@id":"https:\/\/www.islabonitalovefestival.es\/#organization","name":"Isla Bonita Love Festival La Palma 2024","alternateName":"Love Festival","url":"https:\/\/www.islabonitalovefestival.es\/","logo":{"@type":"ImageObject","inLanguage":"en-US","@id":"https:\/\/www.islabonitalovefestival.es\/#\/schema\/logo\/image\/","url":"https:\/\/www.islabonitalovefestival.es\/wp-content\/uploads\/2024\/03\/LF24_entrada.png","contentUrl":"https:\/\/www.islabonitalovefestival.es\/wp-content\/uploads\/2024\/03\/LF24_entrada.png","width":800,"height":800,"caption":"Isla Bonita Love Festival La Palma 2024"},"image":{"@id":"https:\/\/www.islabonitalovefestival.es\/#\/schema\/logo\/image\/"},"sameAs":["https:\/\/www.facebook.com\/islabonitalovefestival\/","https:\/\/x.com\/IslaBonitaLoveF","https:\/\/www.instagram.com\/islabonitalovefest\/","https:\/\/www.youtube.com\/channel\/UCT7DqYugOSkmQ9lWVL9UTJw"],"description":"Sociedad de Promoci\u00f3n y Desarrollo econ\u00f3mico y Social de La Palma, empresa p\u00fablica dependiente del Cabildo de La Palma","email":"info@sodepal.es","telephone":"922417323","legalName":"Sociedad de Promoci\u00f3n y Desarrollo Econ\u00f3mico de la isla de La Palma S.A.U.","publishingPrinciples":"https:\/\/www.islabonitalovefestival.es\/aviso-legal\/","ownershipFundingInfo":"https:\/\/www.islabonitalovefestival.es\/aviso-legal\/","actionableFeedbackPolicy":"https:\/\/www.islabonitalovefestival.es\/aviso-legal\/","correctionsPolicy":"https:\/\/www.islabonitalovefestival.es\/aviso-legal\/","ethicsPolicy":"https:\/\/www.islabonitalovefestival.es\/aviso-legal\/","diversityPolicy":"https:\/\/www.islabonitalovefestival.es\/aviso-legal\/","diversityStaffingReport":"https:\/\/www.islabonitalovefestival.es\/aviso-legal\/"},{"@type":"Person","@id":"https:\/\/www.islabonitalovefestival.es\/#\/schema\/person\/e8c1725efa520a7107e2625e272fb763","name":"admin"}]}},"_links":{"self":[{"href":"https:\/\/www.islabonitalovefestival.es\/en\/wp-json\/wp\/v2\/posts\/18386","targetHints":{"allow":["GET"]}}],"collection":[{"href":"https:\/\/www.islabonitalovefestival.es\/en\/wp-json\/wp\/v2\/posts"}],"about":[{"href":"https:\/\/www.islabonitalovefestival.es\/en\/wp-json\/wp\/v2\/types\/post"}],"author":[{"embeddable":true,"href":"https:\/\/www.islabonitalovefestival.es\/en\/wp-json\/wp\/v2\/users\/1"}],"replies":[{"embeddable":true,"href":"https:\/\/www.islabonitalovefestival.es\/en\/wp-json\/wp\/v2\/comments?post=18386"}],"version-history":[{"count":5,"href":"https:\/\/www.islabonitalovefestival.es\/en\/wp-json\/wp\/v2\/posts\/18386\/revisions"}],"predecessor-version":[{"id":18400,"href":"https:\/\/www.islabonitalovefestival.es\/en\/wp-json\/wp\/v2\/posts\/18386\/revisions\/18400"}],"wp:featuredmedia":[{"embeddable":true,"href":"https:\/\/www.islabonitalovefestival.es\/en\/wp-json\/wp\/v2\/media\/18389"}],"wp:attachment":[{"href":"https:\/\/www.islabonitalovefestival.es\/en\/wp-json\/wp\/v2\/media?parent=18386"}],"wp:term":[{"taxonomy":"category","embeddable":true,"href":"https:\/\/www.islabonitalovefestival.es\/en\/wp-json\/wp\/v2\/categories?post=18386"},{"taxonomy":"post_tag","embeddable":true,"href":"https:\/\/www.islabonitalovefestival.es\/en\/wp-json\/wp\/v2\/tags?post=18386"}],"curies":[{"name":"wp","href":"https:\/\/api.w.org\/{rel}","templated":true}]}}