{"id":18421,"date":"2024-07-22T18:49:31","date_gmt":"2024-07-22T17:49:31","guid":{"rendered":"https:\/\/www.islabonitalovefestival.es\/?p=18421"},"modified":"2024-07-24T12:41:24","modified_gmt":"2024-07-24T11:41:24","slug":"isla-bonita-love-festival-presents-the-inclusive-glasses-to-raise-awareness-and-normalise-key-concepts-of-the-lgtbiq-community","status":"publish","type":"post","link":"https:\/\/www.islabonitalovefestival.es\/en\/2024\/07\/22\/isla-bonita-love-festival-presents-the-inclusive-glasses-to-raise-awareness-and-normalise-key-concepts-of-the-lgtbiq-community\/","title":{"rendered":"Isla Bonita Love Festival presents the \u2018inclusive glasses\u2019 to raise awareness and normalise key concepts of the LGTBIQ+ community."},"content":{"rendered":"\t\t<div data-elementor-type=\"wp-post\" data-elementor-id=\"18421\" class=\"elementor elementor-18421\" data-elementor-post-type=\"post\">\n\t\t\t\t\t\t<section data-particle_enable=\"false\" data-particle-mobile-disabled=\"false\" class=\"elementor-section elementor-top-section elementor-element elementor-element-5d4592ee elementor-section-boxed elementor-section-height-default elementor-section-height-default\" data-id=\"5d4592ee\" data-element_type=\"section\" data-e-type=\"section\">\n\t\t\t\t\t\t<div class=\"elementor-container elementor-column-gap-default\">\n\t\t\t\t\t<div class=\"elementor-column elementor-col-100 elementor-top-column elementor-element elementor-element-329aa00\" data-id=\"329aa00\" data-element_type=\"column\" data-e-type=\"column\">\n\t\t\t<div class=\"elementor-widget-wrap elementor-element-populated\">\n\t\t\t\t\t\t<div class=\"elementor-element elementor-element-cf78c36 elementor-widget elementor-widget-text-editor\" data-id=\"cf78c36\" data-element_type=\"widget\" data-e-type=\"widget\" data-widget_type=\"text-editor.default\">\n\t\t\t\t<div class=\"elementor-widget-container\">\n\t\t\t\t\t\t\t\t\t<div class=\"field field--name-field-noticias-entradilla field--type-text-long field--label-hidden field--item\"><div class=\"field field--name-field-noticias-entradilla field--type-text-long field--label-hidden field--item\"><p>The new edition of the Isla Bonita Love Festival incorporates the \u2018inclusive glasses\u2019 to the actions that are developed within the framework of the event to continue making known and normalising key concepts of the LGTBIQ+ collective among all the people of the society of La Palma, who will participate in the different activities of the event.<\/p><p>In this sense, the Corporation points out that this is a simple but close way to familiarise everyone with some terms linked to the new realities that we must normalise, understand and integrate into our daily lives.<\/p><p>The first glasses will be given to those who have purchased golden tickets to attend the concert, which will put the finishing touch to a social agenda involved in the struggle of the group and their participation in society from equality and freedom.<\/p><p>In addition, these will also star in the concert next Saturday, 27 July, in Puerto de Tazacorte, as they will be on sale, at a price of one euro, along with the drinks, with the dual aim of raising awareness of equality and diversity, as well as sustainability with these reusable cups.<\/p><p>The cups reflect the definitions, in a simple, clear and concise way, of terms such as sex, gender, gender expression, gender identity and sexual orientation.<\/p><p>Tickets for the Isla Bonita Love Festival concert, featuring Martin Garrix, Ricky Martin, Chanel, Ptazeta, St Pedro, Kingdom and Orribo, can be purchased online at <a href=\"https:\/\/www.tomaticket.es\/es-es\/entradas-isla-bonita-love-festival-la-palma\" target=\"_blank\" rel=\"noopener\">https:\/\/www.tomaticket.es\/es-es\/entradas-isla-bonita-love-festival-la-palma<\/a>.<\/p><\/div><\/div>\t\t\t\t\t\t\t\t<\/div>\n\t\t\t\t<\/div>\n\t\t\t\t\t<\/div>\n\t\t<\/div>\n\t\t\t\t\t<\/div>\n\t\t<\/section>\n\t\t\t\t<\/div>\n\t\t","protected":false},"excerpt":{"rendered":"<p>The new edition of the Isla Bonita Love Festival incorporates the \u2018inclusive glasses\u2019 to the actions that are developed within the framework of the event to continue making known and normalising key concepts of the LGTBIQ+ collective among all the people of the society of La Palma, who will participate in the different activities of &#8230; <a title=\"Isla Bonita Love Festival presents the \u2018inclusive glasses\u2019 to raise awareness and normalise key concepts of the LGTBIQ+ community.\" class=\"read-more\" href=\"https:\/\/www.islabonitalovefestival.es\/en\/2024\/07\/22\/isla-bonita-love-festival-presents-the-inclusive-glasses-to-raise-awareness-and-normalise-key-concepts-of-the-lgtbiq-community\/\" aria-label=\"Read more about Isla Bonita Love Festival presents the \u2018inclusive glasses\u2019 to raise awareness and normalise key concepts of the LGTBIQ+ community.\">Read more<\/a><\/p>\n","protected":false},"author":1,"featured_media":18423,"comment_status":"closed","ping_status":"closed","sticky":false,"template":"","format":"standard","meta":{"footnotes":""},"categories":[233,236],"tags":[],"class_list":["post-18421","post","type-post","status-publish","format-standard","has-post-thumbnail","hentry","category-news-en","category-sustainability"],"yoast_head":"<!-- This site is optimized with the Yoast SEO Premium plugin v22.0 (Yoast SEO v27.0) - https:\/\/yoast.com\/product\/yoast-seo-premium-wordpress\/ -->\n<title>Isla Bonita Love Festival presents the \u2018inclusive glasses\u2019 to raise awareness and normalise key concepts of the LGTBIQ+ community. - Isla Bonita Love Festival<\/title>\n<meta name=\"robots\" content=\"noindex, follow\" \/>\n<meta property=\"og:locale\" content=\"en_US\" \/>\n<meta property=\"og:type\" content=\"article\" \/>\n<meta property=\"og:title\" content=\"Isla Bonita Love Festival presents the \u2018inclusive glasses\u2019 to raise awareness and normalise key concepts of the LGTBIQ+ community.\" \/>\n<meta property=\"og:description\" content=\"The new edition of the Isla Bonita Love Festival incorporates the \u2018inclusive glasses\u2019 to the actions that are developed within the framework of the event to continue making known and normalising key concepts of the LGTBIQ+ collective among all the people of the society of La Palma, who will participate in the different activities of ... Read more\" \/>\n<meta property=\"og:url\" content=\"https:\/\/www.islabonitalovefestival.es\/en\/2024\/07\/22\/isla-bonita-love-festival-presents-the-inclusive-glasses-to-raise-awareness-and-normalise-key-concepts-of-the-lgtbiq-community\/\" \/>\n<meta property=\"og:site_name\" content=\"Isla Bonita Love Festival\" \/>\n<meta property=\"article:publisher\" content=\"https:\/\/www.facebook.com\/islabonitalovefestival\/\" \/>\n<meta property=\"article:published_time\" content=\"2024-07-22T17:49:31+00:00\" \/>\n<meta property=\"article:modified_time\" content=\"2024-07-24T11:41:24+00:00\" \/>\n<meta property=\"og:image\" content=\"https:\/\/www.islabonitalovefestival.es\/wp-content\/uploads\/2024\/07\/vasos_inclusivos.jpeg\" \/>\n\t<meta property=\"og:image:width\" content=\"1600\" \/>\n\t<meta property=\"og:image:height\" content=\"1172\" \/>\n\t<meta property=\"og:image:type\" content=\"image\/jpeg\" \/>\n<meta name=\"author\" content=\"admin\" \/>\n<meta name=\"twitter:card\" content=\"summary_large_image\" \/>\n<meta name=\"twitter:creator\" content=\"@IslaBonitaLoveF\" \/>\n<meta name=\"twitter:site\" content=\"@IslaBonitaLoveF\" \/>\n<script type=\"application\/ld+json\" class=\"yoast-schema-graph\">{\"@context\":\"https:\/\/schema.org\",\"@graph\":[{\"@type\":\"Article\",\"@id\":\"https:\/\/www.islabonitalovefestival.es\/en\/2024\/07\/22\/isla-bonita-love-festival-presents-the-inclusive-glasses-to-raise-awareness-and-normalise-key-concepts-of-the-lgtbiq-community\/#article\",\"isPartOf\":{\"@id\":\"https:\/\/www.islabonitalovefestival.es\/en\/2024\/07\/22\/isla-bonita-love-festival-presents-the-inclusive-glasses-to-raise-awareness-and-normalise-key-concepts-of-the-lgtbiq-community\/\"},\"author\":{\"name\":\"admin\",\"@id\":\"https:\/\/www.islabonitalovefestival.es\/#\/schema\/person\/e8c1725efa520a7107e2625e272fb763\"},\"headline\":\"Isla Bonita Love Festival presents the \u2018inclusive glasses\u2019 to raise awareness and normalise key concepts of the LGTBIQ+ community.\",\"datePublished\":\"2024-07-22T17:49:31+00:00\",\"dateModified\":\"2024-07-24T11:41:24+00:00\",\"mainEntityOfPage\":{\"@id\":\"https:\/\/www.islabonitalovefestival.es\/en\/2024\/07\/22\/isla-bonita-love-festival-presents-the-inclusive-glasses-to-raise-awareness-and-normalise-key-concepts-of-the-lgtbiq-community\/\"},\"wordCount\":263,\"publisher\":{\"@id\":\"https:\/\/www.islabonitalovefestival.es\/#organization\"},\"image\":{\"@id\":\"https:\/\/www.islabonitalovefestival.es\/en\/2024\/07\/22\/isla-bonita-love-festival-presents-the-inclusive-glasses-to-raise-awareness-and-normalise-key-concepts-of-the-lgtbiq-community\/#primaryimage\"},\"thumbnailUrl\":\"https:\/\/www.islabonitalovefestival.es\/wp-content\/uploads\/2024\/07\/vasos_inclusivos.jpeg\",\"articleSection\":[\"News\",\"Sustainability\"],\"inLanguage\":\"en-US\"},{\"@type\":\"WebPage\",\"@id\":\"https:\/\/www.islabonitalovefestival.es\/en\/2024\/07\/22\/isla-bonita-love-festival-presents-the-inclusive-glasses-to-raise-awareness-and-normalise-key-concepts-of-the-lgtbiq-community\/\",\"url\":\"https:\/\/www.islabonitalovefestival.es\/en\/2024\/07\/22\/isla-bonita-love-festival-presents-the-inclusive-glasses-to-raise-awareness-and-normalise-key-concepts-of-the-lgtbiq-community\/\",\"name\":\"Isla Bonita Love Festival presents the \u2018inclusive glasses\u2019 to raise awareness and normalise key concepts of the LGTBIQ+ community. - Isla Bonita Love Festival\",\"isPartOf\":{\"@id\":\"https:\/\/www.islabonitalovefestival.es\/#website\"},\"primaryImageOfPage\":{\"@id\":\"https:\/\/www.islabonitalovefestival.es\/en\/2024\/07\/22\/isla-bonita-love-festival-presents-the-inclusive-glasses-to-raise-awareness-and-normalise-key-concepts-of-the-lgtbiq-community\/#primaryimage\"},\"image\":{\"@id\":\"https:\/\/www.islabonitalovefestival.es\/en\/2024\/07\/22\/isla-bonita-love-festival-presents-the-inclusive-glasses-to-raise-awareness-and-normalise-key-concepts-of-the-lgtbiq-community\/#primaryimage\"},\"thumbnailUrl\":\"https:\/\/www.islabonitalovefestival.es\/wp-content\/uploads\/2024\/07\/vasos_inclusivos.jpeg\",\"datePublished\":\"2024-07-22T17:49:31+00:00\",\"dateModified\":\"2024-07-24T11:41:24+00:00\",\"breadcrumb\":{\"@id\":\"https:\/\/www.islabonitalovefestival.es\/en\/2024\/07\/22\/isla-bonita-love-festival-presents-the-inclusive-glasses-to-raise-awareness-and-normalise-key-concepts-of-the-lgtbiq-community\/#breadcrumb\"},\"inLanguage\":\"en-US\",\"potentialAction\":[{\"@type\":\"ReadAction\",\"target\":[\"https:\/\/www.islabonitalovefestival.es\/en\/2024\/07\/22\/isla-bonita-love-festival-presents-the-inclusive-glasses-to-raise-awareness-and-normalise-key-concepts-of-the-lgtbiq-community\/\"]}]},{\"@type\":\"ImageObject\",\"inLanguage\":\"en-US\",\"@id\":\"https:\/\/www.islabonitalovefestival.es\/en\/2024\/07\/22\/isla-bonita-love-festival-presents-the-inclusive-glasses-to-raise-awareness-and-normalise-key-concepts-of-the-lgtbiq-community\/#primaryimage\",\"url\":\"https:\/\/www.islabonitalovefestival.es\/wp-content\/uploads\/2024\/07\/vasos_inclusivos.jpeg\",\"contentUrl\":\"https:\/\/www.islabonitalovefestival.es\/wp-content\/uploads\/2024\/07\/vasos_inclusivos.jpeg\",\"width\":1600,\"height\":1172},{\"@type\":\"BreadcrumbList\",\"@id\":\"https:\/\/www.islabonitalovefestival.es\/en\/2024\/07\/22\/isla-bonita-love-festival-presents-the-inclusive-glasses-to-raise-awareness-and-normalise-key-concepts-of-the-lgtbiq-community\/#breadcrumb\",\"itemListElement\":[{\"@type\":\"ListItem\",\"position\":1,\"name\":\"Portada\",\"item\":\"https:\/\/www.islabonitalovefestival.es\/en\/\"},{\"@type\":\"ListItem\",\"position\":2,\"name\":\"Isla Bonita Love Festival presents the \u2018inclusive glasses\u2019 to raise awareness and normalise key concepts of the LGTBIQ+ community.\"}]},{\"@type\":\"WebSite\",\"@id\":\"https:\/\/www.islabonitalovefestival.es\/#website\",\"url\":\"https:\/\/www.islabonitalovefestival.es\/\",\"name\":\"Isla Bonita Love Festival 2024\",\"description\":\"Festival de la multiculturalidad que se celebrar\u00e1 del 22 al 28 de julio de 2024 en La Palma\",\"publisher\":{\"@id\":\"https:\/\/www.islabonitalovefestival.es\/#organization\"},\"alternateName\":\"Love Festival 2024\",\"potentialAction\":[{\"@type\":\"SearchAction\",\"target\":{\"@type\":\"EntryPoint\",\"urlTemplate\":\"https:\/\/www.islabonitalovefestival.es\/?s={search_term_string}\"},\"query-input\":{\"@type\":\"PropertyValueSpecification\",\"valueRequired\":true,\"valueName\":\"search_term_string\"}}],\"inLanguage\":\"en-US\"},{\"@type\":\"Organization\",\"@id\":\"https:\/\/www.islabonitalovefestival.es\/#organization\",\"name\":\"Isla Bonita Love Festival La Palma 2024\",\"alternateName\":\"Love Festival\",\"url\":\"https:\/\/www.islabonitalovefestival.es\/\",\"logo\":{\"@type\":\"ImageObject\",\"inLanguage\":\"en-US\",\"@id\":\"https:\/\/www.islabonitalovefestival.es\/#\/schema\/logo\/image\/\",\"url\":\"https:\/\/www.islabonitalovefestival.es\/wp-content\/uploads\/2024\/03\/LF24_entrada.png\",\"contentUrl\":\"https:\/\/www.islabonitalovefestival.es\/wp-content\/uploads\/2024\/03\/LF24_entrada.png\",\"width\":800,\"height\":800,\"caption\":\"Isla Bonita Love Festival La Palma 2024\"},\"image\":{\"@id\":\"https:\/\/www.islabonitalovefestival.es\/#\/schema\/logo\/image\/\"},\"sameAs\":[\"https:\/\/www.facebook.com\/islabonitalovefestival\/\",\"https:\/\/x.com\/IslaBonitaLoveF\",\"https:\/\/www.instagram.com\/islabonitalovefest\/\",\"https:\/\/www.youtube.com\/channel\/UCT7DqYugOSkmQ9lWVL9UTJw\"],\"description\":\"Sociedad de Promoci\u00f3n y Desarrollo econ\u00f3mico y Social de La Palma, empresa p\u00fablica dependiente del Cabildo de La Palma\",\"email\":\"info@sodepal.es\",\"telephone\":\"922417323\",\"legalName\":\"Sociedad de Promoci\u00f3n y Desarrollo Econ\u00f3mico de la isla de La Palma S.A.U.\",\"publishingPrinciples\":\"https:\/\/www.islabonitalovefestival.es\/aviso-legal\/\",\"ownershipFundingInfo\":\"https:\/\/www.islabonitalovefestival.es\/aviso-legal\/\",\"actionableFeedbackPolicy\":\"https:\/\/www.islabonitalovefestival.es\/aviso-legal\/\",\"correctionsPolicy\":\"https:\/\/www.islabonitalovefestival.es\/aviso-legal\/\",\"ethicsPolicy\":\"https:\/\/www.islabonitalovefestival.es\/aviso-legal\/\",\"diversityPolicy\":\"https:\/\/www.islabonitalovefestival.es\/aviso-legal\/\",\"diversityStaffingReport\":\"https:\/\/www.islabonitalovefestival.es\/aviso-legal\/\"},{\"@type\":\"Person\",\"@id\":\"https:\/\/www.islabonitalovefestival.es\/#\/schema\/person\/e8c1725efa520a7107e2625e272fb763\",\"name\":\"admin\"}]}<\/script>\n<!-- \/ Yoast SEO Premium plugin. -->","yoast_head_json":{"title":"Isla Bonita Love Festival presents the \u2018inclusive glasses\u2019 to raise awareness and normalise key concepts of the LGTBIQ+ community. - Isla Bonita Love Festival","robots":{"index":"noindex","follow":"follow"},"og_locale":"en_US","og_type":"article","og_title":"Isla Bonita Love Festival presents the \u2018inclusive glasses\u2019 to raise awareness and normalise key concepts of the LGTBIQ+ community.","og_description":"The new edition of the Isla Bonita Love Festival incorporates the \u2018inclusive glasses\u2019 to the actions that are developed within the framework of the event to continue making known and normalising key concepts of the LGTBIQ+ collective among all the people of the society of La Palma, who will participate in the different activities of ... Read more","og_url":"https:\/\/www.islabonitalovefestival.es\/en\/2024\/07\/22\/isla-bonita-love-festival-presents-the-inclusive-glasses-to-raise-awareness-and-normalise-key-concepts-of-the-lgtbiq-community\/","og_site_name":"Isla Bonita Love Festival","article_publisher":"https:\/\/www.facebook.com\/islabonitalovefestival\/","article_published_time":"2024-07-22T17:49:31+00:00","article_modified_time":"2024-07-24T11:41:24+00:00","og_image":[{"width":1600,"height":1172,"url":"https:\/\/www.islabonitalovefestival.es\/wp-content\/uploads\/2024\/07\/vasos_inclusivos.jpeg","type":"image\/jpeg"}],"author":"admin","twitter_card":"summary_large_image","twitter_creator":"@IslaBonitaLoveF","twitter_site":"@IslaBonitaLoveF","schema":{"@context":"https:\/\/schema.org","@graph":[{"@type":"Article","@id":"https:\/\/www.islabonitalovefestival.es\/en\/2024\/07\/22\/isla-bonita-love-festival-presents-the-inclusive-glasses-to-raise-awareness-and-normalise-key-concepts-of-the-lgtbiq-community\/#article","isPartOf":{"@id":"https:\/\/www.islabonitalovefestival.es\/en\/2024\/07\/22\/isla-bonita-love-festival-presents-the-inclusive-glasses-to-raise-awareness-and-normalise-key-concepts-of-the-lgtbiq-community\/"},"author":{"name":"admin","@id":"https:\/\/www.islabonitalovefestival.es\/#\/schema\/person\/e8c1725efa520a7107e2625e272fb763"},"headline":"Isla Bonita Love Festival presents the \u2018inclusive glasses\u2019 to raise awareness and normalise key concepts of the LGTBIQ+ community.","datePublished":"2024-07-22T17:49:31+00:00","dateModified":"2024-07-24T11:41:24+00:00","mainEntityOfPage":{"@id":"https:\/\/www.islabonitalovefestival.es\/en\/2024\/07\/22\/isla-bonita-love-festival-presents-the-inclusive-glasses-to-raise-awareness-and-normalise-key-concepts-of-the-lgtbiq-community\/"},"wordCount":263,"publisher":{"@id":"https:\/\/www.islabonitalovefestival.es\/#organization"},"image":{"@id":"https:\/\/www.islabonitalovefestival.es\/en\/2024\/07\/22\/isla-bonita-love-festival-presents-the-inclusive-glasses-to-raise-awareness-and-normalise-key-concepts-of-the-lgtbiq-community\/#primaryimage"},"thumbnailUrl":"https:\/\/www.islabonitalovefestival.es\/wp-content\/uploads\/2024\/07\/vasos_inclusivos.jpeg","articleSection":["News","Sustainability"],"inLanguage":"en-US"},{"@type":"WebPage","@id":"https:\/\/www.islabonitalovefestival.es\/en\/2024\/07\/22\/isla-bonita-love-festival-presents-the-inclusive-glasses-to-raise-awareness-and-normalise-key-concepts-of-the-lgtbiq-community\/","url":"https:\/\/www.islabonitalovefestival.es\/en\/2024\/07\/22\/isla-bonita-love-festival-presents-the-inclusive-glasses-to-raise-awareness-and-normalise-key-concepts-of-the-lgtbiq-community\/","name":"Isla Bonita Love Festival presents the \u2018inclusive glasses\u2019 to raise awareness and normalise key concepts of the LGTBIQ+ community. - Isla Bonita Love Festival","isPartOf":{"@id":"https:\/\/www.islabonitalovefestival.es\/#website"},"primaryImageOfPage":{"@id":"https:\/\/www.islabonitalovefestival.es\/en\/2024\/07\/22\/isla-bonita-love-festival-presents-the-inclusive-glasses-to-raise-awareness-and-normalise-key-concepts-of-the-lgtbiq-community\/#primaryimage"},"image":{"@id":"https:\/\/www.islabonitalovefestival.es\/en\/2024\/07\/22\/isla-bonita-love-festival-presents-the-inclusive-glasses-to-raise-awareness-and-normalise-key-concepts-of-the-lgtbiq-community\/#primaryimage"},"thumbnailUrl":"https:\/\/www.islabonitalovefestival.es\/wp-content\/uploads\/2024\/07\/vasos_inclusivos.jpeg","datePublished":"2024-07-22T17:49:31+00:00","dateModified":"2024-07-24T11:41:24+00:00","breadcrumb":{"@id":"https:\/\/www.islabonitalovefestival.es\/en\/2024\/07\/22\/isla-bonita-love-festival-presents-the-inclusive-glasses-to-raise-awareness-and-normalise-key-concepts-of-the-lgtbiq-community\/#breadcrumb"},"inLanguage":"en-US","potentialAction":[{"@type":"ReadAction","target":["https:\/\/www.islabonitalovefestival.es\/en\/2024\/07\/22\/isla-bonita-love-festival-presents-the-inclusive-glasses-to-raise-awareness-and-normalise-key-concepts-of-the-lgtbiq-community\/"]}]},{"@type":"ImageObject","inLanguage":"en-US","@id":"https:\/\/www.islabonitalovefestival.es\/en\/2024\/07\/22\/isla-bonita-love-festival-presents-the-inclusive-glasses-to-raise-awareness-and-normalise-key-concepts-of-the-lgtbiq-community\/#primaryimage","url":"https:\/\/www.islabonitalovefestival.es\/wp-content\/uploads\/2024\/07\/vasos_inclusivos.jpeg","contentUrl":"https:\/\/www.islabonitalovefestival.es\/wp-content\/uploads\/2024\/07\/vasos_inclusivos.jpeg","width":1600,"height":1172},{"@type":"BreadcrumbList","@id":"https:\/\/www.islabonitalovefestival.es\/en\/2024\/07\/22\/isla-bonita-love-festival-presents-the-inclusive-glasses-to-raise-awareness-and-normalise-key-concepts-of-the-lgtbiq-community\/#breadcrumb","itemListElement":[{"@type":"ListItem","position":1,"name":"Portada","item":"https:\/\/www.islabonitalovefestival.es\/en\/"},{"@type":"ListItem","position":2,"name":"Isla Bonita Love Festival presents the \u2018inclusive glasses\u2019 to raise awareness and normalise key concepts of the LGTBIQ+ community."}]},{"@type":"WebSite","@id":"https:\/\/www.islabonitalovefestival.es\/#website","url":"https:\/\/www.islabonitalovefestival.es\/","name":"Isla Bonita Love Festival 2024","description":"Festival de la multiculturalidad que se celebrar\u00e1 del 22 al 28 de julio de 2024 en La Palma","publisher":{"@id":"https:\/\/www.islabonitalovefestival.es\/#organization"},"alternateName":"Love Festival 2024","potentialAction":[{"@type":"SearchAction","target":{"@type":"EntryPoint","urlTemplate":"https:\/\/www.islabonitalovefestival.es\/?s={search_term_string}"},"query-input":{"@type":"PropertyValueSpecification","valueRequired":true,"valueName":"search_term_string"}}],"inLanguage":"en-US"},{"@type":"Organization","@id":"https:\/\/www.islabonitalovefestival.es\/#organization","name":"Isla Bonita Love Festival La Palma 2024","alternateName":"Love Festival","url":"https:\/\/www.islabonitalovefestival.es\/","logo":{"@type":"ImageObject","inLanguage":"en-US","@id":"https:\/\/www.islabonitalovefestival.es\/#\/schema\/logo\/image\/","url":"https:\/\/www.islabonitalovefestival.es\/wp-content\/uploads\/2024\/03\/LF24_entrada.png","contentUrl":"https:\/\/www.islabonitalovefestival.es\/wp-content\/uploads\/2024\/03\/LF24_entrada.png","width":800,"height":800,"caption":"Isla Bonita Love Festival La Palma 2024"},"image":{"@id":"https:\/\/www.islabonitalovefestival.es\/#\/schema\/logo\/image\/"},"sameAs":["https:\/\/www.facebook.com\/islabonitalovefestival\/","https:\/\/x.com\/IslaBonitaLoveF","https:\/\/www.instagram.com\/islabonitalovefest\/","https:\/\/www.youtube.com\/channel\/UCT7DqYugOSkmQ9lWVL9UTJw"],"description":"Sociedad de Promoci\u00f3n y Desarrollo econ\u00f3mico y Social de La Palma, empresa p\u00fablica dependiente del Cabildo de La Palma","email":"info@sodepal.es","telephone":"922417323","legalName":"Sociedad de Promoci\u00f3n y Desarrollo Econ\u00f3mico de la isla de La Palma S.A.U.","publishingPrinciples":"https:\/\/www.islabonitalovefestival.es\/aviso-legal\/","ownershipFundingInfo":"https:\/\/www.islabonitalovefestival.es\/aviso-legal\/","actionableFeedbackPolicy":"https:\/\/www.islabonitalovefestival.es\/aviso-legal\/","correctionsPolicy":"https:\/\/www.islabonitalovefestival.es\/aviso-legal\/","ethicsPolicy":"https:\/\/www.islabonitalovefestival.es\/aviso-legal\/","diversityPolicy":"https:\/\/www.islabonitalovefestival.es\/aviso-legal\/","diversityStaffingReport":"https:\/\/www.islabonitalovefestival.es\/aviso-legal\/"},{"@type":"Person","@id":"https:\/\/www.islabonitalovefestival.es\/#\/schema\/person\/e8c1725efa520a7107e2625e272fb763","name":"admin"}]}},"_links":{"self":[{"href":"https:\/\/www.islabonitalovefestival.es\/en\/wp-json\/wp\/v2\/posts\/18421","targetHints":{"allow":["GET"]}}],"collection":[{"href":"https:\/\/www.islabonitalovefestival.es\/en\/wp-json\/wp\/v2\/posts"}],"about":[{"href":"https:\/\/www.islabonitalovefestival.es\/en\/wp-json\/wp\/v2\/types\/post"}],"author":[{"embeddable":true,"href":"https:\/\/www.islabonitalovefestival.es\/en\/wp-json\/wp\/v2\/users\/1"}],"replies":[{"embeddable":true,"href":"https:\/\/www.islabonitalovefestival.es\/en\/wp-json\/wp\/v2\/comments?post=18421"}],"version-history":[{"count":5,"href":"https:\/\/www.islabonitalovefestival.es\/en\/wp-json\/wp\/v2\/posts\/18421\/revisions"}],"predecessor-version":[{"id":18438,"href":"https:\/\/www.islabonitalovefestival.es\/en\/wp-json\/wp\/v2\/posts\/18421\/revisions\/18438"}],"wp:featuredmedia":[{"embeddable":true,"href":"https:\/\/www.islabonitalovefestival.es\/en\/wp-json\/wp\/v2\/media\/18423"}],"wp:attachment":[{"href":"https:\/\/www.islabonitalovefestival.es\/en\/wp-json\/wp\/v2\/media?parent=18421"}],"wp:term":[{"taxonomy":"category","embeddable":true,"href":"https:\/\/www.islabonitalovefestival.es\/en\/wp-json\/wp\/v2\/categories?post=18421"},{"taxonomy":"post_tag","embeddable":true,"href":"https:\/\/www.islabonitalovefestival.es\/en\/wp-json\/wp\/v2\/tags?post=18421"}],"curies":[{"name":"wp","href":"https:\/\/api.w.org\/{rel}","templated":true}]}}