{"id":18487,"date":"2024-07-23T07:05:57","date_gmt":"2024-07-23T06:05:57","guid":{"rendered":"https:\/\/www.islabonitalovefestival.es\/?p=18487"},"modified":"2024-07-23T12:11:16","modified_gmt":"2024-07-23T11:11:16","slug":"the-love-festival-recovers-the-lighting-of-the-arches-of-puerto-de-tazacorte-with-the-lgtbiq-flag","status":"publish","type":"post","link":"https:\/\/www.islabonitalovefestival.es\/en\/2024\/07\/23\/the-love-festival-recovers-the-lighting-of-the-arches-of-puerto-de-tazacorte-with-the-lgtbiq-flag\/","title":{"rendered":"The Love Festival recovers the lighting of the arches of Puerto de Tazacorte with the LGTBIQ+ flag."},"content":{"rendered":"\t\t<div data-elementor-type=\"wp-post\" data-elementor-id=\"18487\" class=\"elementor elementor-18487\" data-elementor-post-type=\"post\">\n\t\t\t\t\t\t<section data-particle_enable=\"false\" data-particle-mobile-disabled=\"false\" class=\"elementor-section elementor-top-section elementor-element elementor-element-5d4592ee elementor-section-boxed elementor-section-height-default elementor-section-height-default\" data-id=\"5d4592ee\" data-element_type=\"section\" data-e-type=\"section\">\n\t\t\t\t\t\t<div class=\"elementor-container elementor-column-gap-default\">\n\t\t\t\t\t<div class=\"elementor-column elementor-col-100 elementor-top-column elementor-element elementor-element-329aa00\" data-id=\"329aa00\" data-element_type=\"column\" data-e-type=\"column\">\n\t\t\t<div class=\"elementor-widget-wrap elementor-element-populated\">\n\t\t\t\t\t\t<div class=\"elementor-element elementor-element-cf78c36 elementor-widget elementor-widget-text-editor\" data-id=\"cf78c36\" data-element_type=\"widget\" data-e-type=\"widget\" data-widget_type=\"text-editor.default\">\n\t\t\t\t<div class=\"elementor-widget-container\">\n\t\t\t\t\t\t\t\t\t<div class=\"field field--name-field-noticias-entradilla field--type-text-long field--label-hidden field--item\"><div class=\"field field--name-field-noticias-entradilla field--type-text-long field--label-hidden field--item\"><p>The new edition of the Isla Bonita Love Festival, organised by the Cabildo de La Palma through the public company Sodepal, recovers the illumination of the arches of the Port of Tazacorte with the colours of the LGTBIQ+ flag, one of the traditional actions of the event since its beginnings.<\/p><p>This year, in addition, this action of the Love Festival&#8217;s Social Agenda will feature a performance by Agoney, starting at 21:00 in the Avenida de la Constituci\u00f3n, in Tazacorte.<\/p><p>The singer, born in the Tenerife municipality of Adeje, rose to fame in 2017 when he participated in the casting of the ninth edition of Operaci\u00f3n Triunfo and, since his beginnings in music, he has openly shown his homosexuality, always defending the rights of the collective, both during and after the programme, an activism that has led him to be the herald of Madrid Pride.<\/p><\/div><\/div>\t\t\t\t\t\t\t\t<\/div>\n\t\t\t\t<\/div>\n\t\t\t\t\t<\/div>\n\t\t<\/div>\n\t\t\t\t\t<\/div>\n\t\t<\/section>\n\t\t\t\t<\/div>\n\t\t","protected":false},"excerpt":{"rendered":"<p>The new edition of the Isla Bonita Love Festival, organised by the Cabildo de La Palma through the public company Sodepal, recovers the illumination of the arches of the Port of Tazacorte with the colours of the LGTBIQ+ flag, one of the traditional actions of the event since its beginnings. This year, in addition, this &#8230; <a title=\"The Love Festival recovers the lighting of the arches of Puerto de Tazacorte with the LGTBIQ+ flag.\" class=\"read-more\" href=\"https:\/\/www.islabonitalovefestival.es\/en\/2024\/07\/23\/the-love-festival-recovers-the-lighting-of-the-arches-of-puerto-de-tazacorte-with-the-lgtbiq-flag\/\" aria-label=\"Read more about The Love Festival recovers the lighting of the arches of Puerto de Tazacorte with the LGTBIQ+ flag.\">Read more<\/a><\/p>\n","protected":false},"author":1,"featured_media":18455,"comment_status":"closed","ping_status":"closed","sticky":false,"template":"","format":"standard","meta":{"footnotes":""},"categories":[233],"tags":[],"class_list":["post-18487","post","type-post","status-publish","format-standard","has-post-thumbnail","hentry","category-news-en"],"yoast_head":"<!-- This site is optimized with the Yoast SEO Premium plugin v22.0 (Yoast SEO v27.0) - https:\/\/yoast.com\/product\/yoast-seo-premium-wordpress\/ -->\n<title>The Love Festival recovers the lighting of the arches of Puerto de Tazacorte with the LGTBIQ+ flag. - Isla Bonita Love Festival<\/title>\n<meta name=\"robots\" content=\"noindex, follow\" \/>\n<meta property=\"og:locale\" content=\"en_US\" \/>\n<meta property=\"og:type\" content=\"article\" \/>\n<meta property=\"og:title\" content=\"The Love Festival recovers the lighting of the arches of Puerto de Tazacorte with the LGTBIQ+ flag.\" \/>\n<meta property=\"og:description\" content=\"The new edition of the Isla Bonita Love Festival, organised by the Cabildo de La Palma through the public company Sodepal, recovers the illumination of the arches of the Port of Tazacorte with the colours of the LGTBIQ+ flag, one of the traditional actions of the event since its beginnings. This year, in addition, this ... Read more\" \/>\n<meta property=\"og:url\" content=\"https:\/\/www.islabonitalovefestival.es\/en\/2024\/07\/23\/the-love-festival-recovers-the-lighting-of-the-arches-of-puerto-de-tazacorte-with-the-lgtbiq-flag\/\" \/>\n<meta property=\"og:site_name\" content=\"Isla Bonita Love Festival\" \/>\n<meta property=\"article:publisher\" content=\"https:\/\/www.facebook.com\/islabonitalovefestival\/\" \/>\n<meta property=\"article:published_time\" content=\"2024-07-23T06:05:57+00:00\" \/>\n<meta property=\"article:modified_time\" content=\"2024-07-23T11:11:16+00:00\" \/>\n<meta property=\"og:image\" content=\"https:\/\/www.islabonitalovefestival.es\/wp-content\/uploads\/2024\/07\/Arcos_Puerto_Tazacorte-scaled.jpeg\" \/>\n\t<meta property=\"og:image:width\" content=\"2560\" \/>\n\t<meta property=\"og:image:height\" content=\"1920\" \/>\n\t<meta property=\"og:image:type\" content=\"image\/jpeg\" \/>\n<meta name=\"author\" content=\"admin\" \/>\n<meta name=\"twitter:card\" content=\"summary_large_image\" \/>\n<meta name=\"twitter:creator\" content=\"@IslaBonitaLoveF\" \/>\n<meta name=\"twitter:site\" content=\"@IslaBonitaLoveF\" \/>\n<script type=\"application\/ld+json\" class=\"yoast-schema-graph\">{\"@context\":\"https:\/\/schema.org\",\"@graph\":[{\"@type\":\"Article\",\"@id\":\"https:\/\/www.islabonitalovefestival.es\/en\/2024\/07\/23\/the-love-festival-recovers-the-lighting-of-the-arches-of-puerto-de-tazacorte-with-the-lgtbiq-flag\/#article\",\"isPartOf\":{\"@id\":\"https:\/\/www.islabonitalovefestival.es\/en\/2024\/07\/23\/the-love-festival-recovers-the-lighting-of-the-arches-of-puerto-de-tazacorte-with-the-lgtbiq-flag\/\"},\"author\":{\"name\":\"admin\",\"@id\":\"https:\/\/www.islabonitalovefestival.es\/#\/schema\/person\/e8c1725efa520a7107e2625e272fb763\"},\"headline\":\"The Love Festival recovers the lighting of the arches of Puerto de Tazacorte with the LGTBIQ+ flag.\",\"datePublished\":\"2024-07-23T06:05:57+00:00\",\"dateModified\":\"2024-07-23T11:11:16+00:00\",\"mainEntityOfPage\":{\"@id\":\"https:\/\/www.islabonitalovefestival.es\/en\/2024\/07\/23\/the-love-festival-recovers-the-lighting-of-the-arches-of-puerto-de-tazacorte-with-the-lgtbiq-flag\/\"},\"wordCount\":162,\"publisher\":{\"@id\":\"https:\/\/www.islabonitalovefestival.es\/#organization\"},\"image\":{\"@id\":\"https:\/\/www.islabonitalovefestival.es\/en\/2024\/07\/23\/the-love-festival-recovers-the-lighting-of-the-arches-of-puerto-de-tazacorte-with-the-lgtbiq-flag\/#primaryimage\"},\"thumbnailUrl\":\"https:\/\/www.islabonitalovefestival.es\/wp-content\/uploads\/2024\/07\/Arcos_Puerto_Tazacorte-scaled.jpeg\",\"articleSection\":[\"News\"],\"inLanguage\":\"en-US\"},{\"@type\":\"WebPage\",\"@id\":\"https:\/\/www.islabonitalovefestival.es\/en\/2024\/07\/23\/the-love-festival-recovers-the-lighting-of-the-arches-of-puerto-de-tazacorte-with-the-lgtbiq-flag\/\",\"url\":\"https:\/\/www.islabonitalovefestival.es\/en\/2024\/07\/23\/the-love-festival-recovers-the-lighting-of-the-arches-of-puerto-de-tazacorte-with-the-lgtbiq-flag\/\",\"name\":\"The Love Festival recovers the lighting of the arches of Puerto de Tazacorte with the LGTBIQ+ flag. - Isla Bonita Love Festival\",\"isPartOf\":{\"@id\":\"https:\/\/www.islabonitalovefestival.es\/#website\"},\"primaryImageOfPage\":{\"@id\":\"https:\/\/www.islabonitalovefestival.es\/en\/2024\/07\/23\/the-love-festival-recovers-the-lighting-of-the-arches-of-puerto-de-tazacorte-with-the-lgtbiq-flag\/#primaryimage\"},\"image\":{\"@id\":\"https:\/\/www.islabonitalovefestival.es\/en\/2024\/07\/23\/the-love-festival-recovers-the-lighting-of-the-arches-of-puerto-de-tazacorte-with-the-lgtbiq-flag\/#primaryimage\"},\"thumbnailUrl\":\"https:\/\/www.islabonitalovefestival.es\/wp-content\/uploads\/2024\/07\/Arcos_Puerto_Tazacorte-scaled.jpeg\",\"datePublished\":\"2024-07-23T06:05:57+00:00\",\"dateModified\":\"2024-07-23T11:11:16+00:00\",\"breadcrumb\":{\"@id\":\"https:\/\/www.islabonitalovefestival.es\/en\/2024\/07\/23\/the-love-festival-recovers-the-lighting-of-the-arches-of-puerto-de-tazacorte-with-the-lgtbiq-flag\/#breadcrumb\"},\"inLanguage\":\"en-US\",\"potentialAction\":[{\"@type\":\"ReadAction\",\"target\":[\"https:\/\/www.islabonitalovefestival.es\/en\/2024\/07\/23\/the-love-festival-recovers-the-lighting-of-the-arches-of-puerto-de-tazacorte-with-the-lgtbiq-flag\/\"]}]},{\"@type\":\"ImageObject\",\"inLanguage\":\"en-US\",\"@id\":\"https:\/\/www.islabonitalovefestival.es\/en\/2024\/07\/23\/the-love-festival-recovers-the-lighting-of-the-arches-of-puerto-de-tazacorte-with-the-lgtbiq-flag\/#primaryimage\",\"url\":\"https:\/\/www.islabonitalovefestival.es\/wp-content\/uploads\/2024\/07\/Arcos_Puerto_Tazacorte-scaled.jpeg\",\"contentUrl\":\"https:\/\/www.islabonitalovefestival.es\/wp-content\/uploads\/2024\/07\/Arcos_Puerto_Tazacorte-scaled.jpeg\",\"width\":2560,\"height\":1920},{\"@type\":\"BreadcrumbList\",\"@id\":\"https:\/\/www.islabonitalovefestival.es\/en\/2024\/07\/23\/the-love-festival-recovers-the-lighting-of-the-arches-of-puerto-de-tazacorte-with-the-lgtbiq-flag\/#breadcrumb\",\"itemListElement\":[{\"@type\":\"ListItem\",\"position\":1,\"name\":\"Portada\",\"item\":\"https:\/\/www.islabonitalovefestival.es\/en\/\"},{\"@type\":\"ListItem\",\"position\":2,\"name\":\"The Love Festival recovers the lighting of the arches of Puerto de Tazacorte with the LGTBIQ+ flag.\"}]},{\"@type\":\"WebSite\",\"@id\":\"https:\/\/www.islabonitalovefestival.es\/#website\",\"url\":\"https:\/\/www.islabonitalovefestival.es\/\",\"name\":\"Isla Bonita Love Festival 2024\",\"description\":\"Festival de la multiculturalidad que se celebrar\u00e1 del 22 al 28 de julio de 2024 en La Palma\",\"publisher\":{\"@id\":\"https:\/\/www.islabonitalovefestival.es\/#organization\"},\"alternateName\":\"Love Festival 2024\",\"potentialAction\":[{\"@type\":\"SearchAction\",\"target\":{\"@type\":\"EntryPoint\",\"urlTemplate\":\"https:\/\/www.islabonitalovefestival.es\/?s={search_term_string}\"},\"query-input\":{\"@type\":\"PropertyValueSpecification\",\"valueRequired\":true,\"valueName\":\"search_term_string\"}}],\"inLanguage\":\"en-US\"},{\"@type\":\"Organization\",\"@id\":\"https:\/\/www.islabonitalovefestival.es\/#organization\",\"name\":\"Isla Bonita Love Festival La Palma 2024\",\"alternateName\":\"Love Festival\",\"url\":\"https:\/\/www.islabonitalovefestival.es\/\",\"logo\":{\"@type\":\"ImageObject\",\"inLanguage\":\"en-US\",\"@id\":\"https:\/\/www.islabonitalovefestival.es\/#\/schema\/logo\/image\/\",\"url\":\"https:\/\/www.islabonitalovefestival.es\/wp-content\/uploads\/2024\/03\/LF24_entrada.png\",\"contentUrl\":\"https:\/\/www.islabonitalovefestival.es\/wp-content\/uploads\/2024\/03\/LF24_entrada.png\",\"width\":800,\"height\":800,\"caption\":\"Isla Bonita Love Festival La Palma 2024\"},\"image\":{\"@id\":\"https:\/\/www.islabonitalovefestival.es\/#\/schema\/logo\/image\/\"},\"sameAs\":[\"https:\/\/www.facebook.com\/islabonitalovefestival\/\",\"https:\/\/x.com\/IslaBonitaLoveF\",\"https:\/\/www.instagram.com\/islabonitalovefest\/\",\"https:\/\/www.youtube.com\/channel\/UCT7DqYugOSkmQ9lWVL9UTJw\"],\"description\":\"Sociedad de Promoci\u00f3n y Desarrollo econ\u00f3mico y Social de La Palma, empresa p\u00fablica dependiente del Cabildo de La Palma\",\"email\":\"info@sodepal.es\",\"telephone\":\"922417323\",\"legalName\":\"Sociedad de Promoci\u00f3n y Desarrollo Econ\u00f3mico de la isla de La Palma S.A.U.\",\"publishingPrinciples\":\"https:\/\/www.islabonitalovefestival.es\/aviso-legal\/\",\"ownershipFundingInfo\":\"https:\/\/www.islabonitalovefestival.es\/aviso-legal\/\",\"actionableFeedbackPolicy\":\"https:\/\/www.islabonitalovefestival.es\/aviso-legal\/\",\"correctionsPolicy\":\"https:\/\/www.islabonitalovefestival.es\/aviso-legal\/\",\"ethicsPolicy\":\"https:\/\/www.islabonitalovefestival.es\/aviso-legal\/\",\"diversityPolicy\":\"https:\/\/www.islabonitalovefestival.es\/aviso-legal\/\",\"diversityStaffingReport\":\"https:\/\/www.islabonitalovefestival.es\/aviso-legal\/\"},{\"@type\":\"Person\",\"@id\":\"https:\/\/www.islabonitalovefestival.es\/#\/schema\/person\/e8c1725efa520a7107e2625e272fb763\",\"name\":\"admin\"}]}<\/script>\n<!-- \/ Yoast SEO Premium plugin. -->","yoast_head_json":{"title":"The Love Festival recovers the lighting of the arches of Puerto de Tazacorte with the LGTBIQ+ flag. - Isla Bonita Love Festival","robots":{"index":"noindex","follow":"follow"},"og_locale":"en_US","og_type":"article","og_title":"The Love Festival recovers the lighting of the arches of Puerto de Tazacorte with the LGTBIQ+ flag.","og_description":"The new edition of the Isla Bonita Love Festival, organised by the Cabildo de La Palma through the public company Sodepal, recovers the illumination of the arches of the Port of Tazacorte with the colours of the LGTBIQ+ flag, one of the traditional actions of the event since its beginnings. This year, in addition, this ... Read more","og_url":"https:\/\/www.islabonitalovefestival.es\/en\/2024\/07\/23\/the-love-festival-recovers-the-lighting-of-the-arches-of-puerto-de-tazacorte-with-the-lgtbiq-flag\/","og_site_name":"Isla Bonita Love Festival","article_publisher":"https:\/\/www.facebook.com\/islabonitalovefestival\/","article_published_time":"2024-07-23T06:05:57+00:00","article_modified_time":"2024-07-23T11:11:16+00:00","og_image":[{"width":2560,"height":1920,"url":"https:\/\/www.islabonitalovefestival.es\/wp-content\/uploads\/2024\/07\/Arcos_Puerto_Tazacorte-scaled.jpeg","type":"image\/jpeg"}],"author":"admin","twitter_card":"summary_large_image","twitter_creator":"@IslaBonitaLoveF","twitter_site":"@IslaBonitaLoveF","schema":{"@context":"https:\/\/schema.org","@graph":[{"@type":"Article","@id":"https:\/\/www.islabonitalovefestival.es\/en\/2024\/07\/23\/the-love-festival-recovers-the-lighting-of-the-arches-of-puerto-de-tazacorte-with-the-lgtbiq-flag\/#article","isPartOf":{"@id":"https:\/\/www.islabonitalovefestival.es\/en\/2024\/07\/23\/the-love-festival-recovers-the-lighting-of-the-arches-of-puerto-de-tazacorte-with-the-lgtbiq-flag\/"},"author":{"name":"admin","@id":"https:\/\/www.islabonitalovefestival.es\/#\/schema\/person\/e8c1725efa520a7107e2625e272fb763"},"headline":"The Love Festival recovers the lighting of the arches of Puerto de Tazacorte with the LGTBIQ+ flag.","datePublished":"2024-07-23T06:05:57+00:00","dateModified":"2024-07-23T11:11:16+00:00","mainEntityOfPage":{"@id":"https:\/\/www.islabonitalovefestival.es\/en\/2024\/07\/23\/the-love-festival-recovers-the-lighting-of-the-arches-of-puerto-de-tazacorte-with-the-lgtbiq-flag\/"},"wordCount":162,"publisher":{"@id":"https:\/\/www.islabonitalovefestival.es\/#organization"},"image":{"@id":"https:\/\/www.islabonitalovefestival.es\/en\/2024\/07\/23\/the-love-festival-recovers-the-lighting-of-the-arches-of-puerto-de-tazacorte-with-the-lgtbiq-flag\/#primaryimage"},"thumbnailUrl":"https:\/\/www.islabonitalovefestival.es\/wp-content\/uploads\/2024\/07\/Arcos_Puerto_Tazacorte-scaled.jpeg","articleSection":["News"],"inLanguage":"en-US"},{"@type":"WebPage","@id":"https:\/\/www.islabonitalovefestival.es\/en\/2024\/07\/23\/the-love-festival-recovers-the-lighting-of-the-arches-of-puerto-de-tazacorte-with-the-lgtbiq-flag\/","url":"https:\/\/www.islabonitalovefestival.es\/en\/2024\/07\/23\/the-love-festival-recovers-the-lighting-of-the-arches-of-puerto-de-tazacorte-with-the-lgtbiq-flag\/","name":"The Love Festival recovers the lighting of the arches of Puerto de Tazacorte with the LGTBIQ+ flag. - Isla Bonita Love Festival","isPartOf":{"@id":"https:\/\/www.islabonitalovefestival.es\/#website"},"primaryImageOfPage":{"@id":"https:\/\/www.islabonitalovefestival.es\/en\/2024\/07\/23\/the-love-festival-recovers-the-lighting-of-the-arches-of-puerto-de-tazacorte-with-the-lgtbiq-flag\/#primaryimage"},"image":{"@id":"https:\/\/www.islabonitalovefestival.es\/en\/2024\/07\/23\/the-love-festival-recovers-the-lighting-of-the-arches-of-puerto-de-tazacorte-with-the-lgtbiq-flag\/#primaryimage"},"thumbnailUrl":"https:\/\/www.islabonitalovefestival.es\/wp-content\/uploads\/2024\/07\/Arcos_Puerto_Tazacorte-scaled.jpeg","datePublished":"2024-07-23T06:05:57+00:00","dateModified":"2024-07-23T11:11:16+00:00","breadcrumb":{"@id":"https:\/\/www.islabonitalovefestival.es\/en\/2024\/07\/23\/the-love-festival-recovers-the-lighting-of-the-arches-of-puerto-de-tazacorte-with-the-lgtbiq-flag\/#breadcrumb"},"inLanguage":"en-US","potentialAction":[{"@type":"ReadAction","target":["https:\/\/www.islabonitalovefestival.es\/en\/2024\/07\/23\/the-love-festival-recovers-the-lighting-of-the-arches-of-puerto-de-tazacorte-with-the-lgtbiq-flag\/"]}]},{"@type":"ImageObject","inLanguage":"en-US","@id":"https:\/\/www.islabonitalovefestival.es\/en\/2024\/07\/23\/the-love-festival-recovers-the-lighting-of-the-arches-of-puerto-de-tazacorte-with-the-lgtbiq-flag\/#primaryimage","url":"https:\/\/www.islabonitalovefestival.es\/wp-content\/uploads\/2024\/07\/Arcos_Puerto_Tazacorte-scaled.jpeg","contentUrl":"https:\/\/www.islabonitalovefestival.es\/wp-content\/uploads\/2024\/07\/Arcos_Puerto_Tazacorte-scaled.jpeg","width":2560,"height":1920},{"@type":"BreadcrumbList","@id":"https:\/\/www.islabonitalovefestival.es\/en\/2024\/07\/23\/the-love-festival-recovers-the-lighting-of-the-arches-of-puerto-de-tazacorte-with-the-lgtbiq-flag\/#breadcrumb","itemListElement":[{"@type":"ListItem","position":1,"name":"Portada","item":"https:\/\/www.islabonitalovefestival.es\/en\/"},{"@type":"ListItem","position":2,"name":"The Love Festival recovers the lighting of the arches of Puerto de Tazacorte with the LGTBIQ+ flag."}]},{"@type":"WebSite","@id":"https:\/\/www.islabonitalovefestival.es\/#website","url":"https:\/\/www.islabonitalovefestival.es\/","name":"Isla Bonita Love Festival 2024","description":"Festival de la multiculturalidad que se celebrar\u00e1 del 22 al 28 de julio de 2024 en La Palma","publisher":{"@id":"https:\/\/www.islabonitalovefestival.es\/#organization"},"alternateName":"Love Festival 2024","potentialAction":[{"@type":"SearchAction","target":{"@type":"EntryPoint","urlTemplate":"https:\/\/www.islabonitalovefestival.es\/?s={search_term_string}"},"query-input":{"@type":"PropertyValueSpecification","valueRequired":true,"valueName":"search_term_string"}}],"inLanguage":"en-US"},{"@type":"Organization","@id":"https:\/\/www.islabonitalovefestival.es\/#organization","name":"Isla Bonita Love Festival La Palma 2024","alternateName":"Love Festival","url":"https:\/\/www.islabonitalovefestival.es\/","logo":{"@type":"ImageObject","inLanguage":"en-US","@id":"https:\/\/www.islabonitalovefestival.es\/#\/schema\/logo\/image\/","url":"https:\/\/www.islabonitalovefestival.es\/wp-content\/uploads\/2024\/03\/LF24_entrada.png","contentUrl":"https:\/\/www.islabonitalovefestival.es\/wp-content\/uploads\/2024\/03\/LF24_entrada.png","width":800,"height":800,"caption":"Isla Bonita Love Festival La Palma 2024"},"image":{"@id":"https:\/\/www.islabonitalovefestival.es\/#\/schema\/logo\/image\/"},"sameAs":["https:\/\/www.facebook.com\/islabonitalovefestival\/","https:\/\/x.com\/IslaBonitaLoveF","https:\/\/www.instagram.com\/islabonitalovefest\/","https:\/\/www.youtube.com\/channel\/UCT7DqYugOSkmQ9lWVL9UTJw"],"description":"Sociedad de Promoci\u00f3n y Desarrollo econ\u00f3mico y Social de La Palma, empresa p\u00fablica dependiente del Cabildo de La Palma","email":"info@sodepal.es","telephone":"922417323","legalName":"Sociedad de Promoci\u00f3n y Desarrollo Econ\u00f3mico de la isla de La Palma S.A.U.","publishingPrinciples":"https:\/\/www.islabonitalovefestival.es\/aviso-legal\/","ownershipFundingInfo":"https:\/\/www.islabonitalovefestival.es\/aviso-legal\/","actionableFeedbackPolicy":"https:\/\/www.islabonitalovefestival.es\/aviso-legal\/","correctionsPolicy":"https:\/\/www.islabonitalovefestival.es\/aviso-legal\/","ethicsPolicy":"https:\/\/www.islabonitalovefestival.es\/aviso-legal\/","diversityPolicy":"https:\/\/www.islabonitalovefestival.es\/aviso-legal\/","diversityStaffingReport":"https:\/\/www.islabonitalovefestival.es\/aviso-legal\/"},{"@type":"Person","@id":"https:\/\/www.islabonitalovefestival.es\/#\/schema\/person\/e8c1725efa520a7107e2625e272fb763","name":"admin"}]}},"_links":{"self":[{"href":"https:\/\/www.islabonitalovefestival.es\/en\/wp-json\/wp\/v2\/posts\/18487","targetHints":{"allow":["GET"]}}],"collection":[{"href":"https:\/\/www.islabonitalovefestival.es\/en\/wp-json\/wp\/v2\/posts"}],"about":[{"href":"https:\/\/www.islabonitalovefestival.es\/en\/wp-json\/wp\/v2\/types\/post"}],"author":[{"embeddable":true,"href":"https:\/\/www.islabonitalovefestival.es\/en\/wp-json\/wp\/v2\/users\/1"}],"replies":[{"embeddable":true,"href":"https:\/\/www.islabonitalovefestival.es\/en\/wp-json\/wp\/v2\/comments?post=18487"}],"version-history":[{"count":7,"href":"https:\/\/www.islabonitalovefestival.es\/en\/wp-json\/wp\/v2\/posts\/18487\/revisions"}],"predecessor-version":[{"id":18517,"href":"https:\/\/www.islabonitalovefestival.es\/en\/wp-json\/wp\/v2\/posts\/18487\/revisions\/18517"}],"wp:featuredmedia":[{"embeddable":true,"href":"https:\/\/www.islabonitalovefestival.es\/en\/wp-json\/wp\/v2\/media\/18455"}],"wp:attachment":[{"href":"https:\/\/www.islabonitalovefestival.es\/en\/wp-json\/wp\/v2\/media?parent=18487"}],"wp:term":[{"taxonomy":"category","embeddable":true,"href":"https:\/\/www.islabonitalovefestival.es\/en\/wp-json\/wp\/v2\/categories?post=18487"},{"taxonomy":"post_tag","embeddable":true,"href":"https:\/\/www.islabonitalovefestival.es\/en\/wp-json\/wp\/v2\/tags?post=18487"}],"curies":[{"name":"wp","href":"https:\/\/api.w.org\/{rel}","templated":true}]}}