{"id":18588,"date":"2024-07-24T09:36:01","date_gmt":"2024-07-24T08:36:01","guid":{"rendered":"https:\/\/www.islabonitalovefestival.es\/?p=18588"},"modified":"2024-07-24T13:04:59","modified_gmt":"2024-07-24T12:04:59","slug":"ferchos-and-macaca-radiata-to-perform-at-love-festival-concert-after-winning-talent-contest","status":"publish","type":"post","link":"https:\/\/www.islabonitalovefestival.es\/en\/2024\/07\/24\/ferchos-and-macaca-radiata-to-perform-at-love-festival-concert-after-winning-talent-contest\/","title":{"rendered":"Ferchos and Macaca Radiata to perform at Love Festival concert after winning talent contest"},"content":{"rendered":"\t\t<div data-elementor-type=\"wp-post\" data-elementor-id=\"18588\" class=\"elementor elementor-18588\" data-elementor-post-type=\"post\">\n\t\t\t\t\t\t<section data-particle_enable=\"false\" data-particle-mobile-disabled=\"false\" class=\"elementor-section elementor-top-section elementor-element elementor-element-5d4592ee elementor-section-boxed elementor-section-height-default elementor-section-height-default\" data-id=\"5d4592ee\" data-element_type=\"section\" data-e-type=\"section\">\n\t\t\t\t\t\t<div class=\"elementor-container elementor-column-gap-default\">\n\t\t\t\t\t<div class=\"elementor-column elementor-col-100 elementor-top-column elementor-element elementor-element-329aa00\" data-id=\"329aa00\" data-element_type=\"column\" data-e-type=\"column\">\n\t\t\t<div class=\"elementor-widget-wrap elementor-element-populated\">\n\t\t\t\t\t\t<div class=\"elementor-element elementor-element-cf78c36 elementor-widget elementor-widget-text-editor\" data-id=\"cf78c36\" data-element_type=\"widget\" data-e-type=\"widget\" data-widget_type=\"text-editor.default\">\n\t\t\t\t<div class=\"elementor-widget-container\">\n\t\t\t\t\t\t\t\t\t<div class=\"field field--name-field-noticias-entradilla field--type-text-long field--label-hidden field--item\"><div class=\"field field--name-field-noticias-entradilla field--type-text-long field--label-hidden field--item\"><h4>The original singer and band from La Palma will share the stage with the likes of Ricky Martin and Martin Garrix at the musical finale of this year&#8217;s Love Festival.<\/h4><p>The singer Ferchos and the band Macaca Radiata will take part in the concert of the Love Festival 2024, joining the already announced line-up with artists such as Ricky Martin, Martin Garrix, Chanel, Ptazeta, St Pedro, Orribo and Kingdom next Saturday, 27 July, from 18:00 hours, in Puerto de Tazacorte.<\/p><p>Ferchos and Macaca Radiata have won the talent contest of the new edition of the Love Festival, \u2018an initiative that seeks to give visibility and support to local talent by promoting artists from the island and giving them the opportunity to share the stage with the other singers in the concert line-up, which has become a reference point in the cultural agenda of La Palma and the Canary Islands\u2019, says Miriam Perestelo, CEO of Sodepal.<\/p><p>The organisers of the event invite those who attend the concert to enjoy the talent from La Palma, who will take the stage at 18:00 hours, to liven up the closing of the Social Agenda of the Isla Bonita Love Festival, which has been running since 23 July with various actions that continue to promote freedom and diversity.<\/p><\/div><\/div>\t\t\t\t\t\t\t\t<\/div>\n\t\t\t\t<\/div>\n\t\t\t\t<div class=\"elementor-element elementor-element-f009e92 elementor-widget elementor-widget-image\" data-id=\"f009e92\" data-element_type=\"widget\" data-e-type=\"widget\" data-widget_type=\"image.default\">\n\t\t\t\t<div class=\"elementor-widget-container\">\n\t\t\t\t\t\t\t\t\t\t\t\t\t\t\t<img fetchpriority=\"high\" decoding=\"async\" width=\"1024\" height=\"1024\" src=\"https:\/\/www.islabonitalovefestival.es\/wp-content\/uploads\/2024\/07\/ferchos-1024x1024.png\" class=\"attachment-large size-large wp-image-18594\" alt=\"\" srcset=\"https:\/\/www.islabonitalovefestival.es\/wp-content\/uploads\/2024\/07\/ferchos-1024x1024.png 1024w, https:\/\/www.islabonitalovefestival.es\/wp-content\/uploads\/2024\/07\/ferchos-300x300.png 300w, https:\/\/www.islabonitalovefestival.es\/wp-content\/uploads\/2024\/07\/ferchos-150x150.png 150w, https:\/\/www.islabonitalovefestival.es\/wp-content\/uploads\/2024\/07\/ferchos-768x768.png 768w, https:\/\/www.islabonitalovefestival.es\/wp-content\/uploads\/2024\/07\/ferchos-1536x1536.png 1536w, https:\/\/www.islabonitalovefestival.es\/wp-content\/uploads\/2024\/07\/ferchos-2048x2048.png 2048w\" sizes=\"(max-width: 1024px) 100vw, 1024px\" \/>\t\t\t\t\t\t\t\t\t\t\t\t\t\t\t<\/div>\n\t\t\t\t<\/div>\n\t\t\t\t<div class=\"elementor-element elementor-element-ae9c545 elementor-widget elementor-widget-text-editor\" data-id=\"ae9c545\" data-element_type=\"widget\" data-e-type=\"widget\" data-widget_type=\"text-editor.default\">\n\t\t\t\t<div class=\"elementor-widget-container\">\n\t\t\t\t\t\t\t\t\t<div class=\"field field--name-field-noticias-entradilla field--type-text-long field--label-hidden field--item\"><div class=\"field field--name-field-noticias-entradilla field--type-text-long field--label-hidden field--item\"><h4>Ferchos<\/h4><p>Ferchos is the collection of artistic facets of Fernando P\u00e9rez, a native of Todoque. In this project he allows himself to put aside his profession as a computer engineer to make \u2018soft music for shy kids\u2019, as he himself puts it, exploring music as another language with which to describe the world and what it evokes in order to better understand and cope with life.<\/p><p>In 2023 he released his first EP, \u2018Es lo que hay, y ser\u00e1 lo que hubo\u2019, a journey through the differences between resignation (as an inevitable regret) and acceptance (as a next stage of peace) through songs composed since the pandemic, tested in open mikes in Madrid where he lived, and recorded with Gabriel Vidanauta, producer and presenter of the El Calvario mike.<\/p><p>This year he returns to his island to reconnect with his identity, his family and to assimilate his seven years abroad, in three countries and two different continents, with the desire to continue creating.<\/p><h4>Macaca Radiata<\/h4><p>Macaca Radiata is a band founded in 2022 by pianist Sonia Martell (1997) and guitarist and vocalist Jorge P\u00e9rez (1998), both from La Palma but who have lived for years in Madrid.<\/p><p>Since their beginning they have had a frenetic presence both in the Canarian and Madrid music scene, standing out for their own compositions and covering a wide spectrum of styles ranging from pop, rock, jazz, blues or classic New Age.<\/p><p>In 2024 they released their first album A\u00fan nos queda tiempo, produced by the producer Leandro Sabino from Buenos Aires, with the collaboration of musicians such as Andr\u00e9s Ollari (trumpet player of Fito P\u00e1ez), Daniel Acebes (cellist of C-Tangana or Antonio Carmona) or Maia Prieto (violinist of Xoel L\u00f3pez) among others.<\/p><\/div><\/div>\t\t\t\t\t\t\t\t<\/div>\n\t\t\t\t<\/div>\n\t\t\t\t\t<\/div>\n\t\t<\/div>\n\t\t\t\t\t<\/div>\n\t\t<\/section>\n\t\t\t\t<\/div>\n\t\t","protected":false},"excerpt":{"rendered":"<p>The original singer and band from La Palma will share the stage with the likes of Ricky Martin and Martin Garrix at the musical finale of this year&#8217;s Love Festival. The singer Ferchos and the band Macaca Radiata will take part in the concert of the Love Festival 2024, joining the already announced line-up with &#8230; <a title=\"Ferchos and Macaca Radiata to perform at Love Festival concert after winning talent contest\" class=\"read-more\" href=\"https:\/\/www.islabonitalovefestival.es\/en\/2024\/07\/24\/ferchos-and-macaca-radiata-to-perform-at-love-festival-concert-after-winning-talent-contest\/\" aria-label=\"Read more about Ferchos and Macaca Radiata to perform at Love Festival concert after winning talent contest\">Read more<\/a><\/p>\n","protected":false},"author":1,"featured_media":18591,"comment_status":"closed","ping_status":"closed","sticky":false,"template":"","format":"standard","meta":{"footnotes":""},"categories":[233],"tags":[],"class_list":["post-18588","post","type-post","status-publish","format-standard","has-post-thumbnail","hentry","category-news-en"],"yoast_head":"<!-- This site is optimized with the Yoast SEO Premium plugin v22.0 (Yoast SEO v27.0) - https:\/\/yoast.com\/product\/yoast-seo-premium-wordpress\/ -->\n<title>Ferchos and Macaca Radiata to perform at Love Festival concert after winning talent contest - Isla Bonita Love Festival<\/title>\n<meta name=\"robots\" content=\"noindex, follow\" \/>\n<meta property=\"og:locale\" content=\"en_US\" \/>\n<meta property=\"og:type\" content=\"article\" \/>\n<meta property=\"og:title\" content=\"Ferchos and Macaca Radiata to perform at Love Festival concert after winning talent contest\" \/>\n<meta property=\"og:description\" content=\"The original singer and band from La Palma will share the stage with the likes of Ricky Martin and Martin Garrix at the musical finale of this year&#8217;s Love Festival. The singer Ferchos and the band Macaca Radiata will take part in the concert of the Love Festival 2024, joining the already announced line-up with ... Read more\" \/>\n<meta property=\"og:url\" content=\"https:\/\/www.islabonitalovefestival.es\/en\/2024\/07\/24\/ferchos-and-macaca-radiata-to-perform-at-love-festival-concert-after-winning-talent-contest\/\" \/>\n<meta property=\"og:site_name\" content=\"Isla Bonita Love Festival\" \/>\n<meta property=\"article:publisher\" content=\"https:\/\/www.facebook.com\/islabonitalovefestival\/\" \/>\n<meta property=\"article:published_time\" content=\"2024-07-24T08:36:01+00:00\" \/>\n<meta property=\"article:modified_time\" content=\"2024-07-24T12:04:59+00:00\" \/>\n<meta property=\"og:image\" content=\"https:\/\/www.islabonitalovefestival.es\/wp-content\/uploads\/2024\/07\/macaca_radiata.png\" \/>\n\t<meta property=\"og:image:width\" content=\"2250\" \/>\n\t<meta property=\"og:image:height\" content=\"2250\" \/>\n\t<meta property=\"og:image:type\" content=\"image\/png\" \/>\n<meta name=\"author\" content=\"admin\" \/>\n<meta name=\"twitter:card\" content=\"summary_large_image\" \/>\n<meta name=\"twitter:creator\" content=\"@IslaBonitaLoveF\" \/>\n<meta name=\"twitter:site\" content=\"@IslaBonitaLoveF\" \/>\n<script type=\"application\/ld+json\" class=\"yoast-schema-graph\">{\"@context\":\"https:\/\/schema.org\",\"@graph\":[{\"@type\":\"Article\",\"@id\":\"https:\/\/www.islabonitalovefestival.es\/en\/2024\/07\/24\/ferchos-and-macaca-radiata-to-perform-at-love-festival-concert-after-winning-talent-contest\/#article\",\"isPartOf\":{\"@id\":\"https:\/\/www.islabonitalovefestival.es\/en\/2024\/07\/24\/ferchos-and-macaca-radiata-to-perform-at-love-festival-concert-after-winning-talent-contest\/\"},\"author\":{\"name\":\"admin\",\"@id\":\"https:\/\/www.islabonitalovefestival.es\/#\/schema\/person\/e8c1725efa520a7107e2625e272fb763\"},\"headline\":\"Ferchos and Macaca Radiata to perform at Love Festival concert after winning talent contest\",\"datePublished\":\"2024-07-24T08:36:01+00:00\",\"dateModified\":\"2024-07-24T12:04:59+00:00\",\"mainEntityOfPage\":{\"@id\":\"https:\/\/www.islabonitalovefestival.es\/en\/2024\/07\/24\/ferchos-and-macaca-radiata-to-perform-at-love-festival-concert-after-winning-talent-contest\/\"},\"wordCount\":512,\"publisher\":{\"@id\":\"https:\/\/www.islabonitalovefestival.es\/#organization\"},\"image\":{\"@id\":\"https:\/\/www.islabonitalovefestival.es\/en\/2024\/07\/24\/ferchos-and-macaca-radiata-to-perform-at-love-festival-concert-after-winning-talent-contest\/#primaryimage\"},\"thumbnailUrl\":\"https:\/\/www.islabonitalovefestival.es\/wp-content\/uploads\/2024\/07\/macaca_radiata.png\",\"articleSection\":[\"News\"],\"inLanguage\":\"en-US\"},{\"@type\":\"WebPage\",\"@id\":\"https:\/\/www.islabonitalovefestival.es\/en\/2024\/07\/24\/ferchos-and-macaca-radiata-to-perform-at-love-festival-concert-after-winning-talent-contest\/\",\"url\":\"https:\/\/www.islabonitalovefestival.es\/en\/2024\/07\/24\/ferchos-and-macaca-radiata-to-perform-at-love-festival-concert-after-winning-talent-contest\/\",\"name\":\"Ferchos and Macaca Radiata to perform at Love Festival concert after winning talent contest - Isla Bonita Love Festival\",\"isPartOf\":{\"@id\":\"https:\/\/www.islabonitalovefestival.es\/#website\"},\"primaryImageOfPage\":{\"@id\":\"https:\/\/www.islabonitalovefestival.es\/en\/2024\/07\/24\/ferchos-and-macaca-radiata-to-perform-at-love-festival-concert-after-winning-talent-contest\/#primaryimage\"},\"image\":{\"@id\":\"https:\/\/www.islabonitalovefestival.es\/en\/2024\/07\/24\/ferchos-and-macaca-radiata-to-perform-at-love-festival-concert-after-winning-talent-contest\/#primaryimage\"},\"thumbnailUrl\":\"https:\/\/www.islabonitalovefestival.es\/wp-content\/uploads\/2024\/07\/macaca_radiata.png\",\"datePublished\":\"2024-07-24T08:36:01+00:00\",\"dateModified\":\"2024-07-24T12:04:59+00:00\",\"breadcrumb\":{\"@id\":\"https:\/\/www.islabonitalovefestival.es\/en\/2024\/07\/24\/ferchos-and-macaca-radiata-to-perform-at-love-festival-concert-after-winning-talent-contest\/#breadcrumb\"},\"inLanguage\":\"en-US\",\"potentialAction\":[{\"@type\":\"ReadAction\",\"target\":[\"https:\/\/www.islabonitalovefestival.es\/en\/2024\/07\/24\/ferchos-and-macaca-radiata-to-perform-at-love-festival-concert-after-winning-talent-contest\/\"]}]},{\"@type\":\"ImageObject\",\"inLanguage\":\"en-US\",\"@id\":\"https:\/\/www.islabonitalovefestival.es\/en\/2024\/07\/24\/ferchos-and-macaca-radiata-to-perform-at-love-festival-concert-after-winning-talent-contest\/#primaryimage\",\"url\":\"https:\/\/www.islabonitalovefestival.es\/wp-content\/uploads\/2024\/07\/macaca_radiata.png\",\"contentUrl\":\"https:\/\/www.islabonitalovefestival.es\/wp-content\/uploads\/2024\/07\/macaca_radiata.png\",\"width\":2250,\"height\":2250},{\"@type\":\"BreadcrumbList\",\"@id\":\"https:\/\/www.islabonitalovefestival.es\/en\/2024\/07\/24\/ferchos-and-macaca-radiata-to-perform-at-love-festival-concert-after-winning-talent-contest\/#breadcrumb\",\"itemListElement\":[{\"@type\":\"ListItem\",\"position\":1,\"name\":\"Portada\",\"item\":\"https:\/\/www.islabonitalovefestival.es\/en\/\"},{\"@type\":\"ListItem\",\"position\":2,\"name\":\"Ferchos and Macaca Radiata to perform at Love Festival concert after winning talent contest\"}]},{\"@type\":\"WebSite\",\"@id\":\"https:\/\/www.islabonitalovefestival.es\/#website\",\"url\":\"https:\/\/www.islabonitalovefestival.es\/\",\"name\":\"Isla Bonita Love Festival 2024\",\"description\":\"Festival de la multiculturalidad que se celebrar\u00e1 del 22 al 28 de julio de 2024 en La Palma\",\"publisher\":{\"@id\":\"https:\/\/www.islabonitalovefestival.es\/#organization\"},\"alternateName\":\"Love Festival 2024\",\"potentialAction\":[{\"@type\":\"SearchAction\",\"target\":{\"@type\":\"EntryPoint\",\"urlTemplate\":\"https:\/\/www.islabonitalovefestival.es\/?s={search_term_string}\"},\"query-input\":{\"@type\":\"PropertyValueSpecification\",\"valueRequired\":true,\"valueName\":\"search_term_string\"}}],\"inLanguage\":\"en-US\"},{\"@type\":\"Organization\",\"@id\":\"https:\/\/www.islabonitalovefestival.es\/#organization\",\"name\":\"Isla Bonita Love Festival La Palma 2024\",\"alternateName\":\"Love Festival\",\"url\":\"https:\/\/www.islabonitalovefestival.es\/\",\"logo\":{\"@type\":\"ImageObject\",\"inLanguage\":\"en-US\",\"@id\":\"https:\/\/www.islabonitalovefestival.es\/#\/schema\/logo\/image\/\",\"url\":\"https:\/\/www.islabonitalovefestival.es\/wp-content\/uploads\/2024\/03\/LF24_entrada.png\",\"contentUrl\":\"https:\/\/www.islabonitalovefestival.es\/wp-content\/uploads\/2024\/03\/LF24_entrada.png\",\"width\":800,\"height\":800,\"caption\":\"Isla Bonita Love Festival La Palma 2024\"},\"image\":{\"@id\":\"https:\/\/www.islabonitalovefestival.es\/#\/schema\/logo\/image\/\"},\"sameAs\":[\"https:\/\/www.facebook.com\/islabonitalovefestival\/\",\"https:\/\/x.com\/IslaBonitaLoveF\",\"https:\/\/www.instagram.com\/islabonitalovefest\/\",\"https:\/\/www.youtube.com\/channel\/UCT7DqYugOSkmQ9lWVL9UTJw\"],\"description\":\"Sociedad de Promoci\u00f3n y Desarrollo econ\u00f3mico y Social de La Palma, empresa p\u00fablica dependiente del Cabildo de La Palma\",\"email\":\"info@sodepal.es\",\"telephone\":\"922417323\",\"legalName\":\"Sociedad de Promoci\u00f3n y Desarrollo Econ\u00f3mico de la isla de La Palma S.A.U.\",\"publishingPrinciples\":\"https:\/\/www.islabonitalovefestival.es\/aviso-legal\/\",\"ownershipFundingInfo\":\"https:\/\/www.islabonitalovefestival.es\/aviso-legal\/\",\"actionableFeedbackPolicy\":\"https:\/\/www.islabonitalovefestival.es\/aviso-legal\/\",\"correctionsPolicy\":\"https:\/\/www.islabonitalovefestival.es\/aviso-legal\/\",\"ethicsPolicy\":\"https:\/\/www.islabonitalovefestival.es\/aviso-legal\/\",\"diversityPolicy\":\"https:\/\/www.islabonitalovefestival.es\/aviso-legal\/\",\"diversityStaffingReport\":\"https:\/\/www.islabonitalovefestival.es\/aviso-legal\/\"},{\"@type\":\"Person\",\"@id\":\"https:\/\/www.islabonitalovefestival.es\/#\/schema\/person\/e8c1725efa520a7107e2625e272fb763\",\"name\":\"admin\"}]}<\/script>\n<!-- \/ Yoast SEO Premium plugin. -->","yoast_head_json":{"title":"Ferchos and Macaca Radiata to perform at Love Festival concert after winning talent contest - Isla Bonita Love Festival","robots":{"index":"noindex","follow":"follow"},"og_locale":"en_US","og_type":"article","og_title":"Ferchos and Macaca Radiata to perform at Love Festival concert after winning talent contest","og_description":"The original singer and band from La Palma will share the stage with the likes of Ricky Martin and Martin Garrix at the musical finale of this year&#8217;s Love Festival. The singer Ferchos and the band Macaca Radiata will take part in the concert of the Love Festival 2024, joining the already announced line-up with ... Read more","og_url":"https:\/\/www.islabonitalovefestival.es\/en\/2024\/07\/24\/ferchos-and-macaca-radiata-to-perform-at-love-festival-concert-after-winning-talent-contest\/","og_site_name":"Isla Bonita Love Festival","article_publisher":"https:\/\/www.facebook.com\/islabonitalovefestival\/","article_published_time":"2024-07-24T08:36:01+00:00","article_modified_time":"2024-07-24T12:04:59+00:00","og_image":[{"width":2250,"height":2250,"url":"https:\/\/www.islabonitalovefestival.es\/wp-content\/uploads\/2024\/07\/macaca_radiata.png","type":"image\/png"}],"author":"admin","twitter_card":"summary_large_image","twitter_creator":"@IslaBonitaLoveF","twitter_site":"@IslaBonitaLoveF","schema":{"@context":"https:\/\/schema.org","@graph":[{"@type":"Article","@id":"https:\/\/www.islabonitalovefestival.es\/en\/2024\/07\/24\/ferchos-and-macaca-radiata-to-perform-at-love-festival-concert-after-winning-talent-contest\/#article","isPartOf":{"@id":"https:\/\/www.islabonitalovefestival.es\/en\/2024\/07\/24\/ferchos-and-macaca-radiata-to-perform-at-love-festival-concert-after-winning-talent-contest\/"},"author":{"name":"admin","@id":"https:\/\/www.islabonitalovefestival.es\/#\/schema\/person\/e8c1725efa520a7107e2625e272fb763"},"headline":"Ferchos and Macaca Radiata to perform at Love Festival concert after winning talent contest","datePublished":"2024-07-24T08:36:01+00:00","dateModified":"2024-07-24T12:04:59+00:00","mainEntityOfPage":{"@id":"https:\/\/www.islabonitalovefestival.es\/en\/2024\/07\/24\/ferchos-and-macaca-radiata-to-perform-at-love-festival-concert-after-winning-talent-contest\/"},"wordCount":512,"publisher":{"@id":"https:\/\/www.islabonitalovefestival.es\/#organization"},"image":{"@id":"https:\/\/www.islabonitalovefestival.es\/en\/2024\/07\/24\/ferchos-and-macaca-radiata-to-perform-at-love-festival-concert-after-winning-talent-contest\/#primaryimage"},"thumbnailUrl":"https:\/\/www.islabonitalovefestival.es\/wp-content\/uploads\/2024\/07\/macaca_radiata.png","articleSection":["News"],"inLanguage":"en-US"},{"@type":"WebPage","@id":"https:\/\/www.islabonitalovefestival.es\/en\/2024\/07\/24\/ferchos-and-macaca-radiata-to-perform-at-love-festival-concert-after-winning-talent-contest\/","url":"https:\/\/www.islabonitalovefestival.es\/en\/2024\/07\/24\/ferchos-and-macaca-radiata-to-perform-at-love-festival-concert-after-winning-talent-contest\/","name":"Ferchos and Macaca Radiata to perform at Love Festival concert after winning talent contest - Isla Bonita Love Festival","isPartOf":{"@id":"https:\/\/www.islabonitalovefestival.es\/#website"},"primaryImageOfPage":{"@id":"https:\/\/www.islabonitalovefestival.es\/en\/2024\/07\/24\/ferchos-and-macaca-radiata-to-perform-at-love-festival-concert-after-winning-talent-contest\/#primaryimage"},"image":{"@id":"https:\/\/www.islabonitalovefestival.es\/en\/2024\/07\/24\/ferchos-and-macaca-radiata-to-perform-at-love-festival-concert-after-winning-talent-contest\/#primaryimage"},"thumbnailUrl":"https:\/\/www.islabonitalovefestival.es\/wp-content\/uploads\/2024\/07\/macaca_radiata.png","datePublished":"2024-07-24T08:36:01+00:00","dateModified":"2024-07-24T12:04:59+00:00","breadcrumb":{"@id":"https:\/\/www.islabonitalovefestival.es\/en\/2024\/07\/24\/ferchos-and-macaca-radiata-to-perform-at-love-festival-concert-after-winning-talent-contest\/#breadcrumb"},"inLanguage":"en-US","potentialAction":[{"@type":"ReadAction","target":["https:\/\/www.islabonitalovefestival.es\/en\/2024\/07\/24\/ferchos-and-macaca-radiata-to-perform-at-love-festival-concert-after-winning-talent-contest\/"]}]},{"@type":"ImageObject","inLanguage":"en-US","@id":"https:\/\/www.islabonitalovefestival.es\/en\/2024\/07\/24\/ferchos-and-macaca-radiata-to-perform-at-love-festival-concert-after-winning-talent-contest\/#primaryimage","url":"https:\/\/www.islabonitalovefestival.es\/wp-content\/uploads\/2024\/07\/macaca_radiata.png","contentUrl":"https:\/\/www.islabonitalovefestival.es\/wp-content\/uploads\/2024\/07\/macaca_radiata.png","width":2250,"height":2250},{"@type":"BreadcrumbList","@id":"https:\/\/www.islabonitalovefestival.es\/en\/2024\/07\/24\/ferchos-and-macaca-radiata-to-perform-at-love-festival-concert-after-winning-talent-contest\/#breadcrumb","itemListElement":[{"@type":"ListItem","position":1,"name":"Portada","item":"https:\/\/www.islabonitalovefestival.es\/en\/"},{"@type":"ListItem","position":2,"name":"Ferchos and Macaca Radiata to perform at Love Festival concert after winning talent contest"}]},{"@type":"WebSite","@id":"https:\/\/www.islabonitalovefestival.es\/#website","url":"https:\/\/www.islabonitalovefestival.es\/","name":"Isla Bonita Love Festival 2024","description":"Festival de la multiculturalidad que se celebrar\u00e1 del 22 al 28 de julio de 2024 en La Palma","publisher":{"@id":"https:\/\/www.islabonitalovefestival.es\/#organization"},"alternateName":"Love Festival 2024","potentialAction":[{"@type":"SearchAction","target":{"@type":"EntryPoint","urlTemplate":"https:\/\/www.islabonitalovefestival.es\/?s={search_term_string}"},"query-input":{"@type":"PropertyValueSpecification","valueRequired":true,"valueName":"search_term_string"}}],"inLanguage":"en-US"},{"@type":"Organization","@id":"https:\/\/www.islabonitalovefestival.es\/#organization","name":"Isla Bonita Love Festival La Palma 2024","alternateName":"Love Festival","url":"https:\/\/www.islabonitalovefestival.es\/","logo":{"@type":"ImageObject","inLanguage":"en-US","@id":"https:\/\/www.islabonitalovefestival.es\/#\/schema\/logo\/image\/","url":"https:\/\/www.islabonitalovefestival.es\/wp-content\/uploads\/2024\/03\/LF24_entrada.png","contentUrl":"https:\/\/www.islabonitalovefestival.es\/wp-content\/uploads\/2024\/03\/LF24_entrada.png","width":800,"height":800,"caption":"Isla Bonita Love Festival La Palma 2024"},"image":{"@id":"https:\/\/www.islabonitalovefestival.es\/#\/schema\/logo\/image\/"},"sameAs":["https:\/\/www.facebook.com\/islabonitalovefestival\/","https:\/\/x.com\/IslaBonitaLoveF","https:\/\/www.instagram.com\/islabonitalovefest\/","https:\/\/www.youtube.com\/channel\/UCT7DqYugOSkmQ9lWVL9UTJw"],"description":"Sociedad de Promoci\u00f3n y Desarrollo econ\u00f3mico y Social de La Palma, empresa p\u00fablica dependiente del Cabildo de La Palma","email":"info@sodepal.es","telephone":"922417323","legalName":"Sociedad de Promoci\u00f3n y Desarrollo Econ\u00f3mico de la isla de La Palma S.A.U.","publishingPrinciples":"https:\/\/www.islabonitalovefestival.es\/aviso-legal\/","ownershipFundingInfo":"https:\/\/www.islabonitalovefestival.es\/aviso-legal\/","actionableFeedbackPolicy":"https:\/\/www.islabonitalovefestival.es\/aviso-legal\/","correctionsPolicy":"https:\/\/www.islabonitalovefestival.es\/aviso-legal\/","ethicsPolicy":"https:\/\/www.islabonitalovefestival.es\/aviso-legal\/","diversityPolicy":"https:\/\/www.islabonitalovefestival.es\/aviso-legal\/","diversityStaffingReport":"https:\/\/www.islabonitalovefestival.es\/aviso-legal\/"},{"@type":"Person","@id":"https:\/\/www.islabonitalovefestival.es\/#\/schema\/person\/e8c1725efa520a7107e2625e272fb763","name":"admin"}]}},"_links":{"self":[{"href":"https:\/\/www.islabonitalovefestival.es\/en\/wp-json\/wp\/v2\/posts\/18588","targetHints":{"allow":["GET"]}}],"collection":[{"href":"https:\/\/www.islabonitalovefestival.es\/en\/wp-json\/wp\/v2\/posts"}],"about":[{"href":"https:\/\/www.islabonitalovefestival.es\/en\/wp-json\/wp\/v2\/types\/post"}],"author":[{"embeddable":true,"href":"https:\/\/www.islabonitalovefestival.es\/en\/wp-json\/wp\/v2\/users\/1"}],"replies":[{"embeddable":true,"href":"https:\/\/www.islabonitalovefestival.es\/en\/wp-json\/wp\/v2\/comments?post=18588"}],"version-history":[{"count":5,"href":"https:\/\/www.islabonitalovefestival.es\/en\/wp-json\/wp\/v2\/posts\/18588\/revisions"}],"predecessor-version":[{"id":18687,"href":"https:\/\/www.islabonitalovefestival.es\/en\/wp-json\/wp\/v2\/posts\/18588\/revisions\/18687"}],"wp:featuredmedia":[{"embeddable":true,"href":"https:\/\/www.islabonitalovefestival.es\/en\/wp-json\/wp\/v2\/media\/18591"}],"wp:attachment":[{"href":"https:\/\/www.islabonitalovefestival.es\/en\/wp-json\/wp\/v2\/media?parent=18588"}],"wp:term":[{"taxonomy":"category","embeddable":true,"href":"https:\/\/www.islabonitalovefestival.es\/en\/wp-json\/wp\/v2\/categories?post=18588"},{"taxonomy":"post_tag","embeddable":true,"href":"https:\/\/www.islabonitalovefestival.es\/en\/wp-json\/wp\/v2\/tags?post=18588"}],"curies":[{"name":"wp","href":"https:\/\/api.w.org\/{rel}","templated":true}]}}