{"id":18647,"date":"2024-07-24T10:05:21","date_gmt":"2024-07-24T09:05:21","guid":{"rendered":"https:\/\/www.islabonitalovefestival.es\/?p=18647"},"modified":"2024-07-24T13:09:22","modified_gmt":"2024-07-24T12:09:22","slug":"tamara-pena-cuanto-mas-visibles-son-mas-seguras-se-pueden-sentir-las-personas","status":"publish","type":"post","link":"https:\/\/www.islabonitalovefestival.es\/en\/2024\/07\/24\/tamara-pena-cuanto-mas-visibles-son-mas-seguras-se-pueden-sentir-las-personas\/","title":{"rendered":"Tamara Pe\u00f1a: \u201cCuanto m\u00e1s visibles son, m\u00e1s seguras se pueden sentir las personas\u201d"},"content":{"rendered":"\t\t<div data-elementor-type=\"wp-post\" data-elementor-id=\"18647\" class=\"elementor elementor-18647\" data-elementor-post-type=\"post\">\n\t\t\t\t\t\t<section data-particle_enable=\"false\" data-particle-mobile-disabled=\"false\" class=\"elementor-section elementor-top-section elementor-element elementor-element-5d4592ee elementor-section-boxed elementor-section-height-default elementor-section-height-default\" data-id=\"5d4592ee\" data-element_type=\"section\" data-e-type=\"section\">\n\t\t\t\t\t\t<div class=\"elementor-container elementor-column-gap-default\">\n\t\t\t\t\t<div class=\"elementor-column elementor-col-100 elementor-top-column elementor-element elementor-element-329aa00\" data-id=\"329aa00\" data-element_type=\"column\" data-e-type=\"column\">\n\t\t\t<div class=\"elementor-widget-wrap elementor-element-populated\">\n\t\t\t\t\t\t<div class=\"elementor-element elementor-element-cf78c36 elementor-widget elementor-widget-text-editor\" data-id=\"cf78c36\" data-element_type=\"widget\" data-e-type=\"widget\" data-widget_type=\"text-editor.default\">\n\t\t\t\t<div class=\"elementor-widget-container\">\n\t\t\t\t\t\t\t\t\t<div class=\"field field--name-field-noticias-entradilla field--type-text-long field--label-hidden field--item\"><div class=\"field field--name-field-noticias-entradilla field--type-text-long field--label-hidden field--item\"><p>Tamara Pe\u00f1a, president of Violetas LGBTI+, visited the set of LOVE TV, the exclusive content channel of the Isla Bonita Love Festival, this Tuesday to talk about the challenges faced by the collective in the context of interviews, talks and events of the festival&#8217;s social week.<\/p><p>During her interview for LOVE TV, the president of the main group on the island tells us that the LGTBI+ population on the island is still facing discriminatory acts. Through specific situations that the association has dealt with, she explains the case of a couple of women from La Palma who have had problems registering their baby because the name chosen \u2018they don&#8217;t know if it is a boy or a girl\u2019.<\/p><p>The couple, who had chosen a non-binary name for their baby, contacted the Violetas collective, which provided counselling services so that the mothers could exercise their right to register a non-binary name.<\/p><p>Tamara Pe\u00f1a reports that the \u2018calls for help\u2019 from people in the collective \u2018are continuous\u2019. \u2018People face bullying at work, not getting a job because they are trans&#8230; This happens all over the world and here on La Palma as well\u2019, she adds.<\/p><p>The president of Violetas also addressed the issue of how sexilio, a phenomenon whereby people are forced to leave their village or environment because of LGTBIphobic discrimination, is experienced on the island. \u2018Through a study we conducted, we know that it is something that is happening. From this study came the sexilio: people who don&#8217;t feel good here, who can&#8217;t be, who don&#8217;t feel free and go to a place where they can go unnoticed\u2019, she explains.<\/p><p>Along the same lines, Pe\u00f1a also discussed which measures or policies make one place safer than another, given that in this study there was also a part of the population that considered some areas of the island to be safer. In other words, \u2018the more visible you are, or the more impact the activities you carry out as a council have, the safer people may feel\u2019.<\/p><p>The activist affirms that, in general, \u2018if I see a flag in a bar or in a town hall, or if I see that they are doing an event that is for me &#8211; because, again, what is not named does not exist &#8211; maybe I think that people are at least talking about people like me\u2019.<\/p><p>On the future challenges for the collective, the president considers that these include growing, educating and having more spaces for LGBTI+ people.<\/p><\/div><\/div>\t\t\t\t\t\t\t\t<\/div>\n\t\t\t\t<\/div>\n\t\t\t\t<div class=\"elementor-element elementor-element-1c94b39 elementor-widget elementor-widget-video\" data-id=\"1c94b39\" data-element_type=\"widget\" data-e-type=\"widget\" data-settings=\"{&quot;youtube_url&quot;:&quot;https:\\\/\\\/www.youtube.com\\\/watch?v=0peTAsEOEtg&quot;,&quot;video_type&quot;:&quot;youtube&quot;,&quot;controls&quot;:&quot;yes&quot;}\" data-widget_type=\"video.default\">\n\t\t\t\t<div class=\"elementor-widget-container\">\n\t\t\t\t\t\t\t<div class=\"elementor-wrapper elementor-open-inline\">\n\t\t\t<div class=\"elementor-video\"><\/div>\t\t<\/div>\n\t\t\t\t\t\t<\/div>\n\t\t\t\t<\/div>\n\t\t\t\t\t<\/div>\n\t\t<\/div>\n\t\t\t\t\t<\/div>\n\t\t<\/section>\n\t\t\t\t<\/div>\n\t\t","protected":false},"excerpt":{"rendered":"<p>Tamara Pe\u00f1a, president of Violetas LGBTI+, visited the set of LOVE TV, the exclusive content channel of the Isla Bonita Love Festival, this Tuesday to talk about the challenges faced by the collective in the context of interviews, talks and events of the festival&#8217;s social week. During her interview for LOVE TV, the president of &#8230; <a title=\"Tamara Pe\u00f1a: \u201cCuanto m\u00e1s visibles son, m\u00e1s seguras se pueden sentir las personas\u201d\" class=\"read-more\" href=\"https:\/\/www.islabonitalovefestival.es\/en\/2024\/07\/24\/tamara-pena-cuanto-mas-visibles-son-mas-seguras-se-pueden-sentir-las-personas\/\" aria-label=\"Read more about Tamara Pe\u00f1a: \u201cCuanto m\u00e1s visibles son, m\u00e1s seguras se pueden sentir las personas\u201d\">Read more<\/a><\/p>\n","protected":false},"author":1,"featured_media":18649,"comment_status":"closed","ping_status":"closed","sticky":false,"template":"","format":"standard","meta":{"footnotes":""},"categories":[233],"tags":[],"class_list":["post-18647","post","type-post","status-publish","format-standard","has-post-thumbnail","hentry","category-news-en"],"yoast_head":"<!-- This site is optimized with the Yoast SEO Premium plugin v22.0 (Yoast SEO v27.0) - https:\/\/yoast.com\/product\/yoast-seo-premium-wordpress\/ -->\n<title>Tamara Pe\u00f1a: \u201cCuanto m\u00e1s visibles son, m\u00e1s seguras se pueden sentir las personas\u201d - Isla Bonita Love Festival<\/title>\n<meta name=\"robots\" content=\"noindex, follow\" \/>\n<meta property=\"og:locale\" content=\"en_US\" \/>\n<meta property=\"og:type\" content=\"article\" \/>\n<meta property=\"og:title\" content=\"Tamara Pe\u00f1a: \u201cCuanto m\u00e1s visibles son, m\u00e1s seguras se pueden sentir las personas\u201d\" \/>\n<meta property=\"og:description\" content=\"Tamara Pe\u00f1a, president of Violetas LGBTI+, visited the set of LOVE TV, the exclusive content channel of the Isla Bonita Love Festival, this Tuesday to talk about the challenges faced by the collective in the context of interviews, talks and events of the festival&#8217;s social week. During her interview for LOVE TV, the president of ... Read more\" \/>\n<meta property=\"og:url\" content=\"https:\/\/www.islabonitalovefestival.es\/en\/2024\/07\/24\/tamara-pena-cuanto-mas-visibles-son-mas-seguras-se-pueden-sentir-las-personas\/\" \/>\n<meta property=\"og:site_name\" content=\"Isla Bonita Love Festival\" \/>\n<meta property=\"article:publisher\" content=\"https:\/\/www.facebook.com\/islabonitalovefestival\/\" \/>\n<meta property=\"article:published_time\" content=\"2024-07-24T09:05:21+00:00\" \/>\n<meta property=\"article:modified_time\" content=\"2024-07-24T12:09:22+00:00\" \/>\n<meta property=\"og:image\" content=\"https:\/\/www.islabonitalovefestival.es\/wp-content\/uploads\/2024\/07\/Tamara_Pena.jpeg\" \/>\n\t<meta property=\"og:image:width\" content=\"2048\" \/>\n\t<meta property=\"og:image:height\" content=\"1307\" \/>\n\t<meta property=\"og:image:type\" content=\"image\/jpeg\" \/>\n<meta name=\"author\" content=\"admin\" \/>\n<meta name=\"twitter:card\" content=\"summary_large_image\" \/>\n<meta name=\"twitter:creator\" content=\"@IslaBonitaLoveF\" \/>\n<meta name=\"twitter:site\" content=\"@IslaBonitaLoveF\" \/>\n<script type=\"application\/ld+json\" class=\"yoast-schema-graph\">{\"@context\":\"https:\/\/schema.org\",\"@graph\":[{\"@type\":\"Article\",\"@id\":\"https:\/\/www.islabonitalovefestival.es\/en\/2024\/07\/24\/tamara-pena-cuanto-mas-visibles-son-mas-seguras-se-pueden-sentir-las-personas\/#article\",\"isPartOf\":{\"@id\":\"https:\/\/www.islabonitalovefestival.es\/en\/2024\/07\/24\/tamara-pena-cuanto-mas-visibles-son-mas-seguras-se-pueden-sentir-las-personas\/\"},\"author\":{\"name\":\"admin\",\"@id\":\"https:\/\/www.islabonitalovefestival.es\/#\/schema\/person\/e8c1725efa520a7107e2625e272fb763\"},\"headline\":\"Tamara Pe\u00f1a: \u201cCuanto m\u00e1s visibles son, m\u00e1s seguras se pueden sentir las personas\u201d\",\"datePublished\":\"2024-07-24T09:05:21+00:00\",\"dateModified\":\"2024-07-24T12:09:22+00:00\",\"mainEntityOfPage\":{\"@id\":\"https:\/\/www.islabonitalovefestival.es\/en\/2024\/07\/24\/tamara-pena-cuanto-mas-visibles-son-mas-seguras-se-pueden-sentir-las-personas\/\"},\"wordCount\":446,\"publisher\":{\"@id\":\"https:\/\/www.islabonitalovefestival.es\/#organization\"},\"image\":{\"@id\":\"https:\/\/www.islabonitalovefestival.es\/en\/2024\/07\/24\/tamara-pena-cuanto-mas-visibles-son-mas-seguras-se-pueden-sentir-las-personas\/#primaryimage\"},\"thumbnailUrl\":\"https:\/\/www.islabonitalovefestival.es\/wp-content\/uploads\/2024\/07\/Tamara_Pena.jpeg\",\"articleSection\":[\"News\"],\"inLanguage\":\"en-US\"},{\"@type\":\"WebPage\",\"@id\":\"https:\/\/www.islabonitalovefestival.es\/en\/2024\/07\/24\/tamara-pena-cuanto-mas-visibles-son-mas-seguras-se-pueden-sentir-las-personas\/\",\"url\":\"https:\/\/www.islabonitalovefestival.es\/en\/2024\/07\/24\/tamara-pena-cuanto-mas-visibles-son-mas-seguras-se-pueden-sentir-las-personas\/\",\"name\":\"Tamara Pe\u00f1a: \u201cCuanto m\u00e1s visibles son, m\u00e1s seguras se pueden sentir las personas\u201d - Isla Bonita Love Festival\",\"isPartOf\":{\"@id\":\"https:\/\/www.islabonitalovefestival.es\/#website\"},\"primaryImageOfPage\":{\"@id\":\"https:\/\/www.islabonitalovefestival.es\/en\/2024\/07\/24\/tamara-pena-cuanto-mas-visibles-son-mas-seguras-se-pueden-sentir-las-personas\/#primaryimage\"},\"image\":{\"@id\":\"https:\/\/www.islabonitalovefestival.es\/en\/2024\/07\/24\/tamara-pena-cuanto-mas-visibles-son-mas-seguras-se-pueden-sentir-las-personas\/#primaryimage\"},\"thumbnailUrl\":\"https:\/\/www.islabonitalovefestival.es\/wp-content\/uploads\/2024\/07\/Tamara_Pena.jpeg\",\"datePublished\":\"2024-07-24T09:05:21+00:00\",\"dateModified\":\"2024-07-24T12:09:22+00:00\",\"breadcrumb\":{\"@id\":\"https:\/\/www.islabonitalovefestival.es\/en\/2024\/07\/24\/tamara-pena-cuanto-mas-visibles-son-mas-seguras-se-pueden-sentir-las-personas\/#breadcrumb\"},\"inLanguage\":\"en-US\",\"potentialAction\":[{\"@type\":\"ReadAction\",\"target\":[\"https:\/\/www.islabonitalovefestival.es\/en\/2024\/07\/24\/tamara-pena-cuanto-mas-visibles-son-mas-seguras-se-pueden-sentir-las-personas\/\"]}]},{\"@type\":\"ImageObject\",\"inLanguage\":\"en-US\",\"@id\":\"https:\/\/www.islabonitalovefestival.es\/en\/2024\/07\/24\/tamara-pena-cuanto-mas-visibles-son-mas-seguras-se-pueden-sentir-las-personas\/#primaryimage\",\"url\":\"https:\/\/www.islabonitalovefestival.es\/wp-content\/uploads\/2024\/07\/Tamara_Pena.jpeg\",\"contentUrl\":\"https:\/\/www.islabonitalovefestival.es\/wp-content\/uploads\/2024\/07\/Tamara_Pena.jpeg\",\"width\":2048,\"height\":1307},{\"@type\":\"BreadcrumbList\",\"@id\":\"https:\/\/www.islabonitalovefestival.es\/en\/2024\/07\/24\/tamara-pena-cuanto-mas-visibles-son-mas-seguras-se-pueden-sentir-las-personas\/#breadcrumb\",\"itemListElement\":[{\"@type\":\"ListItem\",\"position\":1,\"name\":\"Portada\",\"item\":\"https:\/\/www.islabonitalovefestival.es\/en\/\"},{\"@type\":\"ListItem\",\"position\":2,\"name\":\"Tamara Pe\u00f1a: \u201cCuanto m\u00e1s visibles son, m\u00e1s seguras se pueden sentir las personas\u201d\"}]},{\"@type\":\"WebSite\",\"@id\":\"https:\/\/www.islabonitalovefestival.es\/#website\",\"url\":\"https:\/\/www.islabonitalovefestival.es\/\",\"name\":\"Isla Bonita Love Festival 2024\",\"description\":\"Festival de la multiculturalidad que se celebrar\u00e1 del 22 al 28 de julio de 2024 en La Palma\",\"publisher\":{\"@id\":\"https:\/\/www.islabonitalovefestival.es\/#organization\"},\"alternateName\":\"Love Festival 2024\",\"potentialAction\":[{\"@type\":\"SearchAction\",\"target\":{\"@type\":\"EntryPoint\",\"urlTemplate\":\"https:\/\/www.islabonitalovefestival.es\/?s={search_term_string}\"},\"query-input\":{\"@type\":\"PropertyValueSpecification\",\"valueRequired\":true,\"valueName\":\"search_term_string\"}}],\"inLanguage\":\"en-US\"},{\"@type\":\"Organization\",\"@id\":\"https:\/\/www.islabonitalovefestival.es\/#organization\",\"name\":\"Isla Bonita Love Festival La Palma 2024\",\"alternateName\":\"Love Festival\",\"url\":\"https:\/\/www.islabonitalovefestival.es\/\",\"logo\":{\"@type\":\"ImageObject\",\"inLanguage\":\"en-US\",\"@id\":\"https:\/\/www.islabonitalovefestival.es\/#\/schema\/logo\/image\/\",\"url\":\"https:\/\/www.islabonitalovefestival.es\/wp-content\/uploads\/2024\/03\/LF24_entrada.png\",\"contentUrl\":\"https:\/\/www.islabonitalovefestival.es\/wp-content\/uploads\/2024\/03\/LF24_entrada.png\",\"width\":800,\"height\":800,\"caption\":\"Isla Bonita Love Festival La Palma 2024\"},\"image\":{\"@id\":\"https:\/\/www.islabonitalovefestival.es\/#\/schema\/logo\/image\/\"},\"sameAs\":[\"https:\/\/www.facebook.com\/islabonitalovefestival\/\",\"https:\/\/x.com\/IslaBonitaLoveF\",\"https:\/\/www.instagram.com\/islabonitalovefest\/\",\"https:\/\/www.youtube.com\/channel\/UCT7DqYugOSkmQ9lWVL9UTJw\"],\"description\":\"Sociedad de Promoci\u00f3n y Desarrollo econ\u00f3mico y Social de La Palma, empresa p\u00fablica dependiente del Cabildo de La Palma\",\"email\":\"info@sodepal.es\",\"telephone\":\"922417323\",\"legalName\":\"Sociedad de Promoci\u00f3n y Desarrollo Econ\u00f3mico de la isla de La Palma S.A.U.\",\"publishingPrinciples\":\"https:\/\/www.islabonitalovefestival.es\/aviso-legal\/\",\"ownershipFundingInfo\":\"https:\/\/www.islabonitalovefestival.es\/aviso-legal\/\",\"actionableFeedbackPolicy\":\"https:\/\/www.islabonitalovefestival.es\/aviso-legal\/\",\"correctionsPolicy\":\"https:\/\/www.islabonitalovefestival.es\/aviso-legal\/\",\"ethicsPolicy\":\"https:\/\/www.islabonitalovefestival.es\/aviso-legal\/\",\"diversityPolicy\":\"https:\/\/www.islabonitalovefestival.es\/aviso-legal\/\",\"diversityStaffingReport\":\"https:\/\/www.islabonitalovefestival.es\/aviso-legal\/\"},{\"@type\":\"Person\",\"@id\":\"https:\/\/www.islabonitalovefestival.es\/#\/schema\/person\/e8c1725efa520a7107e2625e272fb763\",\"name\":\"admin\"}]}<\/script>\n<!-- \/ Yoast SEO Premium plugin. -->","yoast_head_json":{"title":"Tamara Pe\u00f1a: \u201cCuanto m\u00e1s visibles son, m\u00e1s seguras se pueden sentir las personas\u201d - Isla Bonita Love Festival","robots":{"index":"noindex","follow":"follow"},"og_locale":"en_US","og_type":"article","og_title":"Tamara Pe\u00f1a: \u201cCuanto m\u00e1s visibles son, m\u00e1s seguras se pueden sentir las personas\u201d","og_description":"Tamara Pe\u00f1a, president of Violetas LGBTI+, visited the set of LOVE TV, the exclusive content channel of the Isla Bonita Love Festival, this Tuesday to talk about the challenges faced by the collective in the context of interviews, talks and events of the festival&#8217;s social week. During her interview for LOVE TV, the president of ... Read more","og_url":"https:\/\/www.islabonitalovefestival.es\/en\/2024\/07\/24\/tamara-pena-cuanto-mas-visibles-son-mas-seguras-se-pueden-sentir-las-personas\/","og_site_name":"Isla Bonita Love Festival","article_publisher":"https:\/\/www.facebook.com\/islabonitalovefestival\/","article_published_time":"2024-07-24T09:05:21+00:00","article_modified_time":"2024-07-24T12:09:22+00:00","og_image":[{"width":2048,"height":1307,"url":"https:\/\/www.islabonitalovefestival.es\/wp-content\/uploads\/2024\/07\/Tamara_Pena.jpeg","type":"image\/jpeg"}],"author":"admin","twitter_card":"summary_large_image","twitter_creator":"@IslaBonitaLoveF","twitter_site":"@IslaBonitaLoveF","schema":{"@context":"https:\/\/schema.org","@graph":[{"@type":"Article","@id":"https:\/\/www.islabonitalovefestival.es\/en\/2024\/07\/24\/tamara-pena-cuanto-mas-visibles-son-mas-seguras-se-pueden-sentir-las-personas\/#article","isPartOf":{"@id":"https:\/\/www.islabonitalovefestival.es\/en\/2024\/07\/24\/tamara-pena-cuanto-mas-visibles-son-mas-seguras-se-pueden-sentir-las-personas\/"},"author":{"name":"admin","@id":"https:\/\/www.islabonitalovefestival.es\/#\/schema\/person\/e8c1725efa520a7107e2625e272fb763"},"headline":"Tamara Pe\u00f1a: \u201cCuanto m\u00e1s visibles son, m\u00e1s seguras se pueden sentir las personas\u201d","datePublished":"2024-07-24T09:05:21+00:00","dateModified":"2024-07-24T12:09:22+00:00","mainEntityOfPage":{"@id":"https:\/\/www.islabonitalovefestival.es\/en\/2024\/07\/24\/tamara-pena-cuanto-mas-visibles-son-mas-seguras-se-pueden-sentir-las-personas\/"},"wordCount":446,"publisher":{"@id":"https:\/\/www.islabonitalovefestival.es\/#organization"},"image":{"@id":"https:\/\/www.islabonitalovefestival.es\/en\/2024\/07\/24\/tamara-pena-cuanto-mas-visibles-son-mas-seguras-se-pueden-sentir-las-personas\/#primaryimage"},"thumbnailUrl":"https:\/\/www.islabonitalovefestival.es\/wp-content\/uploads\/2024\/07\/Tamara_Pena.jpeg","articleSection":["News"],"inLanguage":"en-US"},{"@type":"WebPage","@id":"https:\/\/www.islabonitalovefestival.es\/en\/2024\/07\/24\/tamara-pena-cuanto-mas-visibles-son-mas-seguras-se-pueden-sentir-las-personas\/","url":"https:\/\/www.islabonitalovefestival.es\/en\/2024\/07\/24\/tamara-pena-cuanto-mas-visibles-son-mas-seguras-se-pueden-sentir-las-personas\/","name":"Tamara Pe\u00f1a: \u201cCuanto m\u00e1s visibles son, m\u00e1s seguras se pueden sentir las personas\u201d - Isla Bonita Love Festival","isPartOf":{"@id":"https:\/\/www.islabonitalovefestival.es\/#website"},"primaryImageOfPage":{"@id":"https:\/\/www.islabonitalovefestival.es\/en\/2024\/07\/24\/tamara-pena-cuanto-mas-visibles-son-mas-seguras-se-pueden-sentir-las-personas\/#primaryimage"},"image":{"@id":"https:\/\/www.islabonitalovefestival.es\/en\/2024\/07\/24\/tamara-pena-cuanto-mas-visibles-son-mas-seguras-se-pueden-sentir-las-personas\/#primaryimage"},"thumbnailUrl":"https:\/\/www.islabonitalovefestival.es\/wp-content\/uploads\/2024\/07\/Tamara_Pena.jpeg","datePublished":"2024-07-24T09:05:21+00:00","dateModified":"2024-07-24T12:09:22+00:00","breadcrumb":{"@id":"https:\/\/www.islabonitalovefestival.es\/en\/2024\/07\/24\/tamara-pena-cuanto-mas-visibles-son-mas-seguras-se-pueden-sentir-las-personas\/#breadcrumb"},"inLanguage":"en-US","potentialAction":[{"@type":"ReadAction","target":["https:\/\/www.islabonitalovefestival.es\/en\/2024\/07\/24\/tamara-pena-cuanto-mas-visibles-son-mas-seguras-se-pueden-sentir-las-personas\/"]}]},{"@type":"ImageObject","inLanguage":"en-US","@id":"https:\/\/www.islabonitalovefestival.es\/en\/2024\/07\/24\/tamara-pena-cuanto-mas-visibles-son-mas-seguras-se-pueden-sentir-las-personas\/#primaryimage","url":"https:\/\/www.islabonitalovefestival.es\/wp-content\/uploads\/2024\/07\/Tamara_Pena.jpeg","contentUrl":"https:\/\/www.islabonitalovefestival.es\/wp-content\/uploads\/2024\/07\/Tamara_Pena.jpeg","width":2048,"height":1307},{"@type":"BreadcrumbList","@id":"https:\/\/www.islabonitalovefestival.es\/en\/2024\/07\/24\/tamara-pena-cuanto-mas-visibles-son-mas-seguras-se-pueden-sentir-las-personas\/#breadcrumb","itemListElement":[{"@type":"ListItem","position":1,"name":"Portada","item":"https:\/\/www.islabonitalovefestival.es\/en\/"},{"@type":"ListItem","position":2,"name":"Tamara Pe\u00f1a: \u201cCuanto m\u00e1s visibles son, m\u00e1s seguras se pueden sentir las personas\u201d"}]},{"@type":"WebSite","@id":"https:\/\/www.islabonitalovefestival.es\/#website","url":"https:\/\/www.islabonitalovefestival.es\/","name":"Isla Bonita Love Festival 2024","description":"Festival de la multiculturalidad que se celebrar\u00e1 del 22 al 28 de julio de 2024 en La Palma","publisher":{"@id":"https:\/\/www.islabonitalovefestival.es\/#organization"},"alternateName":"Love Festival 2024","potentialAction":[{"@type":"SearchAction","target":{"@type":"EntryPoint","urlTemplate":"https:\/\/www.islabonitalovefestival.es\/?s={search_term_string}"},"query-input":{"@type":"PropertyValueSpecification","valueRequired":true,"valueName":"search_term_string"}}],"inLanguage":"en-US"},{"@type":"Organization","@id":"https:\/\/www.islabonitalovefestival.es\/#organization","name":"Isla Bonita Love Festival La Palma 2024","alternateName":"Love Festival","url":"https:\/\/www.islabonitalovefestival.es\/","logo":{"@type":"ImageObject","inLanguage":"en-US","@id":"https:\/\/www.islabonitalovefestival.es\/#\/schema\/logo\/image\/","url":"https:\/\/www.islabonitalovefestival.es\/wp-content\/uploads\/2024\/03\/LF24_entrada.png","contentUrl":"https:\/\/www.islabonitalovefestival.es\/wp-content\/uploads\/2024\/03\/LF24_entrada.png","width":800,"height":800,"caption":"Isla Bonita Love Festival La Palma 2024"},"image":{"@id":"https:\/\/www.islabonitalovefestival.es\/#\/schema\/logo\/image\/"},"sameAs":["https:\/\/www.facebook.com\/islabonitalovefestival\/","https:\/\/x.com\/IslaBonitaLoveF","https:\/\/www.instagram.com\/islabonitalovefest\/","https:\/\/www.youtube.com\/channel\/UCT7DqYugOSkmQ9lWVL9UTJw"],"description":"Sociedad de Promoci\u00f3n y Desarrollo econ\u00f3mico y Social de La Palma, empresa p\u00fablica dependiente del Cabildo de La Palma","email":"info@sodepal.es","telephone":"922417323","legalName":"Sociedad de Promoci\u00f3n y Desarrollo Econ\u00f3mico de la isla de La Palma S.A.U.","publishingPrinciples":"https:\/\/www.islabonitalovefestival.es\/aviso-legal\/","ownershipFundingInfo":"https:\/\/www.islabonitalovefestival.es\/aviso-legal\/","actionableFeedbackPolicy":"https:\/\/www.islabonitalovefestival.es\/aviso-legal\/","correctionsPolicy":"https:\/\/www.islabonitalovefestival.es\/aviso-legal\/","ethicsPolicy":"https:\/\/www.islabonitalovefestival.es\/aviso-legal\/","diversityPolicy":"https:\/\/www.islabonitalovefestival.es\/aviso-legal\/","diversityStaffingReport":"https:\/\/www.islabonitalovefestival.es\/aviso-legal\/"},{"@type":"Person","@id":"https:\/\/www.islabonitalovefestival.es\/#\/schema\/person\/e8c1725efa520a7107e2625e272fb763","name":"admin"}]}},"_links":{"self":[{"href":"https:\/\/www.islabonitalovefestival.es\/en\/wp-json\/wp\/v2\/posts\/18647","targetHints":{"allow":["GET"]}}],"collection":[{"href":"https:\/\/www.islabonitalovefestival.es\/en\/wp-json\/wp\/v2\/posts"}],"about":[{"href":"https:\/\/www.islabonitalovefestival.es\/en\/wp-json\/wp\/v2\/types\/post"}],"author":[{"embeddable":true,"href":"https:\/\/www.islabonitalovefestival.es\/en\/wp-json\/wp\/v2\/users\/1"}],"replies":[{"embeddable":true,"href":"https:\/\/www.islabonitalovefestival.es\/en\/wp-json\/wp\/v2\/comments?post=18647"}],"version-history":[{"count":5,"href":"https:\/\/www.islabonitalovefestival.es\/en\/wp-json\/wp\/v2\/posts\/18647\/revisions"}],"predecessor-version":[{"id":18699,"href":"https:\/\/www.islabonitalovefestival.es\/en\/wp-json\/wp\/v2\/posts\/18647\/revisions\/18699"}],"wp:featuredmedia":[{"embeddable":true,"href":"https:\/\/www.islabonitalovefestival.es\/en\/wp-json\/wp\/v2\/media\/18649"}],"wp:attachment":[{"href":"https:\/\/www.islabonitalovefestival.es\/en\/wp-json\/wp\/v2\/media?parent=18647"}],"wp:term":[{"taxonomy":"category","embeddable":true,"href":"https:\/\/www.islabonitalovefestival.es\/en\/wp-json\/wp\/v2\/categories?post=18647"},{"taxonomy":"post_tag","embeddable":true,"href":"https:\/\/www.islabonitalovefestival.es\/en\/wp-json\/wp\/v2\/tags?post=18647"}],"curies":[{"name":"wp","href":"https:\/\/api.w.org\/{rel}","templated":true}]}}