{"id":18725,"date":"2024-07-24T16:10:47","date_gmt":"2024-07-24T15:10:47","guid":{"rendered":"https:\/\/www.islabonitalovefestival.es\/?p=18725"},"modified":"2024-07-24T16:27:34","modified_gmt":"2024-07-24T15:27:34","slug":"carla-antonelli-when-we-are-going-to-decide-what-our-life-is-we-have-lost-many-years","status":"publish","type":"post","link":"https:\/\/www.islabonitalovefestival.es\/en\/2024\/07\/24\/carla-antonelli-when-we-are-going-to-decide-what-our-life-is-we-have-lost-many-years\/","title":{"rendered":"Carla Antonelli: \u2018When we are going to decide what our life is, we have lost many years\u2019."},"content":{"rendered":"\t\t<div data-elementor-type=\"wp-post\" data-elementor-id=\"18725\" class=\"elementor elementor-18725\" data-elementor-post-type=\"post\">\n\t\t\t\t\t\t<section data-particle_enable=\"false\" data-particle-mobile-disabled=\"false\" class=\"elementor-section elementor-top-section elementor-element elementor-element-5d4592ee elementor-section-boxed elementor-section-height-default elementor-section-height-default\" data-id=\"5d4592ee\" data-element_type=\"section\" data-e-type=\"section\">\n\t\t\t\t\t\t<div class=\"elementor-container elementor-column-gap-default\">\n\t\t\t\t\t<div class=\"elementor-column elementor-col-100 elementor-top-column elementor-element elementor-element-329aa00\" data-id=\"329aa00\" data-element_type=\"column\" data-e-type=\"column\">\n\t\t\t<div class=\"elementor-widget-wrap elementor-element-populated\">\n\t\t\t\t\t\t<div class=\"elementor-element elementor-element-cf78c36 elementor-widget elementor-widget-text-editor\" data-id=\"cf78c36\" data-element_type=\"widget\" data-e-type=\"widget\" data-widget_type=\"text-editor.default\">\n\t\t\t\t<div class=\"elementor-widget-container\">\n\t\t\t\t\t\t\t\t\t<div class=\"field field--name-field-noticias-entradilla field--type-text-long field--label-hidden field--item\"><div class=\"field field--name-field-noticias-entradilla field--type-text-long field--label-hidden field--item\"><p>Senator Carla Antonelli was the first trans woman to hold public office in Spain. A \u2018Volcano Woman\u2019, as she defines herself in her book, who paved the way for the rest with her tireless fight for the rights of the LGTBI+ Collective. Today she opens up on the set of LOVE TV, where she verbalises one of the best pieces of advice she was given when she was twenty years old: \u2018Carla, never do anything in your life for and to others. Look at me, I didn&#8217;t come out of the wardrobe until my father and mother died out of respect for them, and I lost my whole life. Now, in my 60s, I&#8217;m living a life I should have started living possibly four decades ago.<\/p><p>Antonelli says that the name \u2018The Volcano Woman\u2019 chosen for the book of her memoirs symbolises how in a quiet environment \u2018underneath there is something that at a given moment can reveal itself and emerge\u2019. The senator explains that in her daily life she is conciliatory, but when she speaks up for her rights she does so \u2018from the gut\u2019.<\/p><p>Rewriting her own story has been a complex process: \u2018Many people have been surprised to see that I have opened myself up, we have entered into all the puddles, into things that I have never externalised, such as male violence, drugs&#8230;\u2019.<\/p><h4>\u2018We are capable of devolving, we live in dark times\u2019.<\/h4><p>Carla Antonelli explains during her interview on LOVE TV that she felt that it was now when she had to tell her whole story because we are seeing that \u2018we are capable of devolving, we are living in dark times\u2019. The senator verbalises that her intention is to convey that everyone can decide about their own life.<\/p><p>\u2018Normality is nothing other than that which is repeated on a daily basis, and that is why telling our stories is the only way to move towards respect\u2019, says the current senator.<\/p><p>\u2018When we are going to decide what our life is, we may have lost many years in between\u2019.<\/p><p>Antnelli explains that, although she comes from a time when she had no point of reference, she has understood that the family and the environment still condition the lives of trans people and the collective on many occasions, and \u2018when we are going to decide what our life is, we may have lost many years in between\u2019.<\/p><p>In fact, she says she will never forget that in her twenties, when she \u2018had some big internal battles\u2019 over family estrangements, a friend told her: \u2018Carla, never do anything in your life for and to others. Look at me, I didn&#8217;t come out of the wardrobe until my father and mother died out of respect for them, and I missed out on my whole life. Now, in my 60s, I&#8217;m living a life I should have started living possibly four decades ago.<\/p><p>More than half an hour of conversation with journalist Micaela Garc\u00eda captures the life story of Carla Antonelli, a reference for the collective. A \u2018Volcano Woman\u2019 who has been capable of anything and who today, with years of struggle behind her, tells her story on LOVE TV.<\/p><\/div><\/div>\t\t\t\t\t\t\t\t<\/div>\n\t\t\t\t<\/div>\n\t\t\t\t<div class=\"elementor-element elementor-element-1c94b39 elementor-widget elementor-widget-video\" data-id=\"1c94b39\" data-element_type=\"widget\" data-e-type=\"widget\" data-settings=\"{&quot;youtube_url&quot;:&quot;https:\\\/\\\/www.youtube.com\\\/watch?v=Sg1McOAAgxU&quot;,&quot;video_type&quot;:&quot;youtube&quot;,&quot;controls&quot;:&quot;yes&quot;}\" data-widget_type=\"video.default\">\n\t\t\t\t<div class=\"elementor-widget-container\">\n\t\t\t\t\t\t\t<div class=\"elementor-wrapper elementor-open-inline\">\n\t\t\t<div class=\"elementor-video\"><\/div>\t\t<\/div>\n\t\t\t\t\t\t<\/div>\n\t\t\t\t<\/div>\n\t\t\t\t\t<\/div>\n\t\t<\/div>\n\t\t\t\t\t<\/div>\n\t\t<\/section>\n\t\t\t\t<\/div>\n\t\t","protected":false},"excerpt":{"rendered":"<p>Senator Carla Antonelli was the first trans woman to hold public office in Spain. A \u2018Volcano Woman\u2019, as she defines herself in her book, who paved the way for the rest with her tireless fight for the rights of the LGTBI+ Collective. Today she opens up on the set of LOVE TV, where she verbalises &#8230; <a title=\"Carla Antonelli: \u2018When we are going to decide what our life is, we have lost many years\u2019.\" class=\"read-more\" href=\"https:\/\/www.islabonitalovefestival.es\/en\/2024\/07\/24\/carla-antonelli-when-we-are-going-to-decide-what-our-life-is-we-have-lost-many-years\/\" aria-label=\"Read more about Carla Antonelli: \u2018When we are going to decide what our life is, we have lost many years\u2019.\">Read more<\/a><\/p>\n","protected":false},"author":1,"featured_media":18728,"comment_status":"closed","ping_status":"closed","sticky":false,"template":"","format":"standard","meta":{"footnotes":""},"categories":[233],"tags":[],"class_list":["post-18725","post","type-post","status-publish","format-standard","has-post-thumbnail","hentry","category-news-en"],"yoast_head":"<!-- This site is optimized with the Yoast SEO Premium plugin v22.0 (Yoast SEO v27.0) - https:\/\/yoast.com\/product\/yoast-seo-premium-wordpress\/ -->\n<title>Carla Antonelli: \u2018When we are going to decide what our life is, we have lost many years\u2019. - Isla Bonita Love Festival<\/title>\n<meta name=\"robots\" content=\"noindex, follow\" \/>\n<meta property=\"og:locale\" content=\"en_US\" \/>\n<meta property=\"og:type\" content=\"article\" \/>\n<meta property=\"og:title\" content=\"Carla Antonelli: \u2018When we are going to decide what our life is, we have lost many years\u2019.\" \/>\n<meta property=\"og:description\" content=\"Senator Carla Antonelli was the first trans woman to hold public office in Spain. A \u2018Volcano Woman\u2019, as she defines herself in her book, who paved the way for the rest with her tireless fight for the rights of the LGTBI+ Collective. Today she opens up on the set of LOVE TV, where she verbalises ... Read more\" \/>\n<meta property=\"og:url\" content=\"https:\/\/www.islabonitalovefestival.es\/en\/2024\/07\/24\/carla-antonelli-when-we-are-going-to-decide-what-our-life-is-we-have-lost-many-years\/\" \/>\n<meta property=\"og:site_name\" content=\"Isla Bonita Love Festival\" \/>\n<meta property=\"article:publisher\" content=\"https:\/\/www.facebook.com\/islabonitalovefestival\/\" \/>\n<meta property=\"article:published_time\" content=\"2024-07-24T15:10:47+00:00\" \/>\n<meta property=\"article:modified_time\" content=\"2024-07-24T15:27:34+00:00\" \/>\n<meta property=\"og:image\" content=\"https:\/\/www.islabonitalovefestival.es\/wp-content\/uploads\/2024\/07\/Carla_Antonelli.jpg\" \/>\n\t<meta property=\"og:image:width\" content=\"999\" \/>\n\t<meta property=\"og:image:height\" content=\"635\" \/>\n\t<meta property=\"og:image:type\" content=\"image\/jpeg\" \/>\n<meta name=\"author\" content=\"admin\" \/>\n<meta name=\"twitter:card\" content=\"summary_large_image\" \/>\n<meta name=\"twitter:creator\" content=\"@IslaBonitaLoveF\" \/>\n<meta name=\"twitter:site\" content=\"@IslaBonitaLoveF\" \/>\n<script type=\"application\/ld+json\" class=\"yoast-schema-graph\">{\"@context\":\"https:\/\/schema.org\",\"@graph\":[{\"@type\":\"Article\",\"@id\":\"https:\/\/www.islabonitalovefestival.es\/en\/2024\/07\/24\/carla-antonelli-when-we-are-going-to-decide-what-our-life-is-we-have-lost-many-years\/#article\",\"isPartOf\":{\"@id\":\"https:\/\/www.islabonitalovefestival.es\/en\/2024\/07\/24\/carla-antonelli-when-we-are-going-to-decide-what-our-life-is-we-have-lost-many-years\/\"},\"author\":{\"name\":\"admin\",\"@id\":\"https:\/\/www.islabonitalovefestival.es\/#\/schema\/person\/e8c1725efa520a7107e2625e272fb763\"},\"headline\":\"Carla Antonelli: \u2018When we are going to decide what our life is, we have lost many years\u2019.\",\"datePublished\":\"2024-07-24T15:10:47+00:00\",\"dateModified\":\"2024-07-24T15:27:34+00:00\",\"mainEntityOfPage\":{\"@id\":\"https:\/\/www.islabonitalovefestival.es\/en\/2024\/07\/24\/carla-antonelli-when-we-are-going-to-decide-what-our-life-is-we-have-lost-many-years\/\"},\"wordCount\":561,\"publisher\":{\"@id\":\"https:\/\/www.islabonitalovefestival.es\/#organization\"},\"image\":{\"@id\":\"https:\/\/www.islabonitalovefestival.es\/en\/2024\/07\/24\/carla-antonelli-when-we-are-going-to-decide-what-our-life-is-we-have-lost-many-years\/#primaryimage\"},\"thumbnailUrl\":\"https:\/\/www.islabonitalovefestival.es\/wp-content\/uploads\/2024\/07\/Carla_Antonelli.jpg\",\"articleSection\":[\"News\"],\"inLanguage\":\"en-US\"},{\"@type\":\"WebPage\",\"@id\":\"https:\/\/www.islabonitalovefestival.es\/en\/2024\/07\/24\/carla-antonelli-when-we-are-going-to-decide-what-our-life-is-we-have-lost-many-years\/\",\"url\":\"https:\/\/www.islabonitalovefestival.es\/en\/2024\/07\/24\/carla-antonelli-when-we-are-going-to-decide-what-our-life-is-we-have-lost-many-years\/\",\"name\":\"Carla Antonelli: \u2018When we are going to decide what our life is, we have lost many years\u2019. - Isla Bonita Love Festival\",\"isPartOf\":{\"@id\":\"https:\/\/www.islabonitalovefestival.es\/#website\"},\"primaryImageOfPage\":{\"@id\":\"https:\/\/www.islabonitalovefestival.es\/en\/2024\/07\/24\/carla-antonelli-when-we-are-going-to-decide-what-our-life-is-we-have-lost-many-years\/#primaryimage\"},\"image\":{\"@id\":\"https:\/\/www.islabonitalovefestival.es\/en\/2024\/07\/24\/carla-antonelli-when-we-are-going-to-decide-what-our-life-is-we-have-lost-many-years\/#primaryimage\"},\"thumbnailUrl\":\"https:\/\/www.islabonitalovefestival.es\/wp-content\/uploads\/2024\/07\/Carla_Antonelli.jpg\",\"datePublished\":\"2024-07-24T15:10:47+00:00\",\"dateModified\":\"2024-07-24T15:27:34+00:00\",\"breadcrumb\":{\"@id\":\"https:\/\/www.islabonitalovefestival.es\/en\/2024\/07\/24\/carla-antonelli-when-we-are-going-to-decide-what-our-life-is-we-have-lost-many-years\/#breadcrumb\"},\"inLanguage\":\"en-US\",\"potentialAction\":[{\"@type\":\"ReadAction\",\"target\":[\"https:\/\/www.islabonitalovefestival.es\/en\/2024\/07\/24\/carla-antonelli-when-we-are-going-to-decide-what-our-life-is-we-have-lost-many-years\/\"]}]},{\"@type\":\"ImageObject\",\"inLanguage\":\"en-US\",\"@id\":\"https:\/\/www.islabonitalovefestival.es\/en\/2024\/07\/24\/carla-antonelli-when-we-are-going-to-decide-what-our-life-is-we-have-lost-many-years\/#primaryimage\",\"url\":\"https:\/\/www.islabonitalovefestival.es\/wp-content\/uploads\/2024\/07\/Carla_Antonelli.jpg\",\"contentUrl\":\"https:\/\/www.islabonitalovefestival.es\/wp-content\/uploads\/2024\/07\/Carla_Antonelli.jpg\",\"width\":999,\"height\":635},{\"@type\":\"BreadcrumbList\",\"@id\":\"https:\/\/www.islabonitalovefestival.es\/en\/2024\/07\/24\/carla-antonelli-when-we-are-going-to-decide-what-our-life-is-we-have-lost-many-years\/#breadcrumb\",\"itemListElement\":[{\"@type\":\"ListItem\",\"position\":1,\"name\":\"Portada\",\"item\":\"https:\/\/www.islabonitalovefestival.es\/en\/\"},{\"@type\":\"ListItem\",\"position\":2,\"name\":\"Carla Antonelli: \u2018When we are going to decide what our life is, we have lost many years\u2019.\"}]},{\"@type\":\"WebSite\",\"@id\":\"https:\/\/www.islabonitalovefestival.es\/#website\",\"url\":\"https:\/\/www.islabonitalovefestival.es\/\",\"name\":\"Isla Bonita Love Festival 2024\",\"description\":\"Festival de la multiculturalidad que se celebrar\u00e1 del 22 al 28 de julio de 2024 en La Palma\",\"publisher\":{\"@id\":\"https:\/\/www.islabonitalovefestival.es\/#organization\"},\"alternateName\":\"Love Festival 2024\",\"potentialAction\":[{\"@type\":\"SearchAction\",\"target\":{\"@type\":\"EntryPoint\",\"urlTemplate\":\"https:\/\/www.islabonitalovefestival.es\/?s={search_term_string}\"},\"query-input\":{\"@type\":\"PropertyValueSpecification\",\"valueRequired\":true,\"valueName\":\"search_term_string\"}}],\"inLanguage\":\"en-US\"},{\"@type\":\"Organization\",\"@id\":\"https:\/\/www.islabonitalovefestival.es\/#organization\",\"name\":\"Isla Bonita Love Festival La Palma 2024\",\"alternateName\":\"Love Festival\",\"url\":\"https:\/\/www.islabonitalovefestival.es\/\",\"logo\":{\"@type\":\"ImageObject\",\"inLanguage\":\"en-US\",\"@id\":\"https:\/\/www.islabonitalovefestival.es\/#\/schema\/logo\/image\/\",\"url\":\"https:\/\/www.islabonitalovefestival.es\/wp-content\/uploads\/2024\/03\/LF24_entrada.png\",\"contentUrl\":\"https:\/\/www.islabonitalovefestival.es\/wp-content\/uploads\/2024\/03\/LF24_entrada.png\",\"width\":800,\"height\":800,\"caption\":\"Isla Bonita Love Festival La Palma 2024\"},\"image\":{\"@id\":\"https:\/\/www.islabonitalovefestival.es\/#\/schema\/logo\/image\/\"},\"sameAs\":[\"https:\/\/www.facebook.com\/islabonitalovefestival\/\",\"https:\/\/x.com\/IslaBonitaLoveF\",\"https:\/\/www.instagram.com\/islabonitalovefest\/\",\"https:\/\/www.youtube.com\/channel\/UCT7DqYugOSkmQ9lWVL9UTJw\"],\"description\":\"Sociedad de Promoci\u00f3n y Desarrollo econ\u00f3mico y Social de La Palma, empresa p\u00fablica dependiente del Cabildo de La Palma\",\"email\":\"info@sodepal.es\",\"telephone\":\"922417323\",\"legalName\":\"Sociedad de Promoci\u00f3n y Desarrollo Econ\u00f3mico de la isla de La Palma S.A.U.\",\"publishingPrinciples\":\"https:\/\/www.islabonitalovefestival.es\/aviso-legal\/\",\"ownershipFundingInfo\":\"https:\/\/www.islabonitalovefestival.es\/aviso-legal\/\",\"actionableFeedbackPolicy\":\"https:\/\/www.islabonitalovefestival.es\/aviso-legal\/\",\"correctionsPolicy\":\"https:\/\/www.islabonitalovefestival.es\/aviso-legal\/\",\"ethicsPolicy\":\"https:\/\/www.islabonitalovefestival.es\/aviso-legal\/\",\"diversityPolicy\":\"https:\/\/www.islabonitalovefestival.es\/aviso-legal\/\",\"diversityStaffingReport\":\"https:\/\/www.islabonitalovefestival.es\/aviso-legal\/\"},{\"@type\":\"Person\",\"@id\":\"https:\/\/www.islabonitalovefestival.es\/#\/schema\/person\/e8c1725efa520a7107e2625e272fb763\",\"name\":\"admin\"}]}<\/script>\n<!-- \/ Yoast SEO Premium plugin. -->","yoast_head_json":{"title":"Carla Antonelli: \u2018When we are going to decide what our life is, we have lost many years\u2019. - Isla Bonita Love Festival","robots":{"index":"noindex","follow":"follow"},"og_locale":"en_US","og_type":"article","og_title":"Carla Antonelli: \u2018When we are going to decide what our life is, we have lost many years\u2019.","og_description":"Senator Carla Antonelli was the first trans woman to hold public office in Spain. A \u2018Volcano Woman\u2019, as she defines herself in her book, who paved the way for the rest with her tireless fight for the rights of the LGTBI+ Collective. Today she opens up on the set of LOVE TV, where she verbalises ... Read more","og_url":"https:\/\/www.islabonitalovefestival.es\/en\/2024\/07\/24\/carla-antonelli-when-we-are-going-to-decide-what-our-life-is-we-have-lost-many-years\/","og_site_name":"Isla Bonita Love Festival","article_publisher":"https:\/\/www.facebook.com\/islabonitalovefestival\/","article_published_time":"2024-07-24T15:10:47+00:00","article_modified_time":"2024-07-24T15:27:34+00:00","og_image":[{"width":999,"height":635,"url":"https:\/\/www.islabonitalovefestival.es\/wp-content\/uploads\/2024\/07\/Carla_Antonelli.jpg","type":"image\/jpeg"}],"author":"admin","twitter_card":"summary_large_image","twitter_creator":"@IslaBonitaLoveF","twitter_site":"@IslaBonitaLoveF","schema":{"@context":"https:\/\/schema.org","@graph":[{"@type":"Article","@id":"https:\/\/www.islabonitalovefestival.es\/en\/2024\/07\/24\/carla-antonelli-when-we-are-going-to-decide-what-our-life-is-we-have-lost-many-years\/#article","isPartOf":{"@id":"https:\/\/www.islabonitalovefestival.es\/en\/2024\/07\/24\/carla-antonelli-when-we-are-going-to-decide-what-our-life-is-we-have-lost-many-years\/"},"author":{"name":"admin","@id":"https:\/\/www.islabonitalovefestival.es\/#\/schema\/person\/e8c1725efa520a7107e2625e272fb763"},"headline":"Carla Antonelli: \u2018When we are going to decide what our life is, we have lost many years\u2019.","datePublished":"2024-07-24T15:10:47+00:00","dateModified":"2024-07-24T15:27:34+00:00","mainEntityOfPage":{"@id":"https:\/\/www.islabonitalovefestival.es\/en\/2024\/07\/24\/carla-antonelli-when-we-are-going-to-decide-what-our-life-is-we-have-lost-many-years\/"},"wordCount":561,"publisher":{"@id":"https:\/\/www.islabonitalovefestival.es\/#organization"},"image":{"@id":"https:\/\/www.islabonitalovefestival.es\/en\/2024\/07\/24\/carla-antonelli-when-we-are-going-to-decide-what-our-life-is-we-have-lost-many-years\/#primaryimage"},"thumbnailUrl":"https:\/\/www.islabonitalovefestival.es\/wp-content\/uploads\/2024\/07\/Carla_Antonelli.jpg","articleSection":["News"],"inLanguage":"en-US"},{"@type":"WebPage","@id":"https:\/\/www.islabonitalovefestival.es\/en\/2024\/07\/24\/carla-antonelli-when-we-are-going-to-decide-what-our-life-is-we-have-lost-many-years\/","url":"https:\/\/www.islabonitalovefestival.es\/en\/2024\/07\/24\/carla-antonelli-when-we-are-going-to-decide-what-our-life-is-we-have-lost-many-years\/","name":"Carla Antonelli: \u2018When we are going to decide what our life is, we have lost many years\u2019. - Isla Bonita Love Festival","isPartOf":{"@id":"https:\/\/www.islabonitalovefestival.es\/#website"},"primaryImageOfPage":{"@id":"https:\/\/www.islabonitalovefestival.es\/en\/2024\/07\/24\/carla-antonelli-when-we-are-going-to-decide-what-our-life-is-we-have-lost-many-years\/#primaryimage"},"image":{"@id":"https:\/\/www.islabonitalovefestival.es\/en\/2024\/07\/24\/carla-antonelli-when-we-are-going-to-decide-what-our-life-is-we-have-lost-many-years\/#primaryimage"},"thumbnailUrl":"https:\/\/www.islabonitalovefestival.es\/wp-content\/uploads\/2024\/07\/Carla_Antonelli.jpg","datePublished":"2024-07-24T15:10:47+00:00","dateModified":"2024-07-24T15:27:34+00:00","breadcrumb":{"@id":"https:\/\/www.islabonitalovefestival.es\/en\/2024\/07\/24\/carla-antonelli-when-we-are-going-to-decide-what-our-life-is-we-have-lost-many-years\/#breadcrumb"},"inLanguage":"en-US","potentialAction":[{"@type":"ReadAction","target":["https:\/\/www.islabonitalovefestival.es\/en\/2024\/07\/24\/carla-antonelli-when-we-are-going-to-decide-what-our-life-is-we-have-lost-many-years\/"]}]},{"@type":"ImageObject","inLanguage":"en-US","@id":"https:\/\/www.islabonitalovefestival.es\/en\/2024\/07\/24\/carla-antonelli-when-we-are-going-to-decide-what-our-life-is-we-have-lost-many-years\/#primaryimage","url":"https:\/\/www.islabonitalovefestival.es\/wp-content\/uploads\/2024\/07\/Carla_Antonelli.jpg","contentUrl":"https:\/\/www.islabonitalovefestival.es\/wp-content\/uploads\/2024\/07\/Carla_Antonelli.jpg","width":999,"height":635},{"@type":"BreadcrumbList","@id":"https:\/\/www.islabonitalovefestival.es\/en\/2024\/07\/24\/carla-antonelli-when-we-are-going-to-decide-what-our-life-is-we-have-lost-many-years\/#breadcrumb","itemListElement":[{"@type":"ListItem","position":1,"name":"Portada","item":"https:\/\/www.islabonitalovefestival.es\/en\/"},{"@type":"ListItem","position":2,"name":"Carla Antonelli: \u2018When we are going to decide what our life is, we have lost many years\u2019."}]},{"@type":"WebSite","@id":"https:\/\/www.islabonitalovefestival.es\/#website","url":"https:\/\/www.islabonitalovefestival.es\/","name":"Isla Bonita Love Festival 2024","description":"Festival de la multiculturalidad que se celebrar\u00e1 del 22 al 28 de julio de 2024 en La Palma","publisher":{"@id":"https:\/\/www.islabonitalovefestival.es\/#organization"},"alternateName":"Love Festival 2024","potentialAction":[{"@type":"SearchAction","target":{"@type":"EntryPoint","urlTemplate":"https:\/\/www.islabonitalovefestival.es\/?s={search_term_string}"},"query-input":{"@type":"PropertyValueSpecification","valueRequired":true,"valueName":"search_term_string"}}],"inLanguage":"en-US"},{"@type":"Organization","@id":"https:\/\/www.islabonitalovefestival.es\/#organization","name":"Isla Bonita Love Festival La Palma 2024","alternateName":"Love Festival","url":"https:\/\/www.islabonitalovefestival.es\/","logo":{"@type":"ImageObject","inLanguage":"en-US","@id":"https:\/\/www.islabonitalovefestival.es\/#\/schema\/logo\/image\/","url":"https:\/\/www.islabonitalovefestival.es\/wp-content\/uploads\/2024\/03\/LF24_entrada.png","contentUrl":"https:\/\/www.islabonitalovefestival.es\/wp-content\/uploads\/2024\/03\/LF24_entrada.png","width":800,"height":800,"caption":"Isla Bonita Love Festival La Palma 2024"},"image":{"@id":"https:\/\/www.islabonitalovefestival.es\/#\/schema\/logo\/image\/"},"sameAs":["https:\/\/www.facebook.com\/islabonitalovefestival\/","https:\/\/x.com\/IslaBonitaLoveF","https:\/\/www.instagram.com\/islabonitalovefest\/","https:\/\/www.youtube.com\/channel\/UCT7DqYugOSkmQ9lWVL9UTJw"],"description":"Sociedad de Promoci\u00f3n y Desarrollo econ\u00f3mico y Social de La Palma, empresa p\u00fablica dependiente del Cabildo de La Palma","email":"info@sodepal.es","telephone":"922417323","legalName":"Sociedad de Promoci\u00f3n y Desarrollo Econ\u00f3mico de la isla de La Palma S.A.U.","publishingPrinciples":"https:\/\/www.islabonitalovefestival.es\/aviso-legal\/","ownershipFundingInfo":"https:\/\/www.islabonitalovefestival.es\/aviso-legal\/","actionableFeedbackPolicy":"https:\/\/www.islabonitalovefestival.es\/aviso-legal\/","correctionsPolicy":"https:\/\/www.islabonitalovefestival.es\/aviso-legal\/","ethicsPolicy":"https:\/\/www.islabonitalovefestival.es\/aviso-legal\/","diversityPolicy":"https:\/\/www.islabonitalovefestival.es\/aviso-legal\/","diversityStaffingReport":"https:\/\/www.islabonitalovefestival.es\/aviso-legal\/"},{"@type":"Person","@id":"https:\/\/www.islabonitalovefestival.es\/#\/schema\/person\/e8c1725efa520a7107e2625e272fb763","name":"admin"}]}},"_links":{"self":[{"href":"https:\/\/www.islabonitalovefestival.es\/en\/wp-json\/wp\/v2\/posts\/18725","targetHints":{"allow":["GET"]}}],"collection":[{"href":"https:\/\/www.islabonitalovefestival.es\/en\/wp-json\/wp\/v2\/posts"}],"about":[{"href":"https:\/\/www.islabonitalovefestival.es\/en\/wp-json\/wp\/v2\/types\/post"}],"author":[{"embeddable":true,"href":"https:\/\/www.islabonitalovefestival.es\/en\/wp-json\/wp\/v2\/users\/1"}],"replies":[{"embeddable":true,"href":"https:\/\/www.islabonitalovefestival.es\/en\/wp-json\/wp\/v2\/comments?post=18725"}],"version-history":[{"count":6,"href":"https:\/\/www.islabonitalovefestival.es\/en\/wp-json\/wp\/v2\/posts\/18725\/revisions"}],"predecessor-version":[{"id":18740,"href":"https:\/\/www.islabonitalovefestival.es\/en\/wp-json\/wp\/v2\/posts\/18725\/revisions\/18740"}],"wp:featuredmedia":[{"embeddable":true,"href":"https:\/\/www.islabonitalovefestival.es\/en\/wp-json\/wp\/v2\/media\/18728"}],"wp:attachment":[{"href":"https:\/\/www.islabonitalovefestival.es\/en\/wp-json\/wp\/v2\/media?parent=18725"}],"wp:term":[{"taxonomy":"category","embeddable":true,"href":"https:\/\/www.islabonitalovefestival.es\/en\/wp-json\/wp\/v2\/categories?post=18725"},{"taxonomy":"post_tag","embeddable":true,"href":"https:\/\/www.islabonitalovefestival.es\/en\/wp-json\/wp\/v2\/tags?post=18725"}],"curies":[{"name":"wp","href":"https:\/\/api.w.org\/{rel}","templated":true}]}}