{"id":18781,"date":"2024-07-25T19:38:48","date_gmt":"2024-07-25T18:38:48","guid":{"rendered":"https:\/\/www.islabonitalovefestival.es\/?p=18781"},"modified":"2024-07-25T19:48:10","modified_gmt":"2024-07-25T18:48:10","slug":"bob-pop-i-am-proud-of-the-country-we-have-built-despite-the-reactionary-hordes","status":"publish","type":"post","link":"https:\/\/www.islabonitalovefestival.es\/en\/2024\/07\/25\/bob-pop-i-am-proud-of-the-country-we-have-built-despite-the-reactionary-hordes\/","title":{"rendered":"Bob Pop: \u2018I am proud of the country we have built, despite the reactionary hordes\u2019."},"content":{"rendered":"\t\t<div data-elementor-type=\"wp-post\" data-elementor-id=\"18781\" class=\"elementor elementor-18781\" data-elementor-post-type=\"post\">\n\t\t\t\t\t\t<section data-particle_enable=\"false\" data-particle-mobile-disabled=\"false\" class=\"elementor-section elementor-top-section elementor-element elementor-element-5d4592ee elementor-section-boxed elementor-section-height-default elementor-section-height-default\" data-id=\"5d4592ee\" data-element_type=\"section\" data-e-type=\"section\">\n\t\t\t\t\t\t<div class=\"elementor-container elementor-column-gap-default\">\n\t\t\t\t\t<div class=\"elementor-column elementor-col-100 elementor-top-column elementor-element elementor-element-329aa00\" data-id=\"329aa00\" data-element_type=\"column\" data-e-type=\"column\">\n\t\t\t<div class=\"elementor-widget-wrap elementor-element-populated\">\n\t\t\t\t\t\t<div class=\"elementor-element elementor-element-cf78c36 elementor-widget elementor-widget-text-editor\" data-id=\"cf78c36\" data-element_type=\"widget\" data-e-type=\"widget\" data-widget_type=\"text-editor.default\">\n\t\t\t\t<div class=\"elementor-widget-container\">\n\t\t\t\t\t\t\t\t\t<div class=\"field field--name-field-noticias-entradilla field--type-text-long field--label-hidden field--item\"><div class=\"field field--name-field-noticias-entradilla field--type-text-long field--label-hidden field--item\"><p>Bob Pop, writer, television critic and one of the national references in the defence of the rights of the LGTBIQ+ collective, reviews in front of the LOVE TV cameras in La Palma how the fight has changed over the years and his current vision of love. Roberto Enr\u00edquez, his real name, analyses one of the moments that changed his life in his first job as an intern. When he was 19, the director took him to his office to fire him because \u2018he had a pen and didn&#8217;t look good in front of the partners\u2019. \u2018He made me believe that I couldn&#8217;t have a place in that world because I was too sensitive. At the time it seemed normal to me, I thought I was the one who wasn&#8217;t normal,\u2019 he says.<\/p><p>However, with time he understood that the problem was not his: \u2018I had to find a place where I could be comfortable, and that place had to be built by all of us. I have worked hard to find traditionally straight spaces where I have been able to develop my work\u2019. It is essential, he says, to occupy these spaces and all possible spaces, because \u2018the easiest way to live together is to get to know each other\u2019.<\/p><p>On how he lives love, Bob Pop tells journalist Micaela Garc\u00eda on LOVE TV that he lives it \u2018with a lot of intensity\u2019 and from a polyamorous approach: \u2018Polyamory leads us to humbly assume that we can never be everything for anyone. I think it sounds corny, but it is the only answer to many things\u2019.<\/p><p>In fact, he admits that everything that motivates him \u2018has a little bit to do with love, especially someone as dependent as me, I feel I&#8217;m lucky to have a lot of love around me, to give it and to receive it\u2019.<\/p><p>Thus, Bob Pop relates during the interview that celebrating Pride means showing that \u2018we are not ashamed\u2019. \u2018As a 52-year-old gay man, I celebrate the pride of having blazed a trail that others blazed for us. I&#8217;m proud of the country we&#8217;ve built, the world we&#8217;ve built, which despite the reactionary hordes and the narrow-minded, caveman response, is moving forward,\u2019 he adds.<\/p><\/div><\/div>\t\t\t\t\t\t\t\t<\/div>\n\t\t\t\t<\/div>\n\t\t\t\t\t<\/div>\n\t\t<\/div>\n\t\t\t\t\t<\/div>\n\t\t<\/section>\n\t\t\t\t<\/div>\n\t\t","protected":false},"excerpt":{"rendered":"<p>Bob Pop, writer, television critic and one of the national references in the defence of the rights of the LGTBIQ+ collective, reviews in front of the LOVE TV cameras in La Palma how the fight has changed over the years and his current vision of love. Roberto Enr\u00edquez, his real name, analyses one of the &#8230; <a title=\"Bob Pop: \u2018I am proud of the country we have built, despite the reactionary hordes\u2019.\" class=\"read-more\" href=\"https:\/\/www.islabonitalovefestival.es\/en\/2024\/07\/25\/bob-pop-i-am-proud-of-the-country-we-have-built-despite-the-reactionary-hordes\/\" aria-label=\"Read more about Bob Pop: \u2018I am proud of the country we have built, despite the reactionary hordes\u2019.\">Read more<\/a><\/p>\n","protected":false},"author":1,"featured_media":18784,"comment_status":"closed","ping_status":"closed","sticky":false,"template":"","format":"standard","meta":{"footnotes":""},"categories":[233],"tags":[],"class_list":["post-18781","post","type-post","status-publish","format-standard","has-post-thumbnail","hentry","category-news-en"],"yoast_head":"<!-- This site is optimized with the Yoast SEO Premium plugin v22.0 (Yoast SEO v27.0) - https:\/\/yoast.com\/product\/yoast-seo-premium-wordpress\/ -->\n<title>Bob Pop: \u2018I am proud of the country we have built, despite the reactionary hordes\u2019. - Isla Bonita Love Festival<\/title>\n<meta name=\"robots\" content=\"noindex, follow\" \/>\n<meta property=\"og:locale\" content=\"en_US\" \/>\n<meta property=\"og:type\" content=\"article\" \/>\n<meta property=\"og:title\" content=\"Bob Pop: \u2018I am proud of the country we have built, despite the reactionary hordes\u2019.\" \/>\n<meta property=\"og:description\" content=\"Bob Pop, writer, television critic and one of the national references in the defence of the rights of the LGTBIQ+ collective, reviews in front of the LOVE TV cameras in La Palma how the fight has changed over the years and his current vision of love. Roberto Enr\u00edquez, his real name, analyses one of the ... Read more\" \/>\n<meta property=\"og:url\" content=\"https:\/\/www.islabonitalovefestival.es\/en\/2024\/07\/25\/bob-pop-i-am-proud-of-the-country-we-have-built-despite-the-reactionary-hordes\/\" \/>\n<meta property=\"og:site_name\" content=\"Isla Bonita Love Festival\" \/>\n<meta property=\"article:publisher\" content=\"https:\/\/www.facebook.com\/islabonitalovefestival\/\" \/>\n<meta property=\"article:published_time\" content=\"2024-07-25T18:38:48+00:00\" \/>\n<meta property=\"article:modified_time\" content=\"2024-07-25T18:48:10+00:00\" \/>\n<meta property=\"og:image\" content=\"https:\/\/www.islabonitalovefestival.es\/wp-content\/uploads\/2024\/07\/Bob_Pop.jpg\" \/>\n\t<meta property=\"og:image:width\" content=\"2560\" \/>\n\t<meta property=\"og:image:height\" content=\"2012\" \/>\n\t<meta property=\"og:image:type\" content=\"image\/jpeg\" \/>\n<meta name=\"author\" content=\"admin\" \/>\n<meta name=\"twitter:card\" content=\"summary_large_image\" \/>\n<meta name=\"twitter:creator\" content=\"@IslaBonitaLoveF\" \/>\n<meta name=\"twitter:site\" content=\"@IslaBonitaLoveF\" \/>\n<script type=\"application\/ld+json\" class=\"yoast-schema-graph\">{\"@context\":\"https:\/\/schema.org\",\"@graph\":[{\"@type\":\"Article\",\"@id\":\"https:\/\/www.islabonitalovefestival.es\/en\/2024\/07\/25\/bob-pop-i-am-proud-of-the-country-we-have-built-despite-the-reactionary-hordes\/#article\",\"isPartOf\":{\"@id\":\"https:\/\/www.islabonitalovefestival.es\/en\/2024\/07\/25\/bob-pop-i-am-proud-of-the-country-we-have-built-despite-the-reactionary-hordes\/\"},\"author\":{\"name\":\"admin\",\"@id\":\"https:\/\/www.islabonitalovefestival.es\/#\/schema\/person\/e8c1725efa520a7107e2625e272fb763\"},\"headline\":\"Bob Pop: \u2018I am proud of the country we have built, despite the reactionary hordes\u2019.\",\"datePublished\":\"2024-07-25T18:38:48+00:00\",\"dateModified\":\"2024-07-25T18:48:10+00:00\",\"mainEntityOfPage\":{\"@id\":\"https:\/\/www.islabonitalovefestival.es\/en\/2024\/07\/25\/bob-pop-i-am-proud-of-the-country-we-have-built-despite-the-reactionary-hordes\/\"},\"wordCount\":393,\"publisher\":{\"@id\":\"https:\/\/www.islabonitalovefestival.es\/#organization\"},\"image\":{\"@id\":\"https:\/\/www.islabonitalovefestival.es\/en\/2024\/07\/25\/bob-pop-i-am-proud-of-the-country-we-have-built-despite-the-reactionary-hordes\/#primaryimage\"},\"thumbnailUrl\":\"https:\/\/www.islabonitalovefestival.es\/wp-content\/uploads\/2024\/07\/Bob_Pop.jpg\",\"articleSection\":[\"News\"],\"inLanguage\":\"en-US\"},{\"@type\":\"WebPage\",\"@id\":\"https:\/\/www.islabonitalovefestival.es\/en\/2024\/07\/25\/bob-pop-i-am-proud-of-the-country-we-have-built-despite-the-reactionary-hordes\/\",\"url\":\"https:\/\/www.islabonitalovefestival.es\/en\/2024\/07\/25\/bob-pop-i-am-proud-of-the-country-we-have-built-despite-the-reactionary-hordes\/\",\"name\":\"Bob Pop: \u2018I am proud of the country we have built, despite the reactionary hordes\u2019. - Isla Bonita Love Festival\",\"isPartOf\":{\"@id\":\"https:\/\/www.islabonitalovefestival.es\/#website\"},\"primaryImageOfPage\":{\"@id\":\"https:\/\/www.islabonitalovefestival.es\/en\/2024\/07\/25\/bob-pop-i-am-proud-of-the-country-we-have-built-despite-the-reactionary-hordes\/#primaryimage\"},\"image\":{\"@id\":\"https:\/\/www.islabonitalovefestival.es\/en\/2024\/07\/25\/bob-pop-i-am-proud-of-the-country-we-have-built-despite-the-reactionary-hordes\/#primaryimage\"},\"thumbnailUrl\":\"https:\/\/www.islabonitalovefestival.es\/wp-content\/uploads\/2024\/07\/Bob_Pop.jpg\",\"datePublished\":\"2024-07-25T18:38:48+00:00\",\"dateModified\":\"2024-07-25T18:48:10+00:00\",\"breadcrumb\":{\"@id\":\"https:\/\/www.islabonitalovefestival.es\/en\/2024\/07\/25\/bob-pop-i-am-proud-of-the-country-we-have-built-despite-the-reactionary-hordes\/#breadcrumb\"},\"inLanguage\":\"en-US\",\"potentialAction\":[{\"@type\":\"ReadAction\",\"target\":[\"https:\/\/www.islabonitalovefestival.es\/en\/2024\/07\/25\/bob-pop-i-am-proud-of-the-country-we-have-built-despite-the-reactionary-hordes\/\"]}]},{\"@type\":\"ImageObject\",\"inLanguage\":\"en-US\",\"@id\":\"https:\/\/www.islabonitalovefestival.es\/en\/2024\/07\/25\/bob-pop-i-am-proud-of-the-country-we-have-built-despite-the-reactionary-hordes\/#primaryimage\",\"url\":\"https:\/\/www.islabonitalovefestival.es\/wp-content\/uploads\/2024\/07\/Bob_Pop.jpg\",\"contentUrl\":\"https:\/\/www.islabonitalovefestival.es\/wp-content\/uploads\/2024\/07\/Bob_Pop.jpg\",\"width\":2560,\"height\":2012},{\"@type\":\"BreadcrumbList\",\"@id\":\"https:\/\/www.islabonitalovefestival.es\/en\/2024\/07\/25\/bob-pop-i-am-proud-of-the-country-we-have-built-despite-the-reactionary-hordes\/#breadcrumb\",\"itemListElement\":[{\"@type\":\"ListItem\",\"position\":1,\"name\":\"Portada\",\"item\":\"https:\/\/www.islabonitalovefestival.es\/en\/\"},{\"@type\":\"ListItem\",\"position\":2,\"name\":\"Bob Pop: \u2018I am proud of the country we have built, despite the reactionary hordes\u2019.\"}]},{\"@type\":\"WebSite\",\"@id\":\"https:\/\/www.islabonitalovefestival.es\/#website\",\"url\":\"https:\/\/www.islabonitalovefestival.es\/\",\"name\":\"Isla Bonita Love Festival 2024\",\"description\":\"Festival de la multiculturalidad que se celebrar\u00e1 del 22 al 28 de julio de 2024 en La Palma\",\"publisher\":{\"@id\":\"https:\/\/www.islabonitalovefestival.es\/#organization\"},\"alternateName\":\"Love Festival 2024\",\"potentialAction\":[{\"@type\":\"SearchAction\",\"target\":{\"@type\":\"EntryPoint\",\"urlTemplate\":\"https:\/\/www.islabonitalovefestival.es\/?s={search_term_string}\"},\"query-input\":{\"@type\":\"PropertyValueSpecification\",\"valueRequired\":true,\"valueName\":\"search_term_string\"}}],\"inLanguage\":\"en-US\"},{\"@type\":\"Organization\",\"@id\":\"https:\/\/www.islabonitalovefestival.es\/#organization\",\"name\":\"Isla Bonita Love Festival La Palma 2024\",\"alternateName\":\"Love Festival\",\"url\":\"https:\/\/www.islabonitalovefestival.es\/\",\"logo\":{\"@type\":\"ImageObject\",\"inLanguage\":\"en-US\",\"@id\":\"https:\/\/www.islabonitalovefestival.es\/#\/schema\/logo\/image\/\",\"url\":\"https:\/\/www.islabonitalovefestival.es\/wp-content\/uploads\/2024\/03\/LF24_entrada.png\",\"contentUrl\":\"https:\/\/www.islabonitalovefestival.es\/wp-content\/uploads\/2024\/03\/LF24_entrada.png\",\"width\":800,\"height\":800,\"caption\":\"Isla Bonita Love Festival La Palma 2024\"},\"image\":{\"@id\":\"https:\/\/www.islabonitalovefestival.es\/#\/schema\/logo\/image\/\"},\"sameAs\":[\"https:\/\/www.facebook.com\/islabonitalovefestival\/\",\"https:\/\/x.com\/IslaBonitaLoveF\",\"https:\/\/www.instagram.com\/islabonitalovefest\/\",\"https:\/\/www.youtube.com\/channel\/UCT7DqYugOSkmQ9lWVL9UTJw\"],\"description\":\"Sociedad de Promoci\u00f3n y Desarrollo econ\u00f3mico y Social de La Palma, empresa p\u00fablica dependiente del Cabildo de La Palma\",\"email\":\"info@sodepal.es\",\"telephone\":\"922417323\",\"legalName\":\"Sociedad de Promoci\u00f3n y Desarrollo Econ\u00f3mico de la isla de La Palma S.A.U.\",\"publishingPrinciples\":\"https:\/\/www.islabonitalovefestival.es\/aviso-legal\/\",\"ownershipFundingInfo\":\"https:\/\/www.islabonitalovefestival.es\/aviso-legal\/\",\"actionableFeedbackPolicy\":\"https:\/\/www.islabonitalovefestival.es\/aviso-legal\/\",\"correctionsPolicy\":\"https:\/\/www.islabonitalovefestival.es\/aviso-legal\/\",\"ethicsPolicy\":\"https:\/\/www.islabonitalovefestival.es\/aviso-legal\/\",\"diversityPolicy\":\"https:\/\/www.islabonitalovefestival.es\/aviso-legal\/\",\"diversityStaffingReport\":\"https:\/\/www.islabonitalovefestival.es\/aviso-legal\/\"},{\"@type\":\"Person\",\"@id\":\"https:\/\/www.islabonitalovefestival.es\/#\/schema\/person\/e8c1725efa520a7107e2625e272fb763\",\"name\":\"admin\"}]}<\/script>\n<!-- \/ Yoast SEO Premium plugin. -->","yoast_head_json":{"title":"Bob Pop: \u2018I am proud of the country we have built, despite the reactionary hordes\u2019. - Isla Bonita Love Festival","robots":{"index":"noindex","follow":"follow"},"og_locale":"en_US","og_type":"article","og_title":"Bob Pop: \u2018I am proud of the country we have built, despite the reactionary hordes\u2019.","og_description":"Bob Pop, writer, television critic and one of the national references in the defence of the rights of the LGTBIQ+ collective, reviews in front of the LOVE TV cameras in La Palma how the fight has changed over the years and his current vision of love. Roberto Enr\u00edquez, his real name, analyses one of the ... Read more","og_url":"https:\/\/www.islabonitalovefestival.es\/en\/2024\/07\/25\/bob-pop-i-am-proud-of-the-country-we-have-built-despite-the-reactionary-hordes\/","og_site_name":"Isla Bonita Love Festival","article_publisher":"https:\/\/www.facebook.com\/islabonitalovefestival\/","article_published_time":"2024-07-25T18:38:48+00:00","article_modified_time":"2024-07-25T18:48:10+00:00","og_image":[{"width":2560,"height":2012,"url":"https:\/\/www.islabonitalovefestival.es\/wp-content\/uploads\/2024\/07\/Bob_Pop.jpg","type":"image\/jpeg"}],"author":"admin","twitter_card":"summary_large_image","twitter_creator":"@IslaBonitaLoveF","twitter_site":"@IslaBonitaLoveF","schema":{"@context":"https:\/\/schema.org","@graph":[{"@type":"Article","@id":"https:\/\/www.islabonitalovefestival.es\/en\/2024\/07\/25\/bob-pop-i-am-proud-of-the-country-we-have-built-despite-the-reactionary-hordes\/#article","isPartOf":{"@id":"https:\/\/www.islabonitalovefestival.es\/en\/2024\/07\/25\/bob-pop-i-am-proud-of-the-country-we-have-built-despite-the-reactionary-hordes\/"},"author":{"name":"admin","@id":"https:\/\/www.islabonitalovefestival.es\/#\/schema\/person\/e8c1725efa520a7107e2625e272fb763"},"headline":"Bob Pop: \u2018I am proud of the country we have built, despite the reactionary hordes\u2019.","datePublished":"2024-07-25T18:38:48+00:00","dateModified":"2024-07-25T18:48:10+00:00","mainEntityOfPage":{"@id":"https:\/\/www.islabonitalovefestival.es\/en\/2024\/07\/25\/bob-pop-i-am-proud-of-the-country-we-have-built-despite-the-reactionary-hordes\/"},"wordCount":393,"publisher":{"@id":"https:\/\/www.islabonitalovefestival.es\/#organization"},"image":{"@id":"https:\/\/www.islabonitalovefestival.es\/en\/2024\/07\/25\/bob-pop-i-am-proud-of-the-country-we-have-built-despite-the-reactionary-hordes\/#primaryimage"},"thumbnailUrl":"https:\/\/www.islabonitalovefestival.es\/wp-content\/uploads\/2024\/07\/Bob_Pop.jpg","articleSection":["News"],"inLanguage":"en-US"},{"@type":"WebPage","@id":"https:\/\/www.islabonitalovefestival.es\/en\/2024\/07\/25\/bob-pop-i-am-proud-of-the-country-we-have-built-despite-the-reactionary-hordes\/","url":"https:\/\/www.islabonitalovefestival.es\/en\/2024\/07\/25\/bob-pop-i-am-proud-of-the-country-we-have-built-despite-the-reactionary-hordes\/","name":"Bob Pop: \u2018I am proud of the country we have built, despite the reactionary hordes\u2019. - Isla Bonita Love Festival","isPartOf":{"@id":"https:\/\/www.islabonitalovefestival.es\/#website"},"primaryImageOfPage":{"@id":"https:\/\/www.islabonitalovefestival.es\/en\/2024\/07\/25\/bob-pop-i-am-proud-of-the-country-we-have-built-despite-the-reactionary-hordes\/#primaryimage"},"image":{"@id":"https:\/\/www.islabonitalovefestival.es\/en\/2024\/07\/25\/bob-pop-i-am-proud-of-the-country-we-have-built-despite-the-reactionary-hordes\/#primaryimage"},"thumbnailUrl":"https:\/\/www.islabonitalovefestival.es\/wp-content\/uploads\/2024\/07\/Bob_Pop.jpg","datePublished":"2024-07-25T18:38:48+00:00","dateModified":"2024-07-25T18:48:10+00:00","breadcrumb":{"@id":"https:\/\/www.islabonitalovefestival.es\/en\/2024\/07\/25\/bob-pop-i-am-proud-of-the-country-we-have-built-despite-the-reactionary-hordes\/#breadcrumb"},"inLanguage":"en-US","potentialAction":[{"@type":"ReadAction","target":["https:\/\/www.islabonitalovefestival.es\/en\/2024\/07\/25\/bob-pop-i-am-proud-of-the-country-we-have-built-despite-the-reactionary-hordes\/"]}]},{"@type":"ImageObject","inLanguage":"en-US","@id":"https:\/\/www.islabonitalovefestival.es\/en\/2024\/07\/25\/bob-pop-i-am-proud-of-the-country-we-have-built-despite-the-reactionary-hordes\/#primaryimage","url":"https:\/\/www.islabonitalovefestival.es\/wp-content\/uploads\/2024\/07\/Bob_Pop.jpg","contentUrl":"https:\/\/www.islabonitalovefestival.es\/wp-content\/uploads\/2024\/07\/Bob_Pop.jpg","width":2560,"height":2012},{"@type":"BreadcrumbList","@id":"https:\/\/www.islabonitalovefestival.es\/en\/2024\/07\/25\/bob-pop-i-am-proud-of-the-country-we-have-built-despite-the-reactionary-hordes\/#breadcrumb","itemListElement":[{"@type":"ListItem","position":1,"name":"Portada","item":"https:\/\/www.islabonitalovefestival.es\/en\/"},{"@type":"ListItem","position":2,"name":"Bob Pop: \u2018I am proud of the country we have built, despite the reactionary hordes\u2019."}]},{"@type":"WebSite","@id":"https:\/\/www.islabonitalovefestival.es\/#website","url":"https:\/\/www.islabonitalovefestival.es\/","name":"Isla Bonita Love Festival 2024","description":"Festival de la multiculturalidad que se celebrar\u00e1 del 22 al 28 de julio de 2024 en La Palma","publisher":{"@id":"https:\/\/www.islabonitalovefestival.es\/#organization"},"alternateName":"Love Festival 2024","potentialAction":[{"@type":"SearchAction","target":{"@type":"EntryPoint","urlTemplate":"https:\/\/www.islabonitalovefestival.es\/?s={search_term_string}"},"query-input":{"@type":"PropertyValueSpecification","valueRequired":true,"valueName":"search_term_string"}}],"inLanguage":"en-US"},{"@type":"Organization","@id":"https:\/\/www.islabonitalovefestival.es\/#organization","name":"Isla Bonita Love Festival La Palma 2024","alternateName":"Love Festival","url":"https:\/\/www.islabonitalovefestival.es\/","logo":{"@type":"ImageObject","inLanguage":"en-US","@id":"https:\/\/www.islabonitalovefestival.es\/#\/schema\/logo\/image\/","url":"https:\/\/www.islabonitalovefestival.es\/wp-content\/uploads\/2024\/03\/LF24_entrada.png","contentUrl":"https:\/\/www.islabonitalovefestival.es\/wp-content\/uploads\/2024\/03\/LF24_entrada.png","width":800,"height":800,"caption":"Isla Bonita Love Festival La Palma 2024"},"image":{"@id":"https:\/\/www.islabonitalovefestival.es\/#\/schema\/logo\/image\/"},"sameAs":["https:\/\/www.facebook.com\/islabonitalovefestival\/","https:\/\/x.com\/IslaBonitaLoveF","https:\/\/www.instagram.com\/islabonitalovefest\/","https:\/\/www.youtube.com\/channel\/UCT7DqYugOSkmQ9lWVL9UTJw"],"description":"Sociedad de Promoci\u00f3n y Desarrollo econ\u00f3mico y Social de La Palma, empresa p\u00fablica dependiente del Cabildo de La Palma","email":"info@sodepal.es","telephone":"922417323","legalName":"Sociedad de Promoci\u00f3n y Desarrollo Econ\u00f3mico de la isla de La Palma S.A.U.","publishingPrinciples":"https:\/\/www.islabonitalovefestival.es\/aviso-legal\/","ownershipFundingInfo":"https:\/\/www.islabonitalovefestival.es\/aviso-legal\/","actionableFeedbackPolicy":"https:\/\/www.islabonitalovefestival.es\/aviso-legal\/","correctionsPolicy":"https:\/\/www.islabonitalovefestival.es\/aviso-legal\/","ethicsPolicy":"https:\/\/www.islabonitalovefestival.es\/aviso-legal\/","diversityPolicy":"https:\/\/www.islabonitalovefestival.es\/aviso-legal\/","diversityStaffingReport":"https:\/\/www.islabonitalovefestival.es\/aviso-legal\/"},{"@type":"Person","@id":"https:\/\/www.islabonitalovefestival.es\/#\/schema\/person\/e8c1725efa520a7107e2625e272fb763","name":"admin"}]}},"_links":{"self":[{"href":"https:\/\/www.islabonitalovefestival.es\/en\/wp-json\/wp\/v2\/posts\/18781","targetHints":{"allow":["GET"]}}],"collection":[{"href":"https:\/\/www.islabonitalovefestival.es\/en\/wp-json\/wp\/v2\/posts"}],"about":[{"href":"https:\/\/www.islabonitalovefestival.es\/en\/wp-json\/wp\/v2\/types\/post"}],"author":[{"embeddable":true,"href":"https:\/\/www.islabonitalovefestival.es\/en\/wp-json\/wp\/v2\/users\/1"}],"replies":[{"embeddable":true,"href":"https:\/\/www.islabonitalovefestival.es\/en\/wp-json\/wp\/v2\/comments?post=18781"}],"version-history":[{"count":6,"href":"https:\/\/www.islabonitalovefestival.es\/en\/wp-json\/wp\/v2\/posts\/18781\/revisions"}],"predecessor-version":[{"id":18813,"href":"https:\/\/www.islabonitalovefestival.es\/en\/wp-json\/wp\/v2\/posts\/18781\/revisions\/18813"}],"wp:featuredmedia":[{"embeddable":true,"href":"https:\/\/www.islabonitalovefestival.es\/en\/wp-json\/wp\/v2\/media\/18784"}],"wp:attachment":[{"href":"https:\/\/www.islabonitalovefestival.es\/en\/wp-json\/wp\/v2\/media?parent=18781"}],"wp:term":[{"taxonomy":"category","embeddable":true,"href":"https:\/\/www.islabonitalovefestival.es\/en\/wp-json\/wp\/v2\/categories?post=18781"},{"taxonomy":"post_tag","embeddable":true,"href":"https:\/\/www.islabonitalovefestival.es\/en\/wp-json\/wp\/v2\/tags?post=18781"}],"curies":[{"name":"wp","href":"https:\/\/api.w.org\/{rel}","templated":true}]}}