{"id":18793,"date":"2024-07-25T19:40:35","date_gmt":"2024-07-25T18:40:35","guid":{"rendered":"https:\/\/www.islabonitalovefestival.es\/?p=18793"},"modified":"2024-07-25T19:50:55","modified_gmt":"2024-07-25T18:50:55","slug":"topacio-fresh-and-the-cultural-magazine-close-the-love-festivals-social-week","status":"publish","type":"post","link":"https:\/\/www.islabonitalovefestival.es\/en\/2024\/07\/25\/topacio-fresh-and-the-cultural-magazine-close-the-love-festivals-social-week\/","title":{"rendered":"Topacio Fresh and The Cultural Magazine close the Love Festival&#8217;s social week"},"content":{"rendered":"\t\t<div data-elementor-type=\"wp-post\" data-elementor-id=\"18793\" class=\"elementor elementor-18793\" data-elementor-post-type=\"post\">\n\t\t\t\t\t\t<section data-particle_enable=\"false\" data-particle-mobile-disabled=\"false\" class=\"elementor-section elementor-top-section elementor-element elementor-element-5d4592ee elementor-section-boxed elementor-section-height-default elementor-section-height-default\" data-id=\"5d4592ee\" data-element_type=\"section\" data-e-type=\"section\">\n\t\t\t\t\t\t<div class=\"elementor-container elementor-column-gap-default\">\n\t\t\t\t\t<div class=\"elementor-column elementor-col-100 elementor-top-column elementor-element elementor-element-329aa00\" data-id=\"329aa00\" data-element_type=\"column\" data-e-type=\"column\">\n\t\t\t<div class=\"elementor-widget-wrap elementor-element-populated\">\n\t\t\t\t\t\t<div class=\"elementor-element elementor-element-cf78c36 elementor-widget elementor-widget-text-editor\" data-id=\"cf78c36\" data-element_type=\"widget\" data-e-type=\"widget\" data-widget_type=\"text-editor.default\">\n\t\t\t\t<div class=\"elementor-widget-container\">\n\t\t\t\t\t\t\t\t\t<div class=\"field field--name-field-noticias-entradilla field--type-text-long field--label-hidden field--item\"><div class=\"field field--name-field-noticias-entradilla field--type-text-long field--label-hidden field--item\"><h4>On Friday, 26th July, the \u2018Jornadas jur\u00eddicas: Retos para la Justicia en Materia de Igualdad\u2019 (Legal Conference: Challenges for Equality Justice) will also be held.<\/h4><p>The social agenda of the Isla Bonita Love Festival concludes this Friday, 26 July, with a meeting between the transsexual activist Topacio Fresh and the magazine and podcast The Cultural Magazine at the Casa de la Cultura in Los Llanos de Aridane. The event will take place at 19:00 and is an action that will continue to give a voice to the LGTBIQ+ collective through one of its historic representatives.<\/p><p>The CEO of Sodepal, Miriam Perestelo, highlights the importance for the island of having the presence and involvement of Topacio Fresh in the new edition of the Love Festival, \u2018an event that continues to support diversity and freedom so that people can enjoy who they are and who they love without fear and break down the barriers and stereotypes that they have had to endure for centuries\u2019, she explains.<\/p><p>The social agenda for Friday 26th July will start at 12:00 with the Jornadas jur\u00eddicas: Retos para la Justicia en Materia de Igualdad, a meeting that has the collaboration of the Asociaci\u00f3n de Profesionales Jur\u00eddico, Laboral, Econ\u00f3mico y Social de la Isla de La Palma (Association of Legal, Labour, Economic and Social Professionals of the Island of La Palma), which will deal in depth with this subject.<\/p><p>At 19:00 it will be the turn of the meeting between the gallerist Topacio Fresh and The Cultural Magazine, where she will talk about her beginnings in the art world from her hometown, Rosario, to her incursion into the Madrid art scene with the opening of the Fresh Gallery in 2008.<\/p><p>This is a cultural talk where she will also record a podcast with The Culture Magazine, the first LGTBI cultural podcast in the Canary Islands.<\/p><p>Then, at 20:00 hours, in the Plaza de Espa\u00f1a of the municipality, the event Gastro &amp; Love will take place, with the participation of the Isla Bonita Moda.Aridan firms.<\/p><h4>Topacio Fresh<\/h4><p>Topacio Fresh, originally from Argentina, became interested in contemporary art as a self-taught artist at a very young age, taking courses and seminars focused mainly on video art, art criticism and performance.<\/p><p>Her relationship with Spain began in 2002, when she was chosen to participate in an Argentine-Spanish cultural exchange. From that moment on, she began her collaboration with the group Fangoria.<\/p><p>In 2008, together with her husband, Israel Cotes, she started her new project, the opening of a new gallery space in Madrid: La Fresh Gallery. For 12 years she has held more than a hundred exhibitions of national and international, emerging and established artists.<\/p><p>Among the main awards received, it is worth mentioning the one awarded to her in 2018 by the Community of Madrid in recognition of the most outstanding woman in the field of culture.<\/p><p>Currently, her main professional dedication is cultural curating in museums and galleries, and giving art masterclasses, such as the one she gave at the Guggenheim Museum in Bilbao in March 2024.<\/p><\/div><\/div>\t\t\t\t\t\t\t\t<\/div>\n\t\t\t\t<\/div>\n\t\t\t\t<div class=\"elementor-element elementor-element-6f81e21 elementor-widget elementor-widget-image-gallery\" data-id=\"6f81e21\" data-element_type=\"widget\" data-e-type=\"widget\" data-widget_type=\"image-gallery.default\">\n\t\t\t\t<div class=\"elementor-widget-container\">\n\t\t\t\t\t\t\t<div class=\"elementor-image-gallery\">\n\t\t\t<div id='gallery-1' class='gallery galleryid-18793 gallery-columns-2 gallery-size-medium'><figure class='gallery-item'>\n\t\t\t<div class='gallery-icon landscape'>\n\t\t\t\t<a data-elementor-open-lightbox=\"yes\" data-elementor-lightbox-slideshow=\"6f81e21\" data-elementor-lightbox-title=\"Agenda_social_viernes_26_de_julio_1\" data-e-action-hash=\"#elementor-action%3Aaction%3Dlightbox%26settings%3DeyJpZCI6MTg3OTksInVybCI6Imh0dHBzOlwvXC93d3cuaXNsYWJvbml0YWxvdmVmZXN0aXZhbC5lc1wvd3AtY29udGVudFwvdXBsb2Fkc1wvMjAyNFwvMDdcL0FnZW5kYV9zb2NpYWxfdmllcm5lc18yNl9kZV9qdWxpb18xLmpwZyIsInNsaWRlc2hvdyI6IjZmODFlMjEifQ%3D%3D\" href='https:\/\/www.islabonitalovefestival.es\/wp-content\/uploads\/2024\/07\/Agenda_social_viernes_26_de_julio_1.jpg'><img fetchpriority=\"high\" width=\"300\" height=\"300\" src=\"https:\/\/www.islabonitalovefestival.es\/wp-content\/uploads\/2024\/07\/Agenda_social_viernes_26_de_julio_1-300x300.jpg\" class=\"attachment-medium size-medium\" alt=\"\" decoding=\"async\" srcset=\"https:\/\/www.islabonitalovefestival.es\/wp-content\/uploads\/2024\/07\/Agenda_social_viernes_26_de_julio_1-300x300.jpg 300w, https:\/\/www.islabonitalovefestival.es\/wp-content\/uploads\/2024\/07\/Agenda_social_viernes_26_de_julio_1-1024x1024.jpg 1024w, https:\/\/www.islabonitalovefestival.es\/wp-content\/uploads\/2024\/07\/Agenda_social_viernes_26_de_julio_1-150x150.jpg 150w, https:\/\/www.islabonitalovefestival.es\/wp-content\/uploads\/2024\/07\/Agenda_social_viernes_26_de_julio_1-768x768.jpg 768w, https:\/\/www.islabonitalovefestival.es\/wp-content\/uploads\/2024\/07\/Agenda_social_viernes_26_de_julio_1.jpg 1440w\" sizes=\"(max-width: 300px) 100vw, 300px\" \/><\/a>\n\t\t\t<\/div><\/figure><figure class='gallery-item'>\n\t\t\t<div class='gallery-icon landscape'>\n\t\t\t\t<a data-elementor-open-lightbox=\"yes\" data-elementor-lightbox-slideshow=\"6f81e21\" data-elementor-lightbox-title=\"Agenda_social_viernes_26_de_julio_2\" data-e-action-hash=\"#elementor-action%3Aaction%3Dlightbox%26settings%3DeyJpZCI6MTg3OTYsInVybCI6Imh0dHBzOlwvXC93d3cuaXNsYWJvbml0YWxvdmVmZXN0aXZhbC5lc1wvd3AtY29udGVudFwvdXBsb2Fkc1wvMjAyNFwvMDdcL0FnZW5kYV9zb2NpYWxfdmllcm5lc18yNl9kZV9qdWxpb18yLmpwZyIsInNsaWRlc2hvdyI6IjZmODFlMjEifQ%3D%3D\" href='https:\/\/www.islabonitalovefestival.es\/wp-content\/uploads\/2024\/07\/Agenda_social_viernes_26_de_julio_2.jpg'><img width=\"300\" height=\"300\" src=\"https:\/\/www.islabonitalovefestival.es\/wp-content\/uploads\/2024\/07\/Agenda_social_viernes_26_de_julio_2-300x300.jpg\" class=\"attachment-medium size-medium\" alt=\"\" decoding=\"async\" srcset=\"https:\/\/www.islabonitalovefestival.es\/wp-content\/uploads\/2024\/07\/Agenda_social_viernes_26_de_julio_2-300x300.jpg 300w, https:\/\/www.islabonitalovefestival.es\/wp-content\/uploads\/2024\/07\/Agenda_social_viernes_26_de_julio_2-1024x1024.jpg 1024w, https:\/\/www.islabonitalovefestival.es\/wp-content\/uploads\/2024\/07\/Agenda_social_viernes_26_de_julio_2-150x150.jpg 150w, https:\/\/www.islabonitalovefestival.es\/wp-content\/uploads\/2024\/07\/Agenda_social_viernes_26_de_julio_2-768x768.jpg 768w, https:\/\/www.islabonitalovefestival.es\/wp-content\/uploads\/2024\/07\/Agenda_social_viernes_26_de_julio_2.jpg 1440w\" sizes=\"(max-width: 300px) 100vw, 300px\" \/><\/a>\n\t\t\t<\/div><\/figure>\n\t\t<\/div>\n\t\t<\/div>\n\t\t\t\t\t\t<\/div>\n\t\t\t\t<\/div>\n\t\t\t\t\t<\/div>\n\t\t<\/div>\n\t\t\t\t\t<\/div>\n\t\t<\/section>\n\t\t\t\t<\/div>\n\t\t","protected":false},"excerpt":{"rendered":"<p>On Friday, 26th July, the \u2018Jornadas jur\u00eddicas: Retos para la Justicia en Materia de Igualdad\u2019 (Legal Conference: Challenges for Equality Justice) will also be held. The social agenda of the Isla Bonita Love Festival concludes this Friday, 26 July, with a meeting between the transsexual activist Topacio Fresh and the magazine and podcast The Cultural &#8230; <a title=\"Topacio Fresh and The Cultural Magazine close the Love Festival&#8217;s social week\" class=\"read-more\" href=\"https:\/\/www.islabonitalovefestival.es\/en\/2024\/07\/25\/topacio-fresh-and-the-cultural-magazine-close-the-love-festivals-social-week\/\" aria-label=\"Read more about Topacio Fresh and The Cultural Magazine close the Love Festival&#8217;s social week\">Read more<\/a><\/p>\n","protected":false},"author":1,"featured_media":18815,"comment_status":"closed","ping_status":"closed","sticky":false,"template":"","format":"standard","meta":{"footnotes":""},"categories":[233],"tags":[],"class_list":["post-18793","post","type-post","status-publish","format-standard","has-post-thumbnail","hentry","category-news-en"],"yoast_head":"<!-- This site is optimized with the Yoast SEO Premium plugin v22.0 (Yoast SEO v27.0) - https:\/\/yoast.com\/product\/yoast-seo-premium-wordpress\/ -->\n<title>Topacio Fresh and The Cultural Magazine close the Love Festival&#039;s social week - Isla Bonita Love Festival<\/title>\n<meta name=\"robots\" content=\"noindex, follow\" \/>\n<meta property=\"og:locale\" content=\"en_US\" \/>\n<meta property=\"og:type\" content=\"article\" \/>\n<meta property=\"og:title\" content=\"Topacio Fresh and The Cultural Magazine close the Love Festival&#039;s social week\" \/>\n<meta property=\"og:description\" content=\"On Friday, 26th July, the \u2018Jornadas jur\u00eddicas: Retos para la Justicia en Materia de Igualdad\u2019 (Legal Conference: Challenges for Equality Justice) will also be held. The social agenda of the Isla Bonita Love Festival concludes this Friday, 26 July, with a meeting between the transsexual activist Topacio Fresh and the magazine and podcast The Cultural ... Read more\" \/>\n<meta property=\"og:url\" content=\"https:\/\/www.islabonitalovefestival.es\/en\/2024\/07\/25\/topacio-fresh-and-the-cultural-magazine-close-the-love-festivals-social-week\/\" \/>\n<meta property=\"og:site_name\" content=\"Isla Bonita Love Festival\" \/>\n<meta property=\"article:publisher\" content=\"https:\/\/www.facebook.com\/islabonitalovefestival\/\" \/>\n<meta property=\"article:published_time\" content=\"2024-07-25T18:40:35+00:00\" \/>\n<meta property=\"article:modified_time\" content=\"2024-07-25T18:50:55+00:00\" \/>\n<meta property=\"og:image\" content=\"https:\/\/www.islabonitalovefestival.es\/wp-content\/uploads\/2024\/07\/Agenda_Social_26_julio.jpg\" \/>\n\t<meta property=\"og:image:width\" content=\"1440\" \/>\n\t<meta property=\"og:image:height\" content=\"1440\" \/>\n\t<meta property=\"og:image:type\" content=\"image\/jpeg\" \/>\n<meta name=\"author\" content=\"admin\" \/>\n<meta name=\"twitter:card\" content=\"summary_large_image\" \/>\n<meta name=\"twitter:creator\" content=\"@IslaBonitaLoveF\" \/>\n<meta name=\"twitter:site\" content=\"@IslaBonitaLoveF\" \/>\n<script type=\"application\/ld+json\" class=\"yoast-schema-graph\">{\"@context\":\"https:\/\/schema.org\",\"@graph\":[{\"@type\":\"Article\",\"@id\":\"https:\/\/www.islabonitalovefestival.es\/en\/2024\/07\/25\/topacio-fresh-and-the-cultural-magazine-close-the-love-festivals-social-week\/#article\",\"isPartOf\":{\"@id\":\"https:\/\/www.islabonitalovefestival.es\/en\/2024\/07\/25\/topacio-fresh-and-the-cultural-magazine-close-the-love-festivals-social-week\/\"},\"author\":{\"name\":\"admin\",\"@id\":\"https:\/\/www.islabonitalovefestival.es\/#\/schema\/person\/e8c1725efa520a7107e2625e272fb763\"},\"headline\":\"Topacio Fresh and The Cultural Magazine close the Love Festival&#8217;s social week\",\"datePublished\":\"2024-07-25T18:40:35+00:00\",\"dateModified\":\"2024-07-25T18:50:55+00:00\",\"mainEntityOfPage\":{\"@id\":\"https:\/\/www.islabonitalovefestival.es\/en\/2024\/07\/25\/topacio-fresh-and-the-cultural-magazine-close-the-love-festivals-social-week\/\"},\"wordCount\":517,\"publisher\":{\"@id\":\"https:\/\/www.islabonitalovefestival.es\/#organization\"},\"image\":{\"@id\":\"https:\/\/www.islabonitalovefestival.es\/en\/2024\/07\/25\/topacio-fresh-and-the-cultural-magazine-close-the-love-festivals-social-week\/#primaryimage\"},\"thumbnailUrl\":\"https:\/\/www.islabonitalovefestival.es\/wp-content\/uploads\/2024\/07\/Agenda_Social_26_julio.jpg\",\"articleSection\":[\"News\"],\"inLanguage\":\"en-US\"},{\"@type\":\"WebPage\",\"@id\":\"https:\/\/www.islabonitalovefestival.es\/en\/2024\/07\/25\/topacio-fresh-and-the-cultural-magazine-close-the-love-festivals-social-week\/\",\"url\":\"https:\/\/www.islabonitalovefestival.es\/en\/2024\/07\/25\/topacio-fresh-and-the-cultural-magazine-close-the-love-festivals-social-week\/\",\"name\":\"Topacio Fresh and The Cultural Magazine close the Love Festival's social week - Isla Bonita Love Festival\",\"isPartOf\":{\"@id\":\"https:\/\/www.islabonitalovefestival.es\/#website\"},\"primaryImageOfPage\":{\"@id\":\"https:\/\/www.islabonitalovefestival.es\/en\/2024\/07\/25\/topacio-fresh-and-the-cultural-magazine-close-the-love-festivals-social-week\/#primaryimage\"},\"image\":{\"@id\":\"https:\/\/www.islabonitalovefestival.es\/en\/2024\/07\/25\/topacio-fresh-and-the-cultural-magazine-close-the-love-festivals-social-week\/#primaryimage\"},\"thumbnailUrl\":\"https:\/\/www.islabonitalovefestival.es\/wp-content\/uploads\/2024\/07\/Agenda_Social_26_julio.jpg\",\"datePublished\":\"2024-07-25T18:40:35+00:00\",\"dateModified\":\"2024-07-25T18:50:55+00:00\",\"breadcrumb\":{\"@id\":\"https:\/\/www.islabonitalovefestival.es\/en\/2024\/07\/25\/topacio-fresh-and-the-cultural-magazine-close-the-love-festivals-social-week\/#breadcrumb\"},\"inLanguage\":\"en-US\",\"potentialAction\":[{\"@type\":\"ReadAction\",\"target\":[\"https:\/\/www.islabonitalovefestival.es\/en\/2024\/07\/25\/topacio-fresh-and-the-cultural-magazine-close-the-love-festivals-social-week\/\"]}]},{\"@type\":\"ImageObject\",\"inLanguage\":\"en-US\",\"@id\":\"https:\/\/www.islabonitalovefestival.es\/en\/2024\/07\/25\/topacio-fresh-and-the-cultural-magazine-close-the-love-festivals-social-week\/#primaryimage\",\"url\":\"https:\/\/www.islabonitalovefestival.es\/wp-content\/uploads\/2024\/07\/Agenda_Social_26_julio.jpg\",\"contentUrl\":\"https:\/\/www.islabonitalovefestival.es\/wp-content\/uploads\/2024\/07\/Agenda_Social_26_julio.jpg\",\"width\":1440,\"height\":1440},{\"@type\":\"BreadcrumbList\",\"@id\":\"https:\/\/www.islabonitalovefestival.es\/en\/2024\/07\/25\/topacio-fresh-and-the-cultural-magazine-close-the-love-festivals-social-week\/#breadcrumb\",\"itemListElement\":[{\"@type\":\"ListItem\",\"position\":1,\"name\":\"Portada\",\"item\":\"https:\/\/www.islabonitalovefestival.es\/en\/\"},{\"@type\":\"ListItem\",\"position\":2,\"name\":\"Topacio Fresh and The Cultural Magazine close the Love Festival&#8217;s social week\"}]},{\"@type\":\"WebSite\",\"@id\":\"https:\/\/www.islabonitalovefestival.es\/#website\",\"url\":\"https:\/\/www.islabonitalovefestival.es\/\",\"name\":\"Isla Bonita Love Festival 2024\",\"description\":\"Festival de la multiculturalidad que se celebrar\u00e1 del 22 al 28 de julio de 2024 en La Palma\",\"publisher\":{\"@id\":\"https:\/\/www.islabonitalovefestival.es\/#organization\"},\"alternateName\":\"Love Festival 2024\",\"potentialAction\":[{\"@type\":\"SearchAction\",\"target\":{\"@type\":\"EntryPoint\",\"urlTemplate\":\"https:\/\/www.islabonitalovefestival.es\/?s={search_term_string}\"},\"query-input\":{\"@type\":\"PropertyValueSpecification\",\"valueRequired\":true,\"valueName\":\"search_term_string\"}}],\"inLanguage\":\"en-US\"},{\"@type\":\"Organization\",\"@id\":\"https:\/\/www.islabonitalovefestival.es\/#organization\",\"name\":\"Isla Bonita Love Festival La Palma 2024\",\"alternateName\":\"Love Festival\",\"url\":\"https:\/\/www.islabonitalovefestival.es\/\",\"logo\":{\"@type\":\"ImageObject\",\"inLanguage\":\"en-US\",\"@id\":\"https:\/\/www.islabonitalovefestival.es\/#\/schema\/logo\/image\/\",\"url\":\"https:\/\/www.islabonitalovefestival.es\/wp-content\/uploads\/2024\/03\/LF24_entrada.png\",\"contentUrl\":\"https:\/\/www.islabonitalovefestival.es\/wp-content\/uploads\/2024\/03\/LF24_entrada.png\",\"width\":800,\"height\":800,\"caption\":\"Isla Bonita Love Festival La Palma 2024\"},\"image\":{\"@id\":\"https:\/\/www.islabonitalovefestival.es\/#\/schema\/logo\/image\/\"},\"sameAs\":[\"https:\/\/www.facebook.com\/islabonitalovefestival\/\",\"https:\/\/x.com\/IslaBonitaLoveF\",\"https:\/\/www.instagram.com\/islabonitalovefest\/\",\"https:\/\/www.youtube.com\/channel\/UCT7DqYugOSkmQ9lWVL9UTJw\"],\"description\":\"Sociedad de Promoci\u00f3n y Desarrollo econ\u00f3mico y Social de La Palma, empresa p\u00fablica dependiente del Cabildo de La Palma\",\"email\":\"info@sodepal.es\",\"telephone\":\"922417323\",\"legalName\":\"Sociedad de Promoci\u00f3n y Desarrollo Econ\u00f3mico de la isla de La Palma S.A.U.\",\"publishingPrinciples\":\"https:\/\/www.islabonitalovefestival.es\/aviso-legal\/\",\"ownershipFundingInfo\":\"https:\/\/www.islabonitalovefestival.es\/aviso-legal\/\",\"actionableFeedbackPolicy\":\"https:\/\/www.islabonitalovefestival.es\/aviso-legal\/\",\"correctionsPolicy\":\"https:\/\/www.islabonitalovefestival.es\/aviso-legal\/\",\"ethicsPolicy\":\"https:\/\/www.islabonitalovefestival.es\/aviso-legal\/\",\"diversityPolicy\":\"https:\/\/www.islabonitalovefestival.es\/aviso-legal\/\",\"diversityStaffingReport\":\"https:\/\/www.islabonitalovefestival.es\/aviso-legal\/\"},{\"@type\":\"Person\",\"@id\":\"https:\/\/www.islabonitalovefestival.es\/#\/schema\/person\/e8c1725efa520a7107e2625e272fb763\",\"name\":\"admin\"}]}<\/script>\n<!-- \/ Yoast SEO Premium plugin. -->","yoast_head_json":{"title":"Topacio Fresh and The Cultural Magazine close the Love Festival's social week - Isla Bonita Love Festival","robots":{"index":"noindex","follow":"follow"},"og_locale":"en_US","og_type":"article","og_title":"Topacio Fresh and The Cultural Magazine close the Love Festival's social week","og_description":"On Friday, 26th July, the \u2018Jornadas jur\u00eddicas: Retos para la Justicia en Materia de Igualdad\u2019 (Legal Conference: Challenges for Equality Justice) will also be held. The social agenda of the Isla Bonita Love Festival concludes this Friday, 26 July, with a meeting between the transsexual activist Topacio Fresh and the magazine and podcast The Cultural ... Read more","og_url":"https:\/\/www.islabonitalovefestival.es\/en\/2024\/07\/25\/topacio-fresh-and-the-cultural-magazine-close-the-love-festivals-social-week\/","og_site_name":"Isla Bonita Love Festival","article_publisher":"https:\/\/www.facebook.com\/islabonitalovefestival\/","article_published_time":"2024-07-25T18:40:35+00:00","article_modified_time":"2024-07-25T18:50:55+00:00","og_image":[{"width":1440,"height":1440,"url":"https:\/\/www.islabonitalovefestival.es\/wp-content\/uploads\/2024\/07\/Agenda_Social_26_julio.jpg","type":"image\/jpeg"}],"author":"admin","twitter_card":"summary_large_image","twitter_creator":"@IslaBonitaLoveF","twitter_site":"@IslaBonitaLoveF","schema":{"@context":"https:\/\/schema.org","@graph":[{"@type":"Article","@id":"https:\/\/www.islabonitalovefestival.es\/en\/2024\/07\/25\/topacio-fresh-and-the-cultural-magazine-close-the-love-festivals-social-week\/#article","isPartOf":{"@id":"https:\/\/www.islabonitalovefestival.es\/en\/2024\/07\/25\/topacio-fresh-and-the-cultural-magazine-close-the-love-festivals-social-week\/"},"author":{"name":"admin","@id":"https:\/\/www.islabonitalovefestival.es\/#\/schema\/person\/e8c1725efa520a7107e2625e272fb763"},"headline":"Topacio Fresh and The Cultural Magazine close the Love Festival&#8217;s social week","datePublished":"2024-07-25T18:40:35+00:00","dateModified":"2024-07-25T18:50:55+00:00","mainEntityOfPage":{"@id":"https:\/\/www.islabonitalovefestival.es\/en\/2024\/07\/25\/topacio-fresh-and-the-cultural-magazine-close-the-love-festivals-social-week\/"},"wordCount":517,"publisher":{"@id":"https:\/\/www.islabonitalovefestival.es\/#organization"},"image":{"@id":"https:\/\/www.islabonitalovefestival.es\/en\/2024\/07\/25\/topacio-fresh-and-the-cultural-magazine-close-the-love-festivals-social-week\/#primaryimage"},"thumbnailUrl":"https:\/\/www.islabonitalovefestival.es\/wp-content\/uploads\/2024\/07\/Agenda_Social_26_julio.jpg","articleSection":["News"],"inLanguage":"en-US"},{"@type":"WebPage","@id":"https:\/\/www.islabonitalovefestival.es\/en\/2024\/07\/25\/topacio-fresh-and-the-cultural-magazine-close-the-love-festivals-social-week\/","url":"https:\/\/www.islabonitalovefestival.es\/en\/2024\/07\/25\/topacio-fresh-and-the-cultural-magazine-close-the-love-festivals-social-week\/","name":"Topacio Fresh and The Cultural Magazine close the Love Festival's social week - Isla Bonita Love Festival","isPartOf":{"@id":"https:\/\/www.islabonitalovefestival.es\/#website"},"primaryImageOfPage":{"@id":"https:\/\/www.islabonitalovefestival.es\/en\/2024\/07\/25\/topacio-fresh-and-the-cultural-magazine-close-the-love-festivals-social-week\/#primaryimage"},"image":{"@id":"https:\/\/www.islabonitalovefestival.es\/en\/2024\/07\/25\/topacio-fresh-and-the-cultural-magazine-close-the-love-festivals-social-week\/#primaryimage"},"thumbnailUrl":"https:\/\/www.islabonitalovefestival.es\/wp-content\/uploads\/2024\/07\/Agenda_Social_26_julio.jpg","datePublished":"2024-07-25T18:40:35+00:00","dateModified":"2024-07-25T18:50:55+00:00","breadcrumb":{"@id":"https:\/\/www.islabonitalovefestival.es\/en\/2024\/07\/25\/topacio-fresh-and-the-cultural-magazine-close-the-love-festivals-social-week\/#breadcrumb"},"inLanguage":"en-US","potentialAction":[{"@type":"ReadAction","target":["https:\/\/www.islabonitalovefestival.es\/en\/2024\/07\/25\/topacio-fresh-and-the-cultural-magazine-close-the-love-festivals-social-week\/"]}]},{"@type":"ImageObject","inLanguage":"en-US","@id":"https:\/\/www.islabonitalovefestival.es\/en\/2024\/07\/25\/topacio-fresh-and-the-cultural-magazine-close-the-love-festivals-social-week\/#primaryimage","url":"https:\/\/www.islabonitalovefestival.es\/wp-content\/uploads\/2024\/07\/Agenda_Social_26_julio.jpg","contentUrl":"https:\/\/www.islabonitalovefestival.es\/wp-content\/uploads\/2024\/07\/Agenda_Social_26_julio.jpg","width":1440,"height":1440},{"@type":"BreadcrumbList","@id":"https:\/\/www.islabonitalovefestival.es\/en\/2024\/07\/25\/topacio-fresh-and-the-cultural-magazine-close-the-love-festivals-social-week\/#breadcrumb","itemListElement":[{"@type":"ListItem","position":1,"name":"Portada","item":"https:\/\/www.islabonitalovefestival.es\/en\/"},{"@type":"ListItem","position":2,"name":"Topacio Fresh and The Cultural Magazine close the Love Festival&#8217;s social week"}]},{"@type":"WebSite","@id":"https:\/\/www.islabonitalovefestival.es\/#website","url":"https:\/\/www.islabonitalovefestival.es\/","name":"Isla Bonita Love Festival 2024","description":"Festival de la multiculturalidad que se celebrar\u00e1 del 22 al 28 de julio de 2024 en La Palma","publisher":{"@id":"https:\/\/www.islabonitalovefestival.es\/#organization"},"alternateName":"Love Festival 2024","potentialAction":[{"@type":"SearchAction","target":{"@type":"EntryPoint","urlTemplate":"https:\/\/www.islabonitalovefestival.es\/?s={search_term_string}"},"query-input":{"@type":"PropertyValueSpecification","valueRequired":true,"valueName":"search_term_string"}}],"inLanguage":"en-US"},{"@type":"Organization","@id":"https:\/\/www.islabonitalovefestival.es\/#organization","name":"Isla Bonita Love Festival La Palma 2024","alternateName":"Love Festival","url":"https:\/\/www.islabonitalovefestival.es\/","logo":{"@type":"ImageObject","inLanguage":"en-US","@id":"https:\/\/www.islabonitalovefestival.es\/#\/schema\/logo\/image\/","url":"https:\/\/www.islabonitalovefestival.es\/wp-content\/uploads\/2024\/03\/LF24_entrada.png","contentUrl":"https:\/\/www.islabonitalovefestival.es\/wp-content\/uploads\/2024\/03\/LF24_entrada.png","width":800,"height":800,"caption":"Isla Bonita Love Festival La Palma 2024"},"image":{"@id":"https:\/\/www.islabonitalovefestival.es\/#\/schema\/logo\/image\/"},"sameAs":["https:\/\/www.facebook.com\/islabonitalovefestival\/","https:\/\/x.com\/IslaBonitaLoveF","https:\/\/www.instagram.com\/islabonitalovefest\/","https:\/\/www.youtube.com\/channel\/UCT7DqYugOSkmQ9lWVL9UTJw"],"description":"Sociedad de Promoci\u00f3n y Desarrollo econ\u00f3mico y Social de La Palma, empresa p\u00fablica dependiente del Cabildo de La Palma","email":"info@sodepal.es","telephone":"922417323","legalName":"Sociedad de Promoci\u00f3n y Desarrollo Econ\u00f3mico de la isla de La Palma S.A.U.","publishingPrinciples":"https:\/\/www.islabonitalovefestival.es\/aviso-legal\/","ownershipFundingInfo":"https:\/\/www.islabonitalovefestival.es\/aviso-legal\/","actionableFeedbackPolicy":"https:\/\/www.islabonitalovefestival.es\/aviso-legal\/","correctionsPolicy":"https:\/\/www.islabonitalovefestival.es\/aviso-legal\/","ethicsPolicy":"https:\/\/www.islabonitalovefestival.es\/aviso-legal\/","diversityPolicy":"https:\/\/www.islabonitalovefestival.es\/aviso-legal\/","diversityStaffingReport":"https:\/\/www.islabonitalovefestival.es\/aviso-legal\/"},{"@type":"Person","@id":"https:\/\/www.islabonitalovefestival.es\/#\/schema\/person\/e8c1725efa520a7107e2625e272fb763","name":"admin"}]}},"_links":{"self":[{"href":"https:\/\/www.islabonitalovefestival.es\/en\/wp-json\/wp\/v2\/posts\/18793","targetHints":{"allow":["GET"]}}],"collection":[{"href":"https:\/\/www.islabonitalovefestival.es\/en\/wp-json\/wp\/v2\/posts"}],"about":[{"href":"https:\/\/www.islabonitalovefestival.es\/en\/wp-json\/wp\/v2\/types\/post"}],"author":[{"embeddable":true,"href":"https:\/\/www.islabonitalovefestival.es\/en\/wp-json\/wp\/v2\/users\/1"}],"replies":[{"embeddable":true,"href":"https:\/\/www.islabonitalovefestival.es\/en\/wp-json\/wp\/v2\/comments?post=18793"}],"version-history":[{"count":6,"href":"https:\/\/www.islabonitalovefestival.es\/en\/wp-json\/wp\/v2\/posts\/18793\/revisions"}],"predecessor-version":[{"id":18820,"href":"https:\/\/www.islabonitalovefestival.es\/en\/wp-json\/wp\/v2\/posts\/18793\/revisions\/18820"}],"wp:featuredmedia":[{"embeddable":true,"href":"https:\/\/www.islabonitalovefestival.es\/en\/wp-json\/wp\/v2\/media\/18815"}],"wp:attachment":[{"href":"https:\/\/www.islabonitalovefestival.es\/en\/wp-json\/wp\/v2\/media?parent=18793"}],"wp:term":[{"taxonomy":"category","embeddable":true,"href":"https:\/\/www.islabonitalovefestival.es\/en\/wp-json\/wp\/v2\/categories?post=18793"},{"taxonomy":"post_tag","embeddable":true,"href":"https:\/\/www.islabonitalovefestival.es\/en\/wp-json\/wp\/v2\/tags?post=18793"}],"curies":[{"name":"wp","href":"https:\/\/api.w.org\/{rel}","templated":true}]}}