{"id":18833,"date":"2024-07-26T12:11:23","date_gmt":"2024-07-26T11:11:23","guid":{"rendered":"https:\/\/www.islabonitalovefestival.es\/?p=18833"},"modified":"2024-07-26T12:19:52","modified_gmt":"2024-07-26T11:19:52","slug":"the-isla-bonita-love-festival-proudly-conquers-francisca-gazmira-square","status":"publish","type":"post","link":"https:\/\/www.islabonitalovefestival.es\/en\/2024\/07\/26\/the-isla-bonita-love-festival-proudly-conquers-francisca-gazmira-square\/","title":{"rendered":"The Isla Bonita Love Festival proudly \u2018conquers\u2019 Francisca Gazmira Square"},"content":{"rendered":"\t\t<div data-elementor-type=\"wp-post\" data-elementor-id=\"18833\" class=\"elementor elementor-18833\" data-elementor-post-type=\"post\">\n\t\t\t\t\t\t<section data-particle_enable=\"false\" data-particle-mobile-disabled=\"false\" class=\"elementor-section elementor-top-section elementor-element elementor-element-5d4592ee elementor-section-boxed elementor-section-height-default elementor-section-height-default\" data-id=\"5d4592ee\" data-element_type=\"section\" data-e-type=\"section\">\n\t\t\t\t\t\t<div class=\"elementor-container elementor-column-gap-default\">\n\t\t\t\t\t<div class=\"elementor-column elementor-col-100 elementor-top-column elementor-element elementor-element-329aa00\" data-id=\"329aa00\" data-element_type=\"column\" data-e-type=\"column\">\n\t\t\t<div class=\"elementor-widget-wrap elementor-element-populated\">\n\t\t\t\t\t\t<div class=\"elementor-element elementor-element-cf78c36 elementor-widget elementor-widget-text-editor\" data-id=\"cf78c36\" data-element_type=\"widget\" data-e-type=\"widget\" data-widget_type=\"text-editor.default\">\n\t\t\t\t<div class=\"elementor-widget-container\">\n\t\t\t\t\t\t\t\t\t<div class=\"field field--name-field-noticias-entradilla field--type-text-long field--label-hidden field--item\"><div class=\"field field--name-field-noticias-entradilla field--type-text-long field--label-hidden field--item\"><h4>The president of the Cabildo de La Palma, Sergio Rodr\u00edguez, highlights the importance of this type of action to make the LGTBIQ+ community visible and to continue fighting for a free and diverse society.<\/h4><p>The Isla Bonita Love Festival proudly \u2018conquers\u2019 the Francisca Gazmira square in the municipality of El Paso. The President of the Cabildo de La Palma, Sergio Rodr\u00edguez, together with the CEO of Sodepal, Miriam Perestelo, and the Mayor of El Paso, Eloy Mart\u00edn, inaugurated the Plaza del Orgullo in the municipality last Thursday, 25th July.<\/p><p>Sergio Rodr\u00edguez highlighted the importance of this type of action, which is part of the Love Festival&#8217;s Social Agenda, and which seeks to occupy public space as a symbol of progress for the LGTBIQ+ community, which has been historically oppressed.<\/p><p>In this sense, the president stresses that this allows the collective to be made visible and to continue fighting for a free and diverse society where people are not afraid to express themselves and to love.<\/p><p>The CEO of Sodepal, Miriam Perestelo, emphasised the importance of continuing to develop the different activities that make up the Social Agenda of the Isla Bonita Love Festival each year, an event that has positioned itself at regional and national level for its struggle and for the defence of values that are key to progress as a society.<\/p><p>For his part, the mayor of El Paso, Eloy Mart\u00edn, thanked the Island Corporation for the fact that this year, on the occasion of the triennial festivities of the municipality, the Pride Square has been moved to the centre of El Paso, a municipality firmly committed to equality and diversity.<\/p><p>This year, the inauguration of the Plaza del Orgullo featured performances by Az\u00facar Moreno and the renowned Canarian artist Drag Sethlas.<\/p><\/div><\/div>\t\t\t\t\t\t\t\t<\/div>\n\t\t\t\t<\/div>\n\t\t\t\t\t<\/div>\n\t\t<\/div>\n\t\t\t\t\t<\/div>\n\t\t<\/section>\n\t\t\t\t<\/div>\n\t\t","protected":false},"excerpt":{"rendered":"<p>The president of the Cabildo de La Palma, Sergio Rodr\u00edguez, highlights the importance of this type of action to make the LGTBIQ+ community visible and to continue fighting for a free and diverse society. The Isla Bonita Love Festival proudly \u2018conquers\u2019 the Francisca Gazmira square in the municipality of El Paso. The President of the &#8230; <a title=\"The Isla Bonita Love Festival proudly \u2018conquers\u2019 Francisca Gazmira Square\" class=\"read-more\" href=\"https:\/\/www.islabonitalovefestival.es\/en\/2024\/07\/26\/the-isla-bonita-love-festival-proudly-conquers-francisca-gazmira-square\/\" aria-label=\"Read more about The Isla Bonita Love Festival proudly \u2018conquers\u2019 Francisca Gazmira Square\">Read more<\/a><\/p>\n","protected":false},"author":1,"featured_media":18837,"comment_status":"closed","ping_status":"closed","sticky":false,"template":"","format":"standard","meta":{"footnotes":""},"categories":[233],"tags":[],"class_list":["post-18833","post","type-post","status-publish","format-standard","has-post-thumbnail","hentry","category-news-en"],"yoast_head":"<!-- This site is optimized with the Yoast SEO Premium plugin v22.0 (Yoast SEO v27.0) - https:\/\/yoast.com\/product\/yoast-seo-premium-wordpress\/ -->\n<title>The Isla Bonita Love Festival proudly \u2018conquers\u2019 Francisca Gazmira Square - Isla Bonita Love Festival<\/title>\n<meta name=\"robots\" content=\"noindex, follow\" \/>\n<meta property=\"og:locale\" content=\"en_US\" \/>\n<meta property=\"og:type\" content=\"article\" \/>\n<meta property=\"og:title\" content=\"The Isla Bonita Love Festival proudly \u2018conquers\u2019 Francisca Gazmira Square\" \/>\n<meta property=\"og:description\" content=\"The president of the Cabildo de La Palma, Sergio Rodr\u00edguez, highlights the importance of this type of action to make the LGTBIQ+ community visible and to continue fighting for a free and diverse society. The Isla Bonita Love Festival proudly \u2018conquers\u2019 the Francisca Gazmira square in the municipality of El Paso. The President of the ... Read more\" \/>\n<meta property=\"og:url\" content=\"https:\/\/www.islabonitalovefestival.es\/en\/2024\/07\/26\/the-isla-bonita-love-festival-proudly-conquers-francisca-gazmira-square\/\" \/>\n<meta property=\"og:site_name\" content=\"Isla Bonita Love Festival\" \/>\n<meta property=\"article:publisher\" content=\"https:\/\/www.facebook.com\/islabonitalovefestival\/\" \/>\n<meta property=\"article:published_time\" content=\"2024-07-26T11:11:23+00:00\" \/>\n<meta property=\"article:modified_time\" content=\"2024-07-26T11:19:52+00:00\" \/>\n<meta property=\"og:image\" content=\"https:\/\/www.islabonitalovefestival.es\/wp-content\/uploads\/2024\/07\/plaza_francisca_gazmira.jpg\" \/>\n\t<meta property=\"og:image:width\" content=\"1571\" \/>\n\t<meta property=\"og:image:height\" content=\"1040\" \/>\n\t<meta property=\"og:image:type\" content=\"image\/jpeg\" \/>\n<meta name=\"author\" content=\"admin\" \/>\n<meta name=\"twitter:card\" content=\"summary_large_image\" \/>\n<meta name=\"twitter:creator\" content=\"@IslaBonitaLoveF\" \/>\n<meta name=\"twitter:site\" content=\"@IslaBonitaLoveF\" \/>\n<script type=\"application\/ld+json\" class=\"yoast-schema-graph\">{\"@context\":\"https:\/\/schema.org\",\"@graph\":[{\"@type\":\"Article\",\"@id\":\"https:\/\/www.islabonitalovefestival.es\/en\/2024\/07\/26\/the-isla-bonita-love-festival-proudly-conquers-francisca-gazmira-square\/#article\",\"isPartOf\":{\"@id\":\"https:\/\/www.islabonitalovefestival.es\/en\/2024\/07\/26\/the-isla-bonita-love-festival-proudly-conquers-francisca-gazmira-square\/\"},\"author\":{\"name\":\"admin\",\"@id\":\"https:\/\/www.islabonitalovefestival.es\/#\/schema\/person\/e8c1725efa520a7107e2625e272fb763\"},\"headline\":\"The Isla Bonita Love Festival proudly \u2018conquers\u2019 Francisca Gazmira Square\",\"datePublished\":\"2024-07-26T11:11:23+00:00\",\"dateModified\":\"2024-07-26T11:19:52+00:00\",\"mainEntityOfPage\":{\"@id\":\"https:\/\/www.islabonitalovefestival.es\/en\/2024\/07\/26\/the-isla-bonita-love-festival-proudly-conquers-francisca-gazmira-square\/\"},\"wordCount\":311,\"publisher\":{\"@id\":\"https:\/\/www.islabonitalovefestival.es\/#organization\"},\"image\":{\"@id\":\"https:\/\/www.islabonitalovefestival.es\/en\/2024\/07\/26\/the-isla-bonita-love-festival-proudly-conquers-francisca-gazmira-square\/#primaryimage\"},\"thumbnailUrl\":\"https:\/\/www.islabonitalovefestival.es\/wp-content\/uploads\/2024\/07\/plaza_francisca_gazmira.jpg\",\"articleSection\":[\"News\"],\"inLanguage\":\"en-US\"},{\"@type\":\"WebPage\",\"@id\":\"https:\/\/www.islabonitalovefestival.es\/en\/2024\/07\/26\/the-isla-bonita-love-festival-proudly-conquers-francisca-gazmira-square\/\",\"url\":\"https:\/\/www.islabonitalovefestival.es\/en\/2024\/07\/26\/the-isla-bonita-love-festival-proudly-conquers-francisca-gazmira-square\/\",\"name\":\"The Isla Bonita Love Festival proudly \u2018conquers\u2019 Francisca Gazmira Square - Isla Bonita Love Festival\",\"isPartOf\":{\"@id\":\"https:\/\/www.islabonitalovefestival.es\/#website\"},\"primaryImageOfPage\":{\"@id\":\"https:\/\/www.islabonitalovefestival.es\/en\/2024\/07\/26\/the-isla-bonita-love-festival-proudly-conquers-francisca-gazmira-square\/#primaryimage\"},\"image\":{\"@id\":\"https:\/\/www.islabonitalovefestival.es\/en\/2024\/07\/26\/the-isla-bonita-love-festival-proudly-conquers-francisca-gazmira-square\/#primaryimage\"},\"thumbnailUrl\":\"https:\/\/www.islabonitalovefestival.es\/wp-content\/uploads\/2024\/07\/plaza_francisca_gazmira.jpg\",\"datePublished\":\"2024-07-26T11:11:23+00:00\",\"dateModified\":\"2024-07-26T11:19:52+00:00\",\"breadcrumb\":{\"@id\":\"https:\/\/www.islabonitalovefestival.es\/en\/2024\/07\/26\/the-isla-bonita-love-festival-proudly-conquers-francisca-gazmira-square\/#breadcrumb\"},\"inLanguage\":\"en-US\",\"potentialAction\":[{\"@type\":\"ReadAction\",\"target\":[\"https:\/\/www.islabonitalovefestival.es\/en\/2024\/07\/26\/the-isla-bonita-love-festival-proudly-conquers-francisca-gazmira-square\/\"]}]},{\"@type\":\"ImageObject\",\"inLanguage\":\"en-US\",\"@id\":\"https:\/\/www.islabonitalovefestival.es\/en\/2024\/07\/26\/the-isla-bonita-love-festival-proudly-conquers-francisca-gazmira-square\/#primaryimage\",\"url\":\"https:\/\/www.islabonitalovefestival.es\/wp-content\/uploads\/2024\/07\/plaza_francisca_gazmira.jpg\",\"contentUrl\":\"https:\/\/www.islabonitalovefestival.es\/wp-content\/uploads\/2024\/07\/plaza_francisca_gazmira.jpg\",\"width\":1571,\"height\":1040},{\"@type\":\"BreadcrumbList\",\"@id\":\"https:\/\/www.islabonitalovefestival.es\/en\/2024\/07\/26\/the-isla-bonita-love-festival-proudly-conquers-francisca-gazmira-square\/#breadcrumb\",\"itemListElement\":[{\"@type\":\"ListItem\",\"position\":1,\"name\":\"Portada\",\"item\":\"https:\/\/www.islabonitalovefestival.es\/en\/\"},{\"@type\":\"ListItem\",\"position\":2,\"name\":\"The Isla Bonita Love Festival proudly \u2018conquers\u2019 Francisca Gazmira Square\"}]},{\"@type\":\"WebSite\",\"@id\":\"https:\/\/www.islabonitalovefestival.es\/#website\",\"url\":\"https:\/\/www.islabonitalovefestival.es\/\",\"name\":\"Isla Bonita Love Festival 2024\",\"description\":\"Festival de la multiculturalidad que se celebrar\u00e1 del 22 al 28 de julio de 2024 en La Palma\",\"publisher\":{\"@id\":\"https:\/\/www.islabonitalovefestival.es\/#organization\"},\"alternateName\":\"Love Festival 2024\",\"potentialAction\":[{\"@type\":\"SearchAction\",\"target\":{\"@type\":\"EntryPoint\",\"urlTemplate\":\"https:\/\/www.islabonitalovefestival.es\/?s={search_term_string}\"},\"query-input\":{\"@type\":\"PropertyValueSpecification\",\"valueRequired\":true,\"valueName\":\"search_term_string\"}}],\"inLanguage\":\"en-US\"},{\"@type\":\"Organization\",\"@id\":\"https:\/\/www.islabonitalovefestival.es\/#organization\",\"name\":\"Isla Bonita Love Festival La Palma 2024\",\"alternateName\":\"Love Festival\",\"url\":\"https:\/\/www.islabonitalovefestival.es\/\",\"logo\":{\"@type\":\"ImageObject\",\"inLanguage\":\"en-US\",\"@id\":\"https:\/\/www.islabonitalovefestival.es\/#\/schema\/logo\/image\/\",\"url\":\"https:\/\/www.islabonitalovefestival.es\/wp-content\/uploads\/2024\/03\/LF24_entrada.png\",\"contentUrl\":\"https:\/\/www.islabonitalovefestival.es\/wp-content\/uploads\/2024\/03\/LF24_entrada.png\",\"width\":800,\"height\":800,\"caption\":\"Isla Bonita Love Festival La Palma 2024\"},\"image\":{\"@id\":\"https:\/\/www.islabonitalovefestival.es\/#\/schema\/logo\/image\/\"},\"sameAs\":[\"https:\/\/www.facebook.com\/islabonitalovefestival\/\",\"https:\/\/x.com\/IslaBonitaLoveF\",\"https:\/\/www.instagram.com\/islabonitalovefest\/\",\"https:\/\/www.youtube.com\/channel\/UCT7DqYugOSkmQ9lWVL9UTJw\"],\"description\":\"Sociedad de Promoci\u00f3n y Desarrollo econ\u00f3mico y Social de La Palma, empresa p\u00fablica dependiente del Cabildo de La Palma\",\"email\":\"info@sodepal.es\",\"telephone\":\"922417323\",\"legalName\":\"Sociedad de Promoci\u00f3n y Desarrollo Econ\u00f3mico de la isla de La Palma S.A.U.\",\"publishingPrinciples\":\"https:\/\/www.islabonitalovefestival.es\/aviso-legal\/\",\"ownershipFundingInfo\":\"https:\/\/www.islabonitalovefestival.es\/aviso-legal\/\",\"actionableFeedbackPolicy\":\"https:\/\/www.islabonitalovefestival.es\/aviso-legal\/\",\"correctionsPolicy\":\"https:\/\/www.islabonitalovefestival.es\/aviso-legal\/\",\"ethicsPolicy\":\"https:\/\/www.islabonitalovefestival.es\/aviso-legal\/\",\"diversityPolicy\":\"https:\/\/www.islabonitalovefestival.es\/aviso-legal\/\",\"diversityStaffingReport\":\"https:\/\/www.islabonitalovefestival.es\/aviso-legal\/\"},{\"@type\":\"Person\",\"@id\":\"https:\/\/www.islabonitalovefestival.es\/#\/schema\/person\/e8c1725efa520a7107e2625e272fb763\",\"name\":\"admin\"}]}<\/script>\n<!-- \/ Yoast SEO Premium plugin. -->","yoast_head_json":{"title":"The Isla Bonita Love Festival proudly \u2018conquers\u2019 Francisca Gazmira Square - Isla Bonita Love Festival","robots":{"index":"noindex","follow":"follow"},"og_locale":"en_US","og_type":"article","og_title":"The Isla Bonita Love Festival proudly \u2018conquers\u2019 Francisca Gazmira Square","og_description":"The president of the Cabildo de La Palma, Sergio Rodr\u00edguez, highlights the importance of this type of action to make the LGTBIQ+ community visible and to continue fighting for a free and diverse society. The Isla Bonita Love Festival proudly \u2018conquers\u2019 the Francisca Gazmira square in the municipality of El Paso. The President of the ... Read more","og_url":"https:\/\/www.islabonitalovefestival.es\/en\/2024\/07\/26\/the-isla-bonita-love-festival-proudly-conquers-francisca-gazmira-square\/","og_site_name":"Isla Bonita Love Festival","article_publisher":"https:\/\/www.facebook.com\/islabonitalovefestival\/","article_published_time":"2024-07-26T11:11:23+00:00","article_modified_time":"2024-07-26T11:19:52+00:00","og_image":[{"width":1571,"height":1040,"url":"https:\/\/www.islabonitalovefestival.es\/wp-content\/uploads\/2024\/07\/plaza_francisca_gazmira.jpg","type":"image\/jpeg"}],"author":"admin","twitter_card":"summary_large_image","twitter_creator":"@IslaBonitaLoveF","twitter_site":"@IslaBonitaLoveF","schema":{"@context":"https:\/\/schema.org","@graph":[{"@type":"Article","@id":"https:\/\/www.islabonitalovefestival.es\/en\/2024\/07\/26\/the-isla-bonita-love-festival-proudly-conquers-francisca-gazmira-square\/#article","isPartOf":{"@id":"https:\/\/www.islabonitalovefestival.es\/en\/2024\/07\/26\/the-isla-bonita-love-festival-proudly-conquers-francisca-gazmira-square\/"},"author":{"name":"admin","@id":"https:\/\/www.islabonitalovefestival.es\/#\/schema\/person\/e8c1725efa520a7107e2625e272fb763"},"headline":"The Isla Bonita Love Festival proudly \u2018conquers\u2019 Francisca Gazmira Square","datePublished":"2024-07-26T11:11:23+00:00","dateModified":"2024-07-26T11:19:52+00:00","mainEntityOfPage":{"@id":"https:\/\/www.islabonitalovefestival.es\/en\/2024\/07\/26\/the-isla-bonita-love-festival-proudly-conquers-francisca-gazmira-square\/"},"wordCount":311,"publisher":{"@id":"https:\/\/www.islabonitalovefestival.es\/#organization"},"image":{"@id":"https:\/\/www.islabonitalovefestival.es\/en\/2024\/07\/26\/the-isla-bonita-love-festival-proudly-conquers-francisca-gazmira-square\/#primaryimage"},"thumbnailUrl":"https:\/\/www.islabonitalovefestival.es\/wp-content\/uploads\/2024\/07\/plaza_francisca_gazmira.jpg","articleSection":["News"],"inLanguage":"en-US"},{"@type":"WebPage","@id":"https:\/\/www.islabonitalovefestival.es\/en\/2024\/07\/26\/the-isla-bonita-love-festival-proudly-conquers-francisca-gazmira-square\/","url":"https:\/\/www.islabonitalovefestival.es\/en\/2024\/07\/26\/the-isla-bonita-love-festival-proudly-conquers-francisca-gazmira-square\/","name":"The Isla Bonita Love Festival proudly \u2018conquers\u2019 Francisca Gazmira Square - Isla Bonita Love Festival","isPartOf":{"@id":"https:\/\/www.islabonitalovefestival.es\/#website"},"primaryImageOfPage":{"@id":"https:\/\/www.islabonitalovefestival.es\/en\/2024\/07\/26\/the-isla-bonita-love-festival-proudly-conquers-francisca-gazmira-square\/#primaryimage"},"image":{"@id":"https:\/\/www.islabonitalovefestival.es\/en\/2024\/07\/26\/the-isla-bonita-love-festival-proudly-conquers-francisca-gazmira-square\/#primaryimage"},"thumbnailUrl":"https:\/\/www.islabonitalovefestival.es\/wp-content\/uploads\/2024\/07\/plaza_francisca_gazmira.jpg","datePublished":"2024-07-26T11:11:23+00:00","dateModified":"2024-07-26T11:19:52+00:00","breadcrumb":{"@id":"https:\/\/www.islabonitalovefestival.es\/en\/2024\/07\/26\/the-isla-bonita-love-festival-proudly-conquers-francisca-gazmira-square\/#breadcrumb"},"inLanguage":"en-US","potentialAction":[{"@type":"ReadAction","target":["https:\/\/www.islabonitalovefestival.es\/en\/2024\/07\/26\/the-isla-bonita-love-festival-proudly-conquers-francisca-gazmira-square\/"]}]},{"@type":"ImageObject","inLanguage":"en-US","@id":"https:\/\/www.islabonitalovefestival.es\/en\/2024\/07\/26\/the-isla-bonita-love-festival-proudly-conquers-francisca-gazmira-square\/#primaryimage","url":"https:\/\/www.islabonitalovefestival.es\/wp-content\/uploads\/2024\/07\/plaza_francisca_gazmira.jpg","contentUrl":"https:\/\/www.islabonitalovefestival.es\/wp-content\/uploads\/2024\/07\/plaza_francisca_gazmira.jpg","width":1571,"height":1040},{"@type":"BreadcrumbList","@id":"https:\/\/www.islabonitalovefestival.es\/en\/2024\/07\/26\/the-isla-bonita-love-festival-proudly-conquers-francisca-gazmira-square\/#breadcrumb","itemListElement":[{"@type":"ListItem","position":1,"name":"Portada","item":"https:\/\/www.islabonitalovefestival.es\/en\/"},{"@type":"ListItem","position":2,"name":"The Isla Bonita Love Festival proudly \u2018conquers\u2019 Francisca Gazmira Square"}]},{"@type":"WebSite","@id":"https:\/\/www.islabonitalovefestival.es\/#website","url":"https:\/\/www.islabonitalovefestival.es\/","name":"Isla Bonita Love Festival 2024","description":"Festival de la multiculturalidad que se celebrar\u00e1 del 22 al 28 de julio de 2024 en La Palma","publisher":{"@id":"https:\/\/www.islabonitalovefestival.es\/#organization"},"alternateName":"Love Festival 2024","potentialAction":[{"@type":"SearchAction","target":{"@type":"EntryPoint","urlTemplate":"https:\/\/www.islabonitalovefestival.es\/?s={search_term_string}"},"query-input":{"@type":"PropertyValueSpecification","valueRequired":true,"valueName":"search_term_string"}}],"inLanguage":"en-US"},{"@type":"Organization","@id":"https:\/\/www.islabonitalovefestival.es\/#organization","name":"Isla Bonita Love Festival La Palma 2024","alternateName":"Love Festival","url":"https:\/\/www.islabonitalovefestival.es\/","logo":{"@type":"ImageObject","inLanguage":"en-US","@id":"https:\/\/www.islabonitalovefestival.es\/#\/schema\/logo\/image\/","url":"https:\/\/www.islabonitalovefestival.es\/wp-content\/uploads\/2024\/03\/LF24_entrada.png","contentUrl":"https:\/\/www.islabonitalovefestival.es\/wp-content\/uploads\/2024\/03\/LF24_entrada.png","width":800,"height":800,"caption":"Isla Bonita Love Festival La Palma 2024"},"image":{"@id":"https:\/\/www.islabonitalovefestival.es\/#\/schema\/logo\/image\/"},"sameAs":["https:\/\/www.facebook.com\/islabonitalovefestival\/","https:\/\/x.com\/IslaBonitaLoveF","https:\/\/www.instagram.com\/islabonitalovefest\/","https:\/\/www.youtube.com\/channel\/UCT7DqYugOSkmQ9lWVL9UTJw"],"description":"Sociedad de Promoci\u00f3n y Desarrollo econ\u00f3mico y Social de La Palma, empresa p\u00fablica dependiente del Cabildo de La Palma","email":"info@sodepal.es","telephone":"922417323","legalName":"Sociedad de Promoci\u00f3n y Desarrollo Econ\u00f3mico de la isla de La Palma S.A.U.","publishingPrinciples":"https:\/\/www.islabonitalovefestival.es\/aviso-legal\/","ownershipFundingInfo":"https:\/\/www.islabonitalovefestival.es\/aviso-legal\/","actionableFeedbackPolicy":"https:\/\/www.islabonitalovefestival.es\/aviso-legal\/","correctionsPolicy":"https:\/\/www.islabonitalovefestival.es\/aviso-legal\/","ethicsPolicy":"https:\/\/www.islabonitalovefestival.es\/aviso-legal\/","diversityPolicy":"https:\/\/www.islabonitalovefestival.es\/aviso-legal\/","diversityStaffingReport":"https:\/\/www.islabonitalovefestival.es\/aviso-legal\/"},{"@type":"Person","@id":"https:\/\/www.islabonitalovefestival.es\/#\/schema\/person\/e8c1725efa520a7107e2625e272fb763","name":"admin"}]}},"_links":{"self":[{"href":"https:\/\/www.islabonitalovefestival.es\/en\/wp-json\/wp\/v2\/posts\/18833","targetHints":{"allow":["GET"]}}],"collection":[{"href":"https:\/\/www.islabonitalovefestival.es\/en\/wp-json\/wp\/v2\/posts"}],"about":[{"href":"https:\/\/www.islabonitalovefestival.es\/en\/wp-json\/wp\/v2\/types\/post"}],"author":[{"embeddable":true,"href":"https:\/\/www.islabonitalovefestival.es\/en\/wp-json\/wp\/v2\/users\/1"}],"replies":[{"embeddable":true,"href":"https:\/\/www.islabonitalovefestival.es\/en\/wp-json\/wp\/v2\/comments?post=18833"}],"version-history":[{"count":6,"href":"https:\/\/www.islabonitalovefestival.es\/en\/wp-json\/wp\/v2\/posts\/18833\/revisions"}],"predecessor-version":[{"id":18855,"href":"https:\/\/www.islabonitalovefestival.es\/en\/wp-json\/wp\/v2\/posts\/18833\/revisions\/18855"}],"wp:featuredmedia":[{"embeddable":true,"href":"https:\/\/www.islabonitalovefestival.es\/en\/wp-json\/wp\/v2\/media\/18837"}],"wp:attachment":[{"href":"https:\/\/www.islabonitalovefestival.es\/en\/wp-json\/wp\/v2\/media?parent=18833"}],"wp:term":[{"taxonomy":"category","embeddable":true,"href":"https:\/\/www.islabonitalovefestival.es\/en\/wp-json\/wp\/v2\/categories?post=18833"},{"taxonomy":"post_tag","embeddable":true,"href":"https:\/\/www.islabonitalovefestival.es\/en\/wp-json\/wp\/v2\/tags?post=18833"}],"curies":[{"name":"wp","href":"https:\/\/api.w.org\/{rel}","templated":true}]}}