{"id":18939,"date":"2024-07-29T11:51:47","date_gmt":"2024-07-29T10:51:47","guid":{"rendered":"https:\/\/www.islabonitalovefestival.es\/?p=18939"},"modified":"2024-07-31T12:04:30","modified_gmt":"2024-07-31T11:04:30","slug":"monica-cruz-special-guest-of-the-isla-bonita-moda-label-at-the-isla-bonita-love-festival","status":"publish","type":"post","link":"https:\/\/www.islabonitalovefestival.es\/en\/2024\/07\/29\/monica-cruz-special-guest-of-the-isla-bonita-moda-label-at-the-isla-bonita-love-festival\/","title":{"rendered":"M\u00f3nica Cruz, special guest of the Isla Bonita Moda label at the Isla Bonita Love Festival"},"content":{"rendered":"\t\t<div data-elementor-type=\"wp-post\" data-elementor-id=\"18939\" class=\"elementor elementor-18939\" data-elementor-post-type=\"post\">\n\t\t\t\t\t\t<section data-particle_enable=\"false\" data-particle-mobile-disabled=\"false\" class=\"elementor-section elementor-top-section elementor-element elementor-element-5d4592ee elementor-section-boxed elementor-section-height-default elementor-section-height-default\" data-id=\"5d4592ee\" data-element_type=\"section\" data-e-type=\"section\">\n\t\t\t\t\t\t<div class=\"elementor-container elementor-column-gap-default\">\n\t\t\t\t\t<div class=\"elementor-column elementor-col-100 elementor-top-column elementor-element elementor-element-329aa00\" data-id=\"329aa00\" data-element_type=\"column\" data-e-type=\"column\">\n\t\t\t<div class=\"elementor-widget-wrap elementor-element-populated\">\n\t\t\t\t\t\t<div class=\"elementor-element elementor-element-cf78c36 elementor-widget elementor-widget-text-editor\" data-id=\"cf78c36\" data-element_type=\"widget\" data-e-type=\"widget\" data-widget_type=\"text-editor.default\">\n\t\t\t\t<div class=\"elementor-widget-container\">\n\t\t\t\t\t\t\t\t\t<h4>The Isla Bonita Moda label joins the celebration of the Isla Bonita Love Festival through a triple action that highlights and promotes the work of the creators that make up its family of brands.<\/h4><p>As part of the Isla Bonita Love Festival agenda, last Friday 26th July, a total of eight firms belonging to the Isla Bonita Moda programme, promoted by the Island Council of La Palma through Sodepal, took part in the Gastro &amp; Love event held in the Plaza de Espa\u00f1a in Los Llanos de Aridane, taking part in a commercial action that brought the work of the designers to all those attending, many of whom created special capsules and pieces for the occasion inspired by diversity and free love. La Palma Artesan\u00eda also participated in the event.<\/p><p>In addition, in order to reinforce the visibility, positioning and reach of the brands that make up the label, Isla Bonita Moda coordinated the special delivery of exclusive pieces from all the brands of the label and artisans of La Palma Artesan\u00eda, created in a unique, customised and personalised way for international artists such as Ricky Martin, Martin Garrix, Chanel Terrero, Ptazeta, St. Pedro and Orribo, who performed on the main stage of the Isla Bonita Love Festival on the evening of Saturday 27th July. Some of them did not hesitate to wear many of these pieces on stage.<\/p><p>Finally, and as a grand finale to Isla Bonita Moda&#8217;s participation in the Isla Bonita Love Festival, the quality guarantee seal of quality counted on the well-known actress and dancer M\u00f3nica Cruz as an exceptional guest, who was able to enjoy the different concerts dressed for the occasion by the Palma designer Waleska Mor\u00edn, and wearing jewellery by the firm Atelier El Tesoro on her first visit to the island of La Palma. Both firms belong to the Isla Bonita Moda collective.<\/p><p>In the words of Miriam Perestelo &#8211; CEO of Sodepal &#8211; this triple commitment not only reinforces local trade and helps the firms to boost their presence in the island market, but also focuses on strengthening their positioning on the island by highlighting the value of our talents, bringing their work to profiles of worldwide renown who will undoubtedly take away from their visit to the island of La Palma a little piece of our most effervescent creativity in the fields of fashion and craftsmanship, which now go hand in hand more than ever\u2019.<\/p>\t\t\t\t\t\t\t\t<\/div>\n\t\t\t\t<\/div>\n\t\t\t\t<div class=\"elementor-element elementor-element-aa1ca52 elementor-widget elementor-widget-image-gallery\" data-id=\"aa1ca52\" data-element_type=\"widget\" data-e-type=\"widget\" data-widget_type=\"image-gallery.default\">\n\t\t\t\t<div class=\"elementor-widget-container\">\n\t\t\t\t\t\t\t<div class=\"elementor-image-gallery\">\n\t\t\t\n<a data-elementor-open-lightbox=\"yes\" data-elementor-lightbox-slideshow=\"aa1ca52\" data-elementor-lightbox-title=\"monica_cruz3\" data-e-action-hash=\"#elementor-action%3Aaction%3Dlightbox%26settings%3DeyJpZCI6MTg5NTEsInVybCI6Imh0dHBzOlwvXC93d3cuaXNsYWJvbml0YWxvdmVmZXN0aXZhbC5lc1wvd3AtY29udGVudFwvdXBsb2Fkc1wvMjAyNFwvMDdcL21vbmljYV9jcnV6My5qcGciLCJzbGlkZXNob3ciOiJhYTFjYTUyIn0%3D\" href='https:\/\/www.islabonitalovefestival.es\/wp-content\/uploads\/2024\/07\/monica_cruz3.jpg'><img fetchpriority=\"high\" decoding=\"async\" width=\"169\" height=\"300\" src=\"https:\/\/www.islabonitalovefestival.es\/wp-content\/uploads\/2024\/07\/monica_cruz3-169x300.jpg\" class=\"attachment-medium size-medium\" alt=\"\" srcset=\"https:\/\/www.islabonitalovefestival.es\/wp-content\/uploads\/2024\/07\/monica_cruz3-169x300.jpg 169w, https:\/\/www.islabonitalovefestival.es\/wp-content\/uploads\/2024\/07\/monica_cruz3-576x1024.jpg 576w, https:\/\/www.islabonitalovefestival.es\/wp-content\/uploads\/2024\/07\/monica_cruz3.jpg 720w\" sizes=\"(max-width: 169px) 100vw, 169px\" \/><\/a>\n<a data-elementor-open-lightbox=\"yes\" data-elementor-lightbox-slideshow=\"aa1ca52\" data-elementor-lightbox-title=\"monica_cruz2\" data-e-action-hash=\"#elementor-action%3Aaction%3Dlightbox%26settings%3DeyJpZCI6MTg5NDgsInVybCI6Imh0dHBzOlwvXC93d3cuaXNsYWJvbml0YWxvdmVmZXN0aXZhbC5lc1wvd3AtY29udGVudFwvdXBsb2Fkc1wvMjAyNFwvMDdcL21vbmljYV9jcnV6Mi5qcGciLCJzbGlkZXNob3ciOiJhYTFjYTUyIn0%3D\" href='https:\/\/www.islabonitalovefestival.es\/wp-content\/uploads\/2024\/07\/monica_cruz2.jpg'><img decoding=\"async\" width=\"225\" height=\"300\" src=\"https:\/\/www.islabonitalovefestival.es\/wp-content\/uploads\/2024\/07\/monica_cruz2-225x300.jpg\" class=\"attachment-medium size-medium\" alt=\"\" srcset=\"https:\/\/www.islabonitalovefestival.es\/wp-content\/uploads\/2024\/07\/monica_cruz2-225x300.jpg 225w, https:\/\/www.islabonitalovefestival.es\/wp-content\/uploads\/2024\/07\/monica_cruz2-768x1024.jpg 768w, https:\/\/www.islabonitalovefestival.es\/wp-content\/uploads\/2024\/07\/monica_cruz2.jpg 960w\" sizes=\"(max-width: 225px) 100vw, 225px\" \/><\/a>\n<a data-elementor-open-lightbox=\"yes\" data-elementor-lightbox-slideshow=\"aa1ca52\" data-elementor-lightbox-title=\"monica_cruz4\" data-e-action-hash=\"#elementor-action%3Aaction%3Dlightbox%26settings%3DeyJpZCI6MTg5NDIsInVybCI6Imh0dHBzOlwvXC93d3cuaXNsYWJvbml0YWxvdmVmZXN0aXZhbC5lc1wvd3AtY29udGVudFwvdXBsb2Fkc1wvMjAyNFwvMDdcL21vbmljYV9jcnV6NC5qcGciLCJzbGlkZXNob3ciOiJhYTFjYTUyIn0%3D\" href='https:\/\/www.islabonitalovefestival.es\/wp-content\/uploads\/2024\/07\/monica_cruz4.jpg'><img decoding=\"async\" width=\"185\" height=\"300\" src=\"https:\/\/www.islabonitalovefestival.es\/wp-content\/uploads\/2024\/07\/monica_cruz4-185x300.jpg\" class=\"attachment-medium size-medium\" alt=\"\" srcset=\"https:\/\/www.islabonitalovefestival.es\/wp-content\/uploads\/2024\/07\/monica_cruz4-185x300.jpg 185w, https:\/\/www.islabonitalovefestival.es\/wp-content\/uploads\/2024\/07\/monica_cruz4-632x1024.jpg 632w, https:\/\/www.islabonitalovefestival.es\/wp-content\/uploads\/2024\/07\/monica_cruz4-768x1244.jpg 768w, https:\/\/www.islabonitalovefestival.es\/wp-content\/uploads\/2024\/07\/monica_cruz4.jpg 790w\" sizes=\"(max-width: 185px) 100vw, 185px\" \/><\/a>\n\t\t<\/div>\n\t\t\t\t\t\t<\/div>\n\t\t\t\t<\/div>\n\t\t\t\t\t<\/div>\n\t\t<\/div>\n\t\t\t\t\t<\/div>\n\t\t<\/section>\n\t\t\t\t<\/div>\n\t\t","protected":false},"excerpt":{"rendered":"<p>The Isla Bonita Moda label joins the celebration of the Isla Bonita Love Festival through a triple action that highlights and promotes the work of the creators that make up its family of brands. As part of the Isla Bonita Love Festival agenda, last Friday 26th July, a total of eight firms belonging to the &#8230; <a title=\"M\u00f3nica Cruz, special guest of the Isla Bonita Moda label at the Isla Bonita Love Festival\" class=\"read-more\" href=\"https:\/\/www.islabonitalovefestival.es\/en\/2024\/07\/29\/monica-cruz-special-guest-of-the-isla-bonita-moda-label-at-the-isla-bonita-love-festival\/\" aria-label=\"Read more about M\u00f3nica Cruz, special guest of the Isla Bonita Moda label at the Isla Bonita Love Festival\">Read more<\/a><\/p>\n","protected":false},"author":1,"featured_media":18945,"comment_status":"closed","ping_status":"closed","sticky":false,"template":"","format":"standard","meta":{"footnotes":""},"categories":[233],"tags":[],"class_list":["post-18939","post","type-post","status-publish","format-standard","has-post-thumbnail","hentry","category-news-en"],"yoast_head":"<!-- This site is optimized with the Yoast SEO Premium plugin v22.0 (Yoast SEO v27.0) - https:\/\/yoast.com\/product\/yoast-seo-premium-wordpress\/ -->\n<title>M\u00f3nica Cruz, special guest of the Isla Bonita Moda label at the Isla Bonita Love Festival - Isla Bonita Love Festival<\/title>\n<meta name=\"robots\" content=\"noindex, follow\" \/>\n<meta property=\"og:locale\" content=\"en_US\" \/>\n<meta property=\"og:type\" content=\"article\" \/>\n<meta property=\"og:title\" content=\"M\u00f3nica Cruz, special guest of the Isla Bonita Moda label at the Isla Bonita Love Festival\" \/>\n<meta property=\"og:description\" content=\"The Isla Bonita Moda label joins the celebration of the Isla Bonita Love Festival through a triple action that highlights and promotes the work of the creators that make up its family of brands. As part of the Isla Bonita Love Festival agenda, last Friday 26th July, a total of eight firms belonging to the ... Read more\" \/>\n<meta property=\"og:url\" content=\"https:\/\/www.islabonitalovefestival.es\/en\/2024\/07\/29\/monica-cruz-special-guest-of-the-isla-bonita-moda-label-at-the-isla-bonita-love-festival\/\" \/>\n<meta property=\"og:site_name\" content=\"Isla Bonita Love Festival\" \/>\n<meta property=\"article:publisher\" content=\"https:\/\/www.facebook.com\/islabonitalovefestival\/\" \/>\n<meta property=\"article:published_time\" content=\"2024-07-29T10:51:47+00:00\" \/>\n<meta property=\"article:modified_time\" content=\"2024-07-31T11:04:30+00:00\" \/>\n<meta property=\"og:image\" content=\"https:\/\/www.islabonitalovefestival.es\/wp-content\/uploads\/2024\/07\/monica_cruz.jpg\" \/>\n\t<meta property=\"og:image:width\" content=\"853\" \/>\n\t<meta property=\"og:image:height\" content=\"1280\" \/>\n\t<meta property=\"og:image:type\" content=\"image\/jpeg\" \/>\n<meta name=\"author\" content=\"admin\" \/>\n<meta name=\"twitter:card\" content=\"summary_large_image\" \/>\n<meta name=\"twitter:creator\" content=\"@IslaBonitaLoveF\" \/>\n<meta name=\"twitter:site\" content=\"@IslaBonitaLoveF\" \/>\n<script type=\"application\/ld+json\" class=\"yoast-schema-graph\">{\"@context\":\"https:\/\/schema.org\",\"@graph\":[{\"@type\":\"Article\",\"@id\":\"https:\/\/www.islabonitalovefestival.es\/en\/2024\/07\/29\/monica-cruz-special-guest-of-the-isla-bonita-moda-label-at-the-isla-bonita-love-festival\/#article\",\"isPartOf\":{\"@id\":\"https:\/\/www.islabonitalovefestival.es\/en\/2024\/07\/29\/monica-cruz-special-guest-of-the-isla-bonita-moda-label-at-the-isla-bonita-love-festival\/\"},\"author\":{\"name\":\"admin\",\"@id\":\"https:\/\/www.islabonitalovefestival.es\/#\/schema\/person\/e8c1725efa520a7107e2625e272fb763\"},\"headline\":\"M\u00f3nica Cruz, special guest of the Isla Bonita Moda label at the Isla Bonita Love Festival\",\"datePublished\":\"2024-07-29T10:51:47+00:00\",\"dateModified\":\"2024-07-31T11:04:30+00:00\",\"mainEntityOfPage\":{\"@id\":\"https:\/\/www.islabonitalovefestival.es\/en\/2024\/07\/29\/monica-cruz-special-guest-of-the-isla-bonita-moda-label-at-the-isla-bonita-love-festival\/\"},\"wordCount\":428,\"publisher\":{\"@id\":\"https:\/\/www.islabonitalovefestival.es\/#organization\"},\"image\":{\"@id\":\"https:\/\/www.islabonitalovefestival.es\/en\/2024\/07\/29\/monica-cruz-special-guest-of-the-isla-bonita-moda-label-at-the-isla-bonita-love-festival\/#primaryimage\"},\"thumbnailUrl\":\"https:\/\/www.islabonitalovefestival.es\/wp-content\/uploads\/2024\/07\/monica_cruz.jpg\",\"articleSection\":[\"News\"],\"inLanguage\":\"en-US\"},{\"@type\":\"WebPage\",\"@id\":\"https:\/\/www.islabonitalovefestival.es\/en\/2024\/07\/29\/monica-cruz-special-guest-of-the-isla-bonita-moda-label-at-the-isla-bonita-love-festival\/\",\"url\":\"https:\/\/www.islabonitalovefestival.es\/en\/2024\/07\/29\/monica-cruz-special-guest-of-the-isla-bonita-moda-label-at-the-isla-bonita-love-festival\/\",\"name\":\"M\u00f3nica Cruz, special guest of the Isla Bonita Moda label at the Isla Bonita Love Festival - Isla Bonita Love Festival\",\"isPartOf\":{\"@id\":\"https:\/\/www.islabonitalovefestival.es\/#website\"},\"primaryImageOfPage\":{\"@id\":\"https:\/\/www.islabonitalovefestival.es\/en\/2024\/07\/29\/monica-cruz-special-guest-of-the-isla-bonita-moda-label-at-the-isla-bonita-love-festival\/#primaryimage\"},\"image\":{\"@id\":\"https:\/\/www.islabonitalovefestival.es\/en\/2024\/07\/29\/monica-cruz-special-guest-of-the-isla-bonita-moda-label-at-the-isla-bonita-love-festival\/#primaryimage\"},\"thumbnailUrl\":\"https:\/\/www.islabonitalovefestival.es\/wp-content\/uploads\/2024\/07\/monica_cruz.jpg\",\"datePublished\":\"2024-07-29T10:51:47+00:00\",\"dateModified\":\"2024-07-31T11:04:30+00:00\",\"breadcrumb\":{\"@id\":\"https:\/\/www.islabonitalovefestival.es\/en\/2024\/07\/29\/monica-cruz-special-guest-of-the-isla-bonita-moda-label-at-the-isla-bonita-love-festival\/#breadcrumb\"},\"inLanguage\":\"en-US\",\"potentialAction\":[{\"@type\":\"ReadAction\",\"target\":[\"https:\/\/www.islabonitalovefestival.es\/en\/2024\/07\/29\/monica-cruz-special-guest-of-the-isla-bonita-moda-label-at-the-isla-bonita-love-festival\/\"]}]},{\"@type\":\"ImageObject\",\"inLanguage\":\"en-US\",\"@id\":\"https:\/\/www.islabonitalovefestival.es\/en\/2024\/07\/29\/monica-cruz-special-guest-of-the-isla-bonita-moda-label-at-the-isla-bonita-love-festival\/#primaryimage\",\"url\":\"https:\/\/www.islabonitalovefestival.es\/wp-content\/uploads\/2024\/07\/monica_cruz.jpg\",\"contentUrl\":\"https:\/\/www.islabonitalovefestival.es\/wp-content\/uploads\/2024\/07\/monica_cruz.jpg\",\"width\":853,\"height\":1280},{\"@type\":\"BreadcrumbList\",\"@id\":\"https:\/\/www.islabonitalovefestival.es\/en\/2024\/07\/29\/monica-cruz-special-guest-of-the-isla-bonita-moda-label-at-the-isla-bonita-love-festival\/#breadcrumb\",\"itemListElement\":[{\"@type\":\"ListItem\",\"position\":1,\"name\":\"Portada\",\"item\":\"https:\/\/www.islabonitalovefestival.es\/en\/\"},{\"@type\":\"ListItem\",\"position\":2,\"name\":\"M\u00f3nica Cruz, special guest of the Isla Bonita Moda label at the Isla Bonita Love Festival\"}]},{\"@type\":\"WebSite\",\"@id\":\"https:\/\/www.islabonitalovefestival.es\/#website\",\"url\":\"https:\/\/www.islabonitalovefestival.es\/\",\"name\":\"Isla Bonita Love Festival 2024\",\"description\":\"Festival de la multiculturalidad que se celebrar\u00e1 del 22 al 28 de julio de 2024 en La Palma\",\"publisher\":{\"@id\":\"https:\/\/www.islabonitalovefestival.es\/#organization\"},\"alternateName\":\"Love Festival 2024\",\"potentialAction\":[{\"@type\":\"SearchAction\",\"target\":{\"@type\":\"EntryPoint\",\"urlTemplate\":\"https:\/\/www.islabonitalovefestival.es\/?s={search_term_string}\"},\"query-input\":{\"@type\":\"PropertyValueSpecification\",\"valueRequired\":true,\"valueName\":\"search_term_string\"}}],\"inLanguage\":\"en-US\"},{\"@type\":\"Organization\",\"@id\":\"https:\/\/www.islabonitalovefestival.es\/#organization\",\"name\":\"Isla Bonita Love Festival La Palma 2024\",\"alternateName\":\"Love Festival\",\"url\":\"https:\/\/www.islabonitalovefestival.es\/\",\"logo\":{\"@type\":\"ImageObject\",\"inLanguage\":\"en-US\",\"@id\":\"https:\/\/www.islabonitalovefestival.es\/#\/schema\/logo\/image\/\",\"url\":\"https:\/\/www.islabonitalovefestival.es\/wp-content\/uploads\/2024\/03\/LF24_entrada.png\",\"contentUrl\":\"https:\/\/www.islabonitalovefestival.es\/wp-content\/uploads\/2024\/03\/LF24_entrada.png\",\"width\":800,\"height\":800,\"caption\":\"Isla Bonita Love Festival La Palma 2024\"},\"image\":{\"@id\":\"https:\/\/www.islabonitalovefestival.es\/#\/schema\/logo\/image\/\"},\"sameAs\":[\"https:\/\/www.facebook.com\/islabonitalovefestival\/\",\"https:\/\/x.com\/IslaBonitaLoveF\",\"https:\/\/www.instagram.com\/islabonitalovefest\/\",\"https:\/\/www.youtube.com\/channel\/UCT7DqYugOSkmQ9lWVL9UTJw\"],\"description\":\"Sociedad de Promoci\u00f3n y Desarrollo econ\u00f3mico y Social de La Palma, empresa p\u00fablica dependiente del Cabildo de La Palma\",\"email\":\"info@sodepal.es\",\"telephone\":\"922417323\",\"legalName\":\"Sociedad de Promoci\u00f3n y Desarrollo Econ\u00f3mico de la isla de La Palma S.A.U.\",\"publishingPrinciples\":\"https:\/\/www.islabonitalovefestival.es\/aviso-legal\/\",\"ownershipFundingInfo\":\"https:\/\/www.islabonitalovefestival.es\/aviso-legal\/\",\"actionableFeedbackPolicy\":\"https:\/\/www.islabonitalovefestival.es\/aviso-legal\/\",\"correctionsPolicy\":\"https:\/\/www.islabonitalovefestival.es\/aviso-legal\/\",\"ethicsPolicy\":\"https:\/\/www.islabonitalovefestival.es\/aviso-legal\/\",\"diversityPolicy\":\"https:\/\/www.islabonitalovefestival.es\/aviso-legal\/\",\"diversityStaffingReport\":\"https:\/\/www.islabonitalovefestival.es\/aviso-legal\/\"},{\"@type\":\"Person\",\"@id\":\"https:\/\/www.islabonitalovefestival.es\/#\/schema\/person\/e8c1725efa520a7107e2625e272fb763\",\"name\":\"admin\"}]}<\/script>\n<!-- \/ Yoast SEO Premium plugin. -->","yoast_head_json":{"title":"M\u00f3nica Cruz, special guest of the Isla Bonita Moda label at the Isla Bonita Love Festival - Isla Bonita Love Festival","robots":{"index":"noindex","follow":"follow"},"og_locale":"en_US","og_type":"article","og_title":"M\u00f3nica Cruz, special guest of the Isla Bonita Moda label at the Isla Bonita Love Festival","og_description":"The Isla Bonita Moda label joins the celebration of the Isla Bonita Love Festival through a triple action that highlights and promotes the work of the creators that make up its family of brands. As part of the Isla Bonita Love Festival agenda, last Friday 26th July, a total of eight firms belonging to the ... Read more","og_url":"https:\/\/www.islabonitalovefestival.es\/en\/2024\/07\/29\/monica-cruz-special-guest-of-the-isla-bonita-moda-label-at-the-isla-bonita-love-festival\/","og_site_name":"Isla Bonita Love Festival","article_publisher":"https:\/\/www.facebook.com\/islabonitalovefestival\/","article_published_time":"2024-07-29T10:51:47+00:00","article_modified_time":"2024-07-31T11:04:30+00:00","og_image":[{"width":853,"height":1280,"url":"https:\/\/www.islabonitalovefestival.es\/wp-content\/uploads\/2024\/07\/monica_cruz.jpg","type":"image\/jpeg"}],"author":"admin","twitter_card":"summary_large_image","twitter_creator":"@IslaBonitaLoveF","twitter_site":"@IslaBonitaLoveF","schema":{"@context":"https:\/\/schema.org","@graph":[{"@type":"Article","@id":"https:\/\/www.islabonitalovefestival.es\/en\/2024\/07\/29\/monica-cruz-special-guest-of-the-isla-bonita-moda-label-at-the-isla-bonita-love-festival\/#article","isPartOf":{"@id":"https:\/\/www.islabonitalovefestival.es\/en\/2024\/07\/29\/monica-cruz-special-guest-of-the-isla-bonita-moda-label-at-the-isla-bonita-love-festival\/"},"author":{"name":"admin","@id":"https:\/\/www.islabonitalovefestival.es\/#\/schema\/person\/e8c1725efa520a7107e2625e272fb763"},"headline":"M\u00f3nica Cruz, special guest of the Isla Bonita Moda label at the Isla Bonita Love Festival","datePublished":"2024-07-29T10:51:47+00:00","dateModified":"2024-07-31T11:04:30+00:00","mainEntityOfPage":{"@id":"https:\/\/www.islabonitalovefestival.es\/en\/2024\/07\/29\/monica-cruz-special-guest-of-the-isla-bonita-moda-label-at-the-isla-bonita-love-festival\/"},"wordCount":428,"publisher":{"@id":"https:\/\/www.islabonitalovefestival.es\/#organization"},"image":{"@id":"https:\/\/www.islabonitalovefestival.es\/en\/2024\/07\/29\/monica-cruz-special-guest-of-the-isla-bonita-moda-label-at-the-isla-bonita-love-festival\/#primaryimage"},"thumbnailUrl":"https:\/\/www.islabonitalovefestival.es\/wp-content\/uploads\/2024\/07\/monica_cruz.jpg","articleSection":["News"],"inLanguage":"en-US"},{"@type":"WebPage","@id":"https:\/\/www.islabonitalovefestival.es\/en\/2024\/07\/29\/monica-cruz-special-guest-of-the-isla-bonita-moda-label-at-the-isla-bonita-love-festival\/","url":"https:\/\/www.islabonitalovefestival.es\/en\/2024\/07\/29\/monica-cruz-special-guest-of-the-isla-bonita-moda-label-at-the-isla-bonita-love-festival\/","name":"M\u00f3nica Cruz, special guest of the Isla Bonita Moda label at the Isla Bonita Love Festival - Isla Bonita Love Festival","isPartOf":{"@id":"https:\/\/www.islabonitalovefestival.es\/#website"},"primaryImageOfPage":{"@id":"https:\/\/www.islabonitalovefestival.es\/en\/2024\/07\/29\/monica-cruz-special-guest-of-the-isla-bonita-moda-label-at-the-isla-bonita-love-festival\/#primaryimage"},"image":{"@id":"https:\/\/www.islabonitalovefestival.es\/en\/2024\/07\/29\/monica-cruz-special-guest-of-the-isla-bonita-moda-label-at-the-isla-bonita-love-festival\/#primaryimage"},"thumbnailUrl":"https:\/\/www.islabonitalovefestival.es\/wp-content\/uploads\/2024\/07\/monica_cruz.jpg","datePublished":"2024-07-29T10:51:47+00:00","dateModified":"2024-07-31T11:04:30+00:00","breadcrumb":{"@id":"https:\/\/www.islabonitalovefestival.es\/en\/2024\/07\/29\/monica-cruz-special-guest-of-the-isla-bonita-moda-label-at-the-isla-bonita-love-festival\/#breadcrumb"},"inLanguage":"en-US","potentialAction":[{"@type":"ReadAction","target":["https:\/\/www.islabonitalovefestival.es\/en\/2024\/07\/29\/monica-cruz-special-guest-of-the-isla-bonita-moda-label-at-the-isla-bonita-love-festival\/"]}]},{"@type":"ImageObject","inLanguage":"en-US","@id":"https:\/\/www.islabonitalovefestival.es\/en\/2024\/07\/29\/monica-cruz-special-guest-of-the-isla-bonita-moda-label-at-the-isla-bonita-love-festival\/#primaryimage","url":"https:\/\/www.islabonitalovefestival.es\/wp-content\/uploads\/2024\/07\/monica_cruz.jpg","contentUrl":"https:\/\/www.islabonitalovefestival.es\/wp-content\/uploads\/2024\/07\/monica_cruz.jpg","width":853,"height":1280},{"@type":"BreadcrumbList","@id":"https:\/\/www.islabonitalovefestival.es\/en\/2024\/07\/29\/monica-cruz-special-guest-of-the-isla-bonita-moda-label-at-the-isla-bonita-love-festival\/#breadcrumb","itemListElement":[{"@type":"ListItem","position":1,"name":"Portada","item":"https:\/\/www.islabonitalovefestival.es\/en\/"},{"@type":"ListItem","position":2,"name":"M\u00f3nica Cruz, special guest of the Isla Bonita Moda label at the Isla Bonita Love Festival"}]},{"@type":"WebSite","@id":"https:\/\/www.islabonitalovefestival.es\/#website","url":"https:\/\/www.islabonitalovefestival.es\/","name":"Isla Bonita Love Festival 2024","description":"Festival de la multiculturalidad que se celebrar\u00e1 del 22 al 28 de julio de 2024 en La Palma","publisher":{"@id":"https:\/\/www.islabonitalovefestival.es\/#organization"},"alternateName":"Love Festival 2024","potentialAction":[{"@type":"SearchAction","target":{"@type":"EntryPoint","urlTemplate":"https:\/\/www.islabonitalovefestival.es\/?s={search_term_string}"},"query-input":{"@type":"PropertyValueSpecification","valueRequired":true,"valueName":"search_term_string"}}],"inLanguage":"en-US"},{"@type":"Organization","@id":"https:\/\/www.islabonitalovefestival.es\/#organization","name":"Isla Bonita Love Festival La Palma 2024","alternateName":"Love Festival","url":"https:\/\/www.islabonitalovefestival.es\/","logo":{"@type":"ImageObject","inLanguage":"en-US","@id":"https:\/\/www.islabonitalovefestival.es\/#\/schema\/logo\/image\/","url":"https:\/\/www.islabonitalovefestival.es\/wp-content\/uploads\/2024\/03\/LF24_entrada.png","contentUrl":"https:\/\/www.islabonitalovefestival.es\/wp-content\/uploads\/2024\/03\/LF24_entrada.png","width":800,"height":800,"caption":"Isla Bonita Love Festival La Palma 2024"},"image":{"@id":"https:\/\/www.islabonitalovefestival.es\/#\/schema\/logo\/image\/"},"sameAs":["https:\/\/www.facebook.com\/islabonitalovefestival\/","https:\/\/x.com\/IslaBonitaLoveF","https:\/\/www.instagram.com\/islabonitalovefest\/","https:\/\/www.youtube.com\/channel\/UCT7DqYugOSkmQ9lWVL9UTJw"],"description":"Sociedad de Promoci\u00f3n y Desarrollo econ\u00f3mico y Social de La Palma, empresa p\u00fablica dependiente del Cabildo de La Palma","email":"info@sodepal.es","telephone":"922417323","legalName":"Sociedad de Promoci\u00f3n y Desarrollo Econ\u00f3mico de la isla de La Palma S.A.U.","publishingPrinciples":"https:\/\/www.islabonitalovefestival.es\/aviso-legal\/","ownershipFundingInfo":"https:\/\/www.islabonitalovefestival.es\/aviso-legal\/","actionableFeedbackPolicy":"https:\/\/www.islabonitalovefestival.es\/aviso-legal\/","correctionsPolicy":"https:\/\/www.islabonitalovefestival.es\/aviso-legal\/","ethicsPolicy":"https:\/\/www.islabonitalovefestival.es\/aviso-legal\/","diversityPolicy":"https:\/\/www.islabonitalovefestival.es\/aviso-legal\/","diversityStaffingReport":"https:\/\/www.islabonitalovefestival.es\/aviso-legal\/"},{"@type":"Person","@id":"https:\/\/www.islabonitalovefestival.es\/#\/schema\/person\/e8c1725efa520a7107e2625e272fb763","name":"admin"}]}},"_links":{"self":[{"href":"https:\/\/www.islabonitalovefestival.es\/en\/wp-json\/wp\/v2\/posts\/18939","targetHints":{"allow":["GET"]}}],"collection":[{"href":"https:\/\/www.islabonitalovefestival.es\/en\/wp-json\/wp\/v2\/posts"}],"about":[{"href":"https:\/\/www.islabonitalovefestival.es\/en\/wp-json\/wp\/v2\/types\/post"}],"author":[{"embeddable":true,"href":"https:\/\/www.islabonitalovefestival.es\/en\/wp-json\/wp\/v2\/users\/1"}],"replies":[{"embeddable":true,"href":"https:\/\/www.islabonitalovefestival.es\/en\/wp-json\/wp\/v2\/comments?post=18939"}],"version-history":[{"count":18,"href":"https:\/\/www.islabonitalovefestival.es\/en\/wp-json\/wp\/v2\/posts\/18939\/revisions"}],"predecessor-version":[{"id":18976,"href":"https:\/\/www.islabonitalovefestival.es\/en\/wp-json\/wp\/v2\/posts\/18939\/revisions\/18976"}],"wp:featuredmedia":[{"embeddable":true,"href":"https:\/\/www.islabonitalovefestival.es\/en\/wp-json\/wp\/v2\/media\/18945"}],"wp:attachment":[{"href":"https:\/\/www.islabonitalovefestival.es\/en\/wp-json\/wp\/v2\/media?parent=18939"}],"wp:term":[{"taxonomy":"category","embeddable":true,"href":"https:\/\/www.islabonitalovefestival.es\/en\/wp-json\/wp\/v2\/categories?post=18939"},{"taxonomy":"post_tag","embeddable":true,"href":"https:\/\/www.islabonitalovefestival.es\/en\/wp-json\/wp\/v2\/tags?post=18939"}],"curies":[{"name":"wp","href":"https:\/\/api.w.org\/{rel}","templated":true}]}}